{"id":15160,"date":"2026-05-02T11:19:59","date_gmt":"2026-05-02T07:49:59","guid":{"rendered":"https:\/\/fajr.news\/?p=15160"},"modified":"2026-05-02T11:19:59","modified_gmt":"2026-05-02T07:49:59","slug":"trump-iranin-son-teklifinden-memnun-olmadigini-soyledi","status":"publish","type":"post","link":"https:\/\/fajr.news\/?p=15160&lang=tr","title":{"rendered":"Trump, \u0130ran&#8217;\u0131n Son Teklifinden Memnun Olmad\u0131\u011f\u0131n\u0131 S\u00f6yledi"},"content":{"rendered":"<p>ABD Ba\u015fkan\u0131 Donald Trump, \u0130ran&#8217;\u0131n sava\u015f\u0131 sona erdirmeye y\u00f6nelik sundu\u011fu son tekliften memnun olmad\u0131\u011f\u0131n\u0131 dile getirerek, \u0130ranl\u0131 yetkililerin bir anla\u015fmaya varma yetene\u011fi konusunda \u015f\u00fcphelerini ifade etti. Trump, Kongre onay\u0131 olmadan g\u00fc\u00e7 kullan\u0131m\u0131n\u0131 s\u0131n\u0131rlayan yasay\u0131 &#8220;tamamen anayasaya ayk\u0131r\u0131&#8221; olarak nitelendirdi ve \u0130ran ile sava\u015f\u0131 s\u00fcrd\u00fcrmek i\u00e7in Kongre&#8217;den resmi izin almayaca\u011f\u0131n\u0131n sinyalini verdi. Se\u00e7eneklerinin b\u00fcy\u00fck bir askeri t\u0131rman\u0131\u015f ya da bir anla\u015fma yapmak oldu\u011funu belirten Trump, &#8220;Se\u00e7enekler var. Gidip cehennemi onlara ya\u015fat\u0131p sonsuza dek bitirmek mi istiyoruz? Yoksa bir anla\u015fma yapmaya m\u0131 \u00e7al\u0131\u015fmak istiyoruz? Se\u00e7enekler bunlar,&#8221; dedi.<\/p>\n<p>\u0130ran, m\u00fczakerelere y\u00f6nelik son teklifini Pakistanl\u0131 arabulucular arac\u0131l\u0131\u011f\u0131yla ABD&#8217;ye iletti. Trump, Tahran&#8217;\u0131n m\u00fczakerelerde &#8220;ilerleme kaydetti\u011fini&#8221; belirtse de, g\u00fcncellenmi\u015f \u0130ran teklifinin i\u00e7eri\u011fi hen\u00fcz netlik kazanmad\u0131. \u00d6te yandan, Washington Post\/ABC News\/Ipsos anketine g\u00f6re Amerikal\u0131lar\u0131n %61&#8217;i ABD&#8217;nin \u0130ran&#8217;a kar\u015f\u0131 askeri g\u00fc\u00e7 kullanmas\u0131n\u0131n bir hata oldu\u011funu d\u00fc\u015f\u00fcn\u00fcyor. Kamuoyunda bir bar\u0131\u015f anla\u015fmas\u0131 yap\u0131lmas\u0131 (%48) ile daha iyi bir anla\u015fma i\u00e7in bask\u0131 yap\u0131lmas\u0131 (%46) aras\u0131nda b\u00f6l\u00fcnm\u00fc\u015f g\u00f6r\u00fc\u015fler hakim.<\/p>\n<p>\u0130ran devlet medyas\u0131, Y\u00fcksek Lider Mojtaba Hamenei&#8217;ye atfedilen yeni bir a\u00e7\u0131klama yay\u0131nlad\u0131. Hamenei, \u0130ran&#8217;\u0131n \u0130\u015f\u00e7i ve \u00d6\u011fretmenler G\u00fcn\u00fc&#8217;n\u00fc kutlayarak, halk\u0131 yerli \u00fcr\u00fcnler sat\u0131n alarak i\u015f\u00e7ileri desteklemeye ve i\u015fverenleri m\u00fcmk\u00fcnse i\u015ften \u00e7\u0131karmalardan ka\u00e7\u0131nmaya \u00e7a\u011f\u0131rd\u0131. A\u00e7\u0131klamada, \u0130ran&#8217;\u0131n &#8220;y\u0131llar s\u00fcren \u00e7abalar\u0131n ard\u0131ndan askeri bir g\u00fc\u00e7 olarak ortaya \u00e7\u0131kt\u0131\u011f\u0131&#8221; ve \u00f6\u011fretmenlerin &#8220;\u0130ran-\u0130slam kimli\u011fini gen\u00e7lerin zihinlerine ve ruhlar\u0131na i\u015flemeleri&#8221; gerekti\u011fi vurguland\u0131. Bu arada, \u0130ranl\u0131 Nobel Bar\u0131\u015f \u00d6d\u00fcl\u00fc sahibi Nergis Muhammedi&#8217;nin &#8220;sa\u011fl\u0131\u011f\u0131nda felaket bir bozulma&#8221; ya\u015fanmas\u0131n\u0131n ard\u0131ndan cezaevinden hastaneye sevk edildi\u011fi a\u00e7\u0131kland\u0131. Muhammedi&#8217;nin ailesi, acil t\u0131bbi bak\u0131m i\u00e7in haftalarca \u00e7a\u011fr\u0131da bulunmu\u015ftu.<\/p>\n<p>Geni\u015fletilmi\u015f ate\u015fkese ra\u011fmen, \u0130srail&#8217;in d\u00fcn ve bug\u00fcn G\u00fcney L\u00fcbnan&#8217;a d\u00fczenledi\u011fi sald\u0131r\u0131larda bir d\u00fczineden fazla ki\u015fi hayat\u0131n\u0131 kaybetti. L\u00fcbnan Sa\u011fl\u0131k Bakanl\u0131\u011f\u0131, Habbouch kasabas\u0131na d\u00fczenlenen sald\u0131r\u0131larda bir kad\u0131n ve bir \u00e7ocuk da dahil olmak \u00fczere alt\u0131 ki\u015finin daha \u00f6ld\u00fc\u011f\u00fcn\u00fc bildirdi. \u0130srail ordusu sald\u0131r\u0131lar\u0131 do\u011frularken, sald\u0131r\u0131 \u00f6ncesinde kasaba i\u00e7in tahliye emri verildi\u011fini belirtti.<\/p>\n<p>CNN&#8217;in ge\u00e7en ayki raporuna g\u00f6re, ABD ordusu \u0130ran ile sava\u015f s\u0131ras\u0131nda \u00f6nemli f\u00fczelerin stoklar\u0131n\u0131 ciddi \u015fekilde t\u00fcketmi\u015f ve gelecekteki bir \u00e7at\u0131\u015fmada m\u00fchimmat\u0131n t\u00fckenmesi &#8220;yak\u0131n vadeli bir risk&#8221; olu\u015fturmu\u015ftur. Trump ise ABD&#8217;nin d\u00fcnya genelinde &#8220;muazzam miktarda envantere&#8221; sahip oldu\u011funu iddia ederek, eski Ba\u015fkan Joe Biden&#8217;\u0131 Ukrayna&#8217;ya ABD silahlar\u0131 sa\u011flamas\u0131 nedeniyle ele\u015ftirdi. Trump ayr\u0131ca, \u0130ran&#8217;daki protestoculara silah sa\u011flamas\u0131 beklenen K\u00fcrt gruplar\u0131ndan &#8220;memnun olmad\u0131\u011f\u0131n\u0131&#8221; dile getirdi ve &#8220;K\u00fcrtler silahlar\u0131 teslim etmedi&#8221; dedi. K\u00fcrt gruplar\u0131 ise bu iddialar\u0131 reddetti.<\/p>\n<p>ABD&#8217;de benzin fiyatlar\u0131 ortalama 4,39 dolara y\u00fckselerek Temmuz 2022&#8217;den bu yana en y\u00fcksek seviyesine ula\u015ft\u0131. Bu, sadece ge\u00e7en hafta 33 sentlik bir art\u0131\u015f anlam\u0131na geliyor. Anketler, Amerikal\u0131lar\u0131n %44&#8217;\u00fcn\u00fcn araba kullanmay\u0131 azaltt\u0131\u011f\u0131n\u0131, %42&#8217;sinin hane halk\u0131 harcamalar\u0131n\u0131 k\u0131st\u0131\u011f\u0131n\u0131 ve %34&#8217;\u00fcn\u00fcn seyahat planlar\u0131n\u0131 de\u011fi\u015ftirdi\u011fini g\u00f6steriyor.<\/p>\n<p>#Trump #\u0130ran #ABD #Sava\u015fYetkileri #L\u00fcbnan #\u0130srailSald\u0131r\u0131lar\u0131 #NergisMuhammedi #MojtabaHamenei #BenzinFiyatlar\u0131 #Diplomasi<\/p>\n","protected":false},"excerpt":{"rendered":"<p>ABD Ba\u015fkan\u0131 Donald Trump, \u0130ran&#8217;\u0131n sava\u015f\u0131 sona erdirmeye y\u00f6nelik sundu\u011fu son tekliften memnun olmad\u0131\u011f\u0131n\u0131 dile getirerek, \u0130ranl\u0131 yetkililerin bir anla\u015fmaya varma yetene\u011fi konusunda \u015f\u00fcphelerini ifade etti. Trump, Kongre onay\u0131 olmadan g\u00fc\u00e7 kullan\u0131m\u0131n\u0131 s\u0131n\u0131rlayan yasay\u0131 &#8220;tamamen anayasaya ayk\u0131r\u0131&#8221; olarak nitelendirdi ve \u0130ran ile sava\u015f\u0131 s\u00fcrd\u00fcrmek i\u00e7in Kongre&#8217;den resmi izin almayaca\u011f\u0131n\u0131n sinyalini verdi. Se\u00e7eneklerinin b\u00fcy\u00fck bir askeri [&hellip;]<\/p>\n","protected":false},"author":2,"featured_media":0,"comment_status":"open","ping_status":"open","sticky":false,"template":"","format":"standard","meta":{"footnotes":""},"categories":[37],"tags":[],"class_list":["post-15160","post","type-post","status-publish","format-standard","hentry","category-orta-dogu-haberleri"],"_links":{"self":[{"href":"https:\/\/fajr.news\/index.php?rest_route=\/wp\/v2\/posts\/15160","targetHints":{"allow":["GET"]}}],"collection":[{"href":"https:\/\/fajr.news\/index.php?rest_route=\/wp\/v2\/posts"}],"about":[{"href":"https:\/\/fajr.news\/index.php?rest_route=\/wp\/v2\/types\/post"}],"author":[{"embeddable":true,"href":"https:\/\/fajr.news\/index.php?rest_route=\/wp\/v2\/users\/2"}],"replies":[{"embeddable":true,"href":"https:\/\/fajr.news\/index.php?rest_route=%2Fwp%2Fv2%2Fcomments&post=15160"}],"version-history":[{"count":0,"href":"https:\/\/fajr.news\/index.php?rest_route=\/wp\/v2\/posts\/15160\/revisions"}],"wp:attachment":[{"href":"https:\/\/fajr.news\/index.php?rest_route=%2Fwp%2Fv2%2Fmedia&parent=15160"}],"wp:term":[{"taxonomy":"category","embeddable":true,"href":"https:\/\/fajr.news\/index.php?rest_route=%2Fwp%2Fv2%2Fcategories&post=15160"},{"taxonomy":"post_tag","embeddable":true,"href":"https:\/\/fajr.news\/index.php?rest_route=%2Fwp%2Fv2%2Ftags&post=15160"}],"curies":[{"name":"wp","href":"https:\/\/api.w.org\/{rel}","templated":true}]}}