{"id":15140,"date":"2026-05-02T10:22:42","date_gmt":"2026-05-02T06:52:42","guid":{"rendered":"https:\/\/fajr.news\/?p=15140"},"modified":"2026-05-02T10:22:42","modified_gmt":"2026-05-02T06:52:42","slug":"orta-dogu-catismalari-dmc-globalin-ilk-ceyrek-performansini-olumsuz-etkiledi","status":"publish","type":"post","link":"https:\/\/fajr.news\/?p=15140&lang=tr","title":{"rendered":"Orta Do\u011fu \u00c7at\u0131\u015fmalar\u0131 DMC Global&#8217;\u0131n \u0130lk \u00c7eyrek Performans\u0131n\u0131 Olumsuz Etkiledi"},"content":{"rendered":"<p>Broomfield merkezli, enerji, end\u00fcstriyel ve yap\u0131 \u00fcr\u00fcnleri pazarlar\u0131 i\u00e7in \u00fcretim yapan <strong>DMC Global Inc.<\/strong> (Nasdaq: BOOM), y\u0131l\u0131n ilk \u00e7eyre\u011finde hem gelir hem de kar rakamlar\u0131nda \u00f6nemli d\u00fc\u015f\u00fc\u015fler kaydetti. \u015eirket, bu olumsuz sonu\u00e7lar\u0131n temel nedenleri olarak makroekonomik ve jeopolitik r\u00fczgarlar\u0131, \u00f6zellikle de Orta Do\u011fu&#8217;daki \u00e7at\u0131\u015fmalar\u0131n artan etkisini g\u00f6sterdi.<\/p>\n<p>K\u00fcresel ekonomideki belirsizlikler ve b\u00f6lgesel gerilimler, DMC Global&#8217;\u0131n i\u015f sonu\u00e7lar\u0131n\u0131 do\u011frudan etkileyerek ilk \u00e7eyrek performans\u0131n\u0131 zay\u0131flatt\u0131. \u015eirket yetkilileri, piyasalardaki dalgalanmalar\u0131n ve jeopolitik risklerin \u00f6n\u00fcm\u00fczdeki d\u00f6nemde de etkisini s\u00fcrd\u00fcrebilece\u011fi konusunda uyar\u0131larda bulundu.<\/p>\n<p>#DMCGlobal #Ekonomi #Jeopolitik #OrtaDo\u011fu #\u00c7at\u0131\u015fmalar #EnerjiSekt\u00f6r\u00fc #End\u00fcstriyel\u00dcr\u00fcnler #Yap\u0131\u00dcr\u00fcnleri #Finans #Ticaret<\/p>\n","protected":false},"excerpt":{"rendered":"<p>Broomfield merkezli, enerji, end\u00fcstriyel ve yap\u0131 \u00fcr\u00fcnleri pazarlar\u0131 i\u00e7in \u00fcretim yapan DMC Global Inc. (Nasdaq: BOOM), y\u0131l\u0131n ilk \u00e7eyre\u011finde hem gelir hem de kar rakamlar\u0131nda \u00f6nemli d\u00fc\u015f\u00fc\u015fler kaydetti. \u015eirket, bu olumsuz sonu\u00e7lar\u0131n temel nedenleri olarak makroekonomik ve jeopolitik r\u00fczgarlar\u0131, \u00f6zellikle de Orta Do\u011fu&#8217;daki \u00e7at\u0131\u015fmalar\u0131n artan etkisini g\u00f6sterdi. K\u00fcresel ekonomideki belirsizlikler ve b\u00f6lgesel gerilimler, DMC Global&#8217;\u0131n [&hellip;]<\/p>\n","protected":false},"author":2,"featured_media":15141,"comment_status":"open","ping_status":"open","sticky":false,"template":"","format":"standard","meta":{"footnotes":""},"categories":[37],"tags":[],"class_list":["post-15140","post","type-post","status-publish","format-standard","has-post-thumbnail","hentry","category-orta-dogu-haberleri"],"_links":{"self":[{"href":"https:\/\/fajr.news\/index.php?rest_route=\/wp\/v2\/posts\/15140","targetHints":{"allow":["GET"]}}],"collection":[{"href":"https:\/\/fajr.news\/index.php?rest_route=\/wp\/v2\/posts"}],"about":[{"href":"https:\/\/fajr.news\/index.php?rest_route=\/wp\/v2\/types\/post"}],"author":[{"embeddable":true,"href":"https:\/\/fajr.news\/index.php?rest_route=\/wp\/v2\/users\/2"}],"replies":[{"embeddable":true,"href":"https:\/\/fajr.news\/index.php?rest_route=%2Fwp%2Fv2%2Fcomments&post=15140"}],"version-history":[{"count":0,"href":"https:\/\/fajr.news\/index.php?rest_route=\/wp\/v2\/posts\/15140\/revisions"}],"wp:featuredmedia":[{"embeddable":true,"href":"https:\/\/fajr.news\/index.php?rest_route=\/wp\/v2\/media\/15141"}],"wp:attachment":[{"href":"https:\/\/fajr.news\/index.php?rest_route=%2Fwp%2Fv2%2Fmedia&parent=15140"}],"wp:term":[{"taxonomy":"category","embeddable":true,"href":"https:\/\/fajr.news\/index.php?rest_route=%2Fwp%2Fv2%2Fcategories&post=15140"},{"taxonomy":"post_tag","embeddable":true,"href":"https:\/\/fajr.news\/index.php?rest_route=%2Fwp%2Fv2%2Ftags&post=15140"}],"curies":[{"name":"wp","href":"https:\/\/api.w.org\/{rel}","templated":true}]}}