{"id":15132,"date":"2026-05-02T10:09:04","date_gmt":"2026-05-02T06:39:04","guid":{"rendered":"https:\/\/fajr.news\/?p=15132"},"modified":"2026-05-02T10:09:04","modified_gmt":"2026-05-02T06:39:04","slug":"turk-hava-yollari-ortadogudaki-calkantili-surecte-yukselisini-surdurdu","status":"publish","type":"post","link":"https:\/\/fajr.news\/?p=15132&lang=tr","title":{"rendered":"T\u00fcrk Hava Yollar\u0131, Ortado\u011fu&#8217;daki \u00c7alkant\u0131l\u0131 S\u00fcre\u00e7te Y\u00fckseli\u015fini S\u00fcrd\u00fcrd\u00fc"},"content":{"rendered":"<h1>T\u00fcrk Hava Yollar\u0131, Ortado\u011fu&#8217;daki \u00c7alkant\u0131l\u0131 S\u00fcre\u00e7te Y\u00fckseli\u015fini S\u00fcrd\u00fcrd\u00fc: B\u00f6lgesel G\u00fcc\u00fcn Y\u00fckseli\u015fi<\/h1>\n<p>B\u00f6lgedeki son geli\u015fmeler ve Ortado\u011fu&#8217;da ya\u015fanan \u00e7alkant\u0131l\u0131 s\u00fcre\u00e7, T\u00fcrk Hava Yollar\u0131 (THY) i\u00e7in beklenmedik bir f\u0131rsat penceresi aralad\u0131. K\u00f6rfez \u00fclkelerinin b\u00fcy\u00fck havayolu \u015firketlerinin kapasite azalt\u0131m\u0131na gitmesiyle birlikte, THY bu durumdan \u00f6nemli \u00f6l\u00e7\u00fcde fayda sa\u011flad\u0131 ve b\u00f6lgesel liderli\u011fini peki\u015ftirdi.<\/p>\n<h2>Transit Trafikte ve Asya U\u00e7u\u015flar\u0131nda Rekor Art\u0131\u015f<\/h2>\n<p>T\u00fcrk Hava Yollar\u0131&#8217;n\u0131n ilk \u00e7eyrek finansal sonu\u00e7lar\u0131, \u015firketin bu s\u00fcre\u00e7teki ba\u015far\u0131s\u0131n\u0131 g\u00f6zler \u00f6n\u00fcne serdi. Per\u015fembe g\u00fcn\u00fc yap\u0131lan ilk \u00e7eyrek kazan\u00e7 \u00e7a\u011fr\u0131s\u0131nda a\u00e7\u0131klanan verilere g\u00f6re, \u0130stanbul aktarmal\u0131 transit yolcu trafi\u011fi <strong>y\u00fczde 10<\/strong> oran\u0131nda art\u0131\u015f g\u00f6sterdi. \u00d6zellikle Asya&#8217;ya y\u00f6nelik yolcu trafi\u011findeki art\u0131\u015f ise dikkat \u00e7ekici bir seviyeye ula\u015farak <em>y\u00fczde 19<\/em> olarak kaydedildi. Bu rakamlar, THY&#8217;nin stratejik konumunun ve k\u00fcresel ba\u011flant\u0131 a\u011f\u0131n\u0131n ne denli g\u00fc\u00e7l\u00fc oldu\u011funu bir kez daha kan\u0131tlad\u0131.<\/p>\n<h2>Y\u00f6netimden Ortado\u011fu De\u011ferlendirmesi<\/h2>\n<p>T\u00fcrk Hava Yollar\u0131 Y\u00f6netim Kurulu Ba\u015fkan\u0131 olarak Ahmet Bolat&#8217;tan g\u00f6revi devralan ve Nisan ay\u0131nda bu g\u00f6reve ba\u015flayan \u015eeker, daha \u00f6nce \u015firketin Mali \u0130\u015fler Ba\u015fkan\u0131 (CFO) olarak g\u00f6rev yap\u0131yordu. \u015eeker&#8217;in eski g\u00f6revi ise \u015fimdi Metin G\u00fclsen taraf\u0131ndan y\u00fcr\u00fct\u00fcl\u00fcyor. Her iki y\u00f6netici de, 28 \u015eubat&#8217;tan bu yana Ortado\u011fu&#8217;daki krizin T\u00fcrk Hava Yollar\u0131 \u00fczerindeki etkilerini detayl\u0131 bir \u015fekilde a\u00e7\u0131klad\u0131. \u015eirket, bu zorlu d\u00f6nemi stratejik hamlelerle avantaja \u00e7evirerek, hem operasyonel verimlili\u011fini art\u0131rm\u0131\u015f hem de pazar pay\u0131n\u0131 geni\u015fletmi\u015ftir.<\/p>\n<p>Bu geli\u015fmeler, T\u00fcrkiye&#8217;nin b\u00f6lgesel ve k\u00fcresel havac\u0131l\u0131ktaki etkin rol\u00fcn\u00fc bir kez daha vurgularken, T\u00fcrk Hava Yollar\u0131&#8217;n\u0131n kriz d\u00f6nemlerinde dahi b\u00fcy\u00fcme potansiyelini koruyabildi\u011fini g\u00f6stermektedir. B\u00f6lgedeki dinamikler, THY&#8217;nin gelecekteki stratejileri i\u00e7in de \u00f6nemli ipu\u00e7lar\u0131 sunmaktad\u0131r.<\/p>\n<p>#T\u00fcrkHavaYollar\u0131 #THY #Ortado\u011fuKrizi #Havac\u0131l\u0131k #TransitTrafik #AsyaU\u00e7u\u015flar\u0131 #EkonomikB\u00fcy\u00fcme #B\u00f6lgeselG\u00fc\u00e7 #\u0130stanbulHub #K\u00fcreselHavac\u0131l\u0131k<\/p>\n","protected":false},"excerpt":{"rendered":"<p>T\u00fcrk Hava Yollar\u0131, Ortado\u011fu&#8217;daki \u00c7alkant\u0131l\u0131 S\u00fcre\u00e7te Y\u00fckseli\u015fini S\u00fcrd\u00fcrd\u00fc: B\u00f6lgesel G\u00fcc\u00fcn Y\u00fckseli\u015fi B\u00f6lgedeki son geli\u015fmeler ve Ortado\u011fu&#8217;da ya\u015fanan \u00e7alkant\u0131l\u0131 s\u00fcre\u00e7, T\u00fcrk Hava Yollar\u0131 (THY) i\u00e7in beklenmedik bir f\u0131rsat penceresi aralad\u0131. K\u00f6rfez \u00fclkelerinin b\u00fcy\u00fck havayolu \u015firketlerinin kapasite azalt\u0131m\u0131na gitmesiyle birlikte, THY bu durumdan \u00f6nemli \u00f6l\u00e7\u00fcde fayda sa\u011flad\u0131 ve b\u00f6lgesel liderli\u011fini peki\u015ftirdi. Transit Trafikte ve Asya U\u00e7u\u015flar\u0131nda Rekor [&hellip;]<\/p>\n","protected":false},"author":2,"featured_media":15133,"comment_status":"open","ping_status":"open","sticky":false,"template":"","format":"standard","meta":{"footnotes":""},"categories":[37],"tags":[],"class_list":["post-15132","post","type-post","status-publish","format-standard","has-post-thumbnail","hentry","category-orta-dogu-haberleri"],"_links":{"self":[{"href":"https:\/\/fajr.news\/index.php?rest_route=\/wp\/v2\/posts\/15132","targetHints":{"allow":["GET"]}}],"collection":[{"href":"https:\/\/fajr.news\/index.php?rest_route=\/wp\/v2\/posts"}],"about":[{"href":"https:\/\/fajr.news\/index.php?rest_route=\/wp\/v2\/types\/post"}],"author":[{"embeddable":true,"href":"https:\/\/fajr.news\/index.php?rest_route=\/wp\/v2\/users\/2"}],"replies":[{"embeddable":true,"href":"https:\/\/fajr.news\/index.php?rest_route=%2Fwp%2Fv2%2Fcomments&post=15132"}],"version-history":[{"count":0,"href":"https:\/\/fajr.news\/index.php?rest_route=\/wp\/v2\/posts\/15132\/revisions"}],"wp:featuredmedia":[{"embeddable":true,"href":"https:\/\/fajr.news\/index.php?rest_route=\/wp\/v2\/media\/15133"}],"wp:attachment":[{"href":"https:\/\/fajr.news\/index.php?rest_route=%2Fwp%2Fv2%2Fmedia&parent=15132"}],"wp:term":[{"taxonomy":"category","embeddable":true,"href":"https:\/\/fajr.news\/index.php?rest_route=%2Fwp%2Fv2%2Fcategories&post=15132"},{"taxonomy":"post_tag","embeddable":true,"href":"https:\/\/fajr.news\/index.php?rest_route=%2Fwp%2Fv2%2Ftags&post=15132"}],"curies":[{"name":"wp","href":"https:\/\/api.w.org\/{rel}","templated":true}]}}