{"id":15116,"date":"2026-05-02T09:40:47","date_gmt":"2026-05-02T06:10:47","guid":{"rendered":"https:\/\/fajr.news\/?p=15116"},"modified":"2026-05-02T09:40:47","modified_gmt":"2026-05-02T06:10:47","slug":"israil-ordusu-guney-lubnanda-hristiyan-manastiri-ve-rahibe-okulunu-yikti","status":"publish","type":"post","link":"https:\/\/fajr.news\/?p=15116&lang=tr","title":{"rendered":"\u0130srail ordusu G\u00fcney L\u00fcbnan&#8217;da Hristiyan manast\u0131r\u0131 ve rahibe okulunu y\u0131kt\u0131"},"content":{"rendered":"<p>Devlet Ulusal Haber Ajans\u0131 Cuma g\u00fcn\u00fc bildirdi\u011fine g\u00f6re, \u0130srail ordusu g\u00fcney L\u00fcbnan&#8217;\u0131n Yaroun kasabas\u0131nda Kutsal Kurtar\u0131c\u0131 Rahibeler taraf\u0131ndan i\u015fletilen bir manast\u0131r ve bir okulu y\u0131kt\u0131.<br \/>\nAjans, okulun &#8220;b\u00f6lgenin en \u00f6nde gelen e\u011fitim kurumlar\u0131ndan biri olarak kabul edildi\u011fini&#8221; ve y\u0131llar i\u00e7inde Bint Cbeyl b\u00f6lgesindeki \u00e7e\u015fitli kasabalardan binlerce \u00f6\u011frenciye e\u011fitim verdi\u011fi belirtildi.<br \/>\nOkulun hedef al\u0131nmas\u0131n\u0131n &#8220;hem e\u011fitim hem de sosyal d\u00fczeyde b\u00fcy\u00fck bir kay\u0131p&#8221; oldu\u011fu eklendi.<br \/>\n\u0130srail, 2 Mart&#8217;tan bu yana L\u00fcbnan&#8217;da y\u00fcr\u00fctt\u00fc\u011f\u00fc sald\u0131r\u0131larda 2.600&#8217;den fazla ki\u015fiyi \u00f6ld\u00fcrd\u00fc ve 1 milyondan fazla ki\u015fiyi yerinden etti.<br \/>\n17 Nisan&#8217;da ba\u015flayan 10 g\u00fcnl\u00fck ate\u015fkes daha sonra 17 May\u0131s&#8217;a kadar uzat\u0131lm\u0131\u015f olsa da, \u0130srail hava sald\u0131r\u0131lar\u0131 ve ev y\u0131k\u0131mlar\u0131yla her g\u00fcn ihlal etmeye devam ediyor.<br \/>\nAyr\u0131ca, \u0130srail g\u00fcney L\u00fcbnan&#8217;da &#8220;tampon b\u00f6lge&#8221; olarak adland\u0131rd\u0131\u011f\u0131 bir b\u00f6lgeyi de s\u00fcrd\u00fcr\u00fcyor ve bunun Hizbullah&#8217;tan gelecek sald\u0131r\u0131lar\u0131 \u00f6nlemek amac\u0131yla oldu\u011funu iddia ediyor. Kas\u0131m 2024&#8217;te daha \u00f6nceki bir ate\u015fkes sa\u011flanm\u0131\u015ft\u0131.<br \/>\n#\u0130srailSald\u0131r\u0131lar\u0131 #L\u00fcbnan #Manast\u0131rY\u0131k\u0131m\u0131 #OkulY\u0131k\u0131m\u0131 #Yaroun #Ate\u015fkes\u0130hlali #HristiyanMiras #\u0130nsaniKriz #OrtaDo\u011fu #Sava\u015fSu\u00e7lar\u0131<\/p>\n","protected":false},"excerpt":{"rendered":"<p>Devlet Ulusal Haber Ajans\u0131 Cuma g\u00fcn\u00fc bildirdi\u011fine g\u00f6re, \u0130srail ordusu g\u00fcney L\u00fcbnan&#8217;\u0131n Yaroun kasabas\u0131nda Kutsal Kurtar\u0131c\u0131 Rahibeler taraf\u0131ndan i\u015fletilen bir manast\u0131r ve bir okulu y\u0131kt\u0131. Ajans, okulun &#8220;b\u00f6lgenin en \u00f6nde gelen e\u011fitim kurumlar\u0131ndan biri olarak kabul edildi\u011fini&#8221; ve y\u0131llar i\u00e7inde Bint Cbeyl b\u00f6lgesindeki \u00e7e\u015fitli kasabalardan binlerce \u00f6\u011frenciye e\u011fitim verdi\u011fi belirtildi. Okulun hedef al\u0131nmas\u0131n\u0131n &#8220;hem e\u011fitim [&hellip;]<\/p>\n","protected":false},"author":2,"featured_media":15117,"comment_status":"open","ping_status":"open","sticky":false,"template":"","format":"standard","meta":{"footnotes":""},"categories":[37],"tags":[],"class_list":["post-15116","post","type-post","status-publish","format-standard","has-post-thumbnail","hentry","category-orta-dogu-haberleri"],"_links":{"self":[{"href":"https:\/\/fajr.news\/index.php?rest_route=\/wp\/v2\/posts\/15116","targetHints":{"allow":["GET"]}}],"collection":[{"href":"https:\/\/fajr.news\/index.php?rest_route=\/wp\/v2\/posts"}],"about":[{"href":"https:\/\/fajr.news\/index.php?rest_route=\/wp\/v2\/types\/post"}],"author":[{"embeddable":true,"href":"https:\/\/fajr.news\/index.php?rest_route=\/wp\/v2\/users\/2"}],"replies":[{"embeddable":true,"href":"https:\/\/fajr.news\/index.php?rest_route=%2Fwp%2Fv2%2Fcomments&post=15116"}],"version-history":[{"count":0,"href":"https:\/\/fajr.news\/index.php?rest_route=\/wp\/v2\/posts\/15116\/revisions"}],"wp:featuredmedia":[{"embeddable":true,"href":"https:\/\/fajr.news\/index.php?rest_route=\/wp\/v2\/media\/15117"}],"wp:attachment":[{"href":"https:\/\/fajr.news\/index.php?rest_route=%2Fwp%2Fv2%2Fmedia&parent=15116"}],"wp:term":[{"taxonomy":"category","embeddable":true,"href":"https:\/\/fajr.news\/index.php?rest_route=%2Fwp%2Fv2%2Fcategories&post=15116"},{"taxonomy":"post_tag","embeddable":true,"href":"https:\/\/fajr.news\/index.php?rest_route=%2Fwp%2Fv2%2Ftags&post=15116"}],"curies":[{"name":"wp","href":"https:\/\/api.w.org\/{rel}","templated":true}]}}