{"id":15092,"date":"2026-05-02T09:13:34","date_gmt":"2026-05-02T05:43:34","guid":{"rendered":"https:\/\/fajr.news\/?p=15092"},"modified":"2026-05-02T09:13:34","modified_gmt":"2026-05-02T05:43:34","slug":"lubnanda-siyonist-rejimin-vahsi-saldirilari-sehit-sayisi-2-600u-gecti","status":"publish","type":"post","link":"https:\/\/fajr.news\/?p=15092&lang=tr","title":{"rendered":"L\u00fcbnan&#8217;da Siyonist Rejimin Vah\u015fi Sald\u0131r\u0131lar\u0131: \u015eehit Say\u0131s\u0131 2.600&#8217;\u00fc Ge\u00e7ti"},"content":{"rendered":"<h1>L\u00fcbnan&#8217;da Siyonist Rejimin Vah\u015fi Sald\u0131r\u0131lar\u0131: \u015eehit Say\u0131s\u0131 2.600&#8217;\u00fc Ge\u00e7ti<\/h1>\n<p>L\u00fcbnan Sa\u011fl\u0131k Bakanl\u0131\u011f\u0131&#8217;ndan yap\u0131lan son a\u00e7\u0131klamaya g\u00f6re, Siyonist i\u015fgal rejiminin 2 Mart&#8217;tan bu yana L\u00fcbnan&#8217;a y\u00f6nelik <strong>vah\u015fi sald\u0131r\u0131lar\u0131nda<\/strong> \u015fehit d\u00fc\u015fenlerin say\u0131s\u0131 <strong>2.618&#8217;e y\u00fckseldi<\/strong>. Anadolu Ajans\u0131&#8217;n\u0131n bildirdi\u011fine g\u00f6re, bu insanl\u0131k d\u0131\u015f\u0131 sald\u0131r\u0131larda <strong>8.094 ki\u015fi de yaraland\u0131<\/strong>.<\/p>\n<h2>Son 24 Saatteki Katliam<\/h2>\n<p>Bakanl\u0131k taraf\u0131ndan Cuma g\u00fcn\u00fc yap\u0131lan a\u00e7\u0131klamada, i\u015fgalci \u0130srail&#8217;in son 24 saat i\u00e7inde ger\u00e7ekle\u015ftirdi\u011fi hava sald\u0131r\u0131lar\u0131 ve bask\u0131nlar sonucunda <strong>32 masum sivilin daha \u015fehit oldu\u011fu<\/strong> ve <strong>74 ki\u015finin yaraland\u0131\u011f\u0131<\/strong> belirtildi. Bu rakamlar, Siyonist rejimin b\u00f6lgedeki gerilimi t\u0131rmand\u0131rma ve sivil halk\u0131 hedef alma politikas\u0131n\u0131n ac\u0131 bir g\u00f6stergesidir.<\/p>\n<h2>\u0130\u015fgal Rejiminin Agresif Tutumu ve Ate\u015fkes \u0130hlalleri<\/h2>\n<p>\u0130\u015fgalci \u0130srail, Hizbullah&#8217;\u0131n \u0130ran \u00e7at\u0131\u015fmas\u0131yla ba\u011flant\u0131l\u0131 misillemelerinin ard\u0131ndan L\u00fcbnan&#8217;a kar\u015f\u0131 geni\u015f \u00e7apl\u0131 bir sald\u0131r\u0131 ba\u015flatm\u0131\u015f, bu sald\u0131r\u0131lar sonucunda <strong>1 milyondan fazla insan yerinden yurdundan edilmi\u015fti<\/strong>. B\u00f6lgedeki insani krizi derinle\u015ftiren bu sald\u0131r\u0131lar, uluslararas\u0131 hukukun a\u00e7\u0131k bir ihlalidir.<\/p>\n<p>17 Nisan&#8217;da ba\u015flayan ve 17 May\u0131s&#8217;a kadar uzat\u0131lan 10 g\u00fcnl\u00fck ate\u015fkes anla\u015fmas\u0131na ra\u011fmen, Siyonist rejim her g\u00fcn hava sald\u0131r\u0131lar\u0131 ve ev y\u0131k\u0131mlar\u0131yla bu anla\u015fmay\u0131 <strong>pervas\u0131zca ihlal etmeye devam etmektedir<\/strong>. Bu durum, i\u015fgalci \u0130srail&#8217;in bar\u0131\u015fa ve uluslararas\u0131 anla\u015fmalara ne kadar sayg\u0131s\u0131z oldu\u011funu bir kez daha g\u00f6zler \u00f6n\u00fcne sermektedir.<\/p>\n<h2>&#8220;Tampon B\u00f6lge&#8221; Ad\u0131 Alt\u0131nda \u0130\u015fgal<\/h2>\n<p>\u0130\u015fgalci \u0130srail, G\u00fcney L\u00fcbnan&#8217;da &#8220;tampon b\u00f6lge&#8221; olarak adland\u0131rd\u0131\u011f\u0131 bir alan\u0131 da s\u00fcrd\u00fcrmektedir. Bu b\u00f6lgenin Hizbullah sald\u0131r\u0131lar\u0131n\u0131 \u00f6nlemek amac\u0131yla olu\u015fturuldu\u011fu iddia edilse de, bu durum asl\u0131nda L\u00fcbnan topraklar\u0131n\u0131n <strong>yasa d\u0131\u015f\u0131 bir \u015fekilde i\u015fgal edilmesi<\/strong> ve b\u00f6lgedeki istikrars\u0131zl\u0131\u011f\u0131n ana nedenlerinden biridir. Daha \u00f6nceki bir ate\u015fkes Kas\u0131m ay\u0131nda sa\u011flanm\u0131\u015f olsa da, Siyonist rejimin sald\u0131rgan politikalar\u0131 b\u00f6lgeyi s\u00fcrekli bir gerilim i\u00e7inde tutmaktad\u0131r.<\/p>\n<p>Uluslararas\u0131 toplumun, Siyonist rejimin bu <strong>sava\u015f su\u00e7lar\u0131na<\/strong> kar\u015f\u0131 sessiz kalmamas\u0131 ve L\u00fcbnan halk\u0131n\u0131n hakl\u0131 direni\u015fine destek vermesi gerekmektedir.<\/p>\n<p>#L\u00fcbnan #\u0130srailSald\u0131r\u0131lar\u0131 #SiyonistRejim #\u015eehitler #Ate\u015fkes\u0130hlali #Hizbullah #Ortado\u011fu #Sava\u015fSu\u00e7lar\u0131 #\u0130nsanl\u0131kD\u0131\u015f\u0131 #Uluslararas\u0131Hukuk<\/p>\n","protected":false},"excerpt":{"rendered":"<p>L\u00fcbnan&#8217;da Siyonist Rejimin Vah\u015fi Sald\u0131r\u0131lar\u0131: \u015eehit Say\u0131s\u0131 2.600&#8217;\u00fc Ge\u00e7ti L\u00fcbnan Sa\u011fl\u0131k Bakanl\u0131\u011f\u0131&#8217;ndan yap\u0131lan son a\u00e7\u0131klamaya g\u00f6re, Siyonist i\u015fgal rejiminin 2 Mart&#8217;tan bu yana L\u00fcbnan&#8217;a y\u00f6nelik vah\u015fi sald\u0131r\u0131lar\u0131nda \u015fehit d\u00fc\u015fenlerin say\u0131s\u0131 2.618&#8217;e y\u00fckseldi. Anadolu Ajans\u0131&#8217;n\u0131n bildirdi\u011fine g\u00f6re, bu insanl\u0131k d\u0131\u015f\u0131 sald\u0131r\u0131larda 8.094 ki\u015fi de yaraland\u0131. Son 24 Saatteki Katliam Bakanl\u0131k taraf\u0131ndan Cuma g\u00fcn\u00fc yap\u0131lan a\u00e7\u0131klamada, i\u015fgalci [&hellip;]<\/p>\n","protected":false},"author":2,"featured_media":15093,"comment_status":"open","ping_status":"open","sticky":false,"template":"","format":"standard","meta":{"footnotes":""},"categories":[37],"tags":[],"class_list":["post-15092","post","type-post","status-publish","format-standard","has-post-thumbnail","hentry","category-orta-dogu-haberleri"],"_links":{"self":[{"href":"https:\/\/fajr.news\/index.php?rest_route=\/wp\/v2\/posts\/15092","targetHints":{"allow":["GET"]}}],"collection":[{"href":"https:\/\/fajr.news\/index.php?rest_route=\/wp\/v2\/posts"}],"about":[{"href":"https:\/\/fajr.news\/index.php?rest_route=\/wp\/v2\/types\/post"}],"author":[{"embeddable":true,"href":"https:\/\/fajr.news\/index.php?rest_route=\/wp\/v2\/users\/2"}],"replies":[{"embeddable":true,"href":"https:\/\/fajr.news\/index.php?rest_route=%2Fwp%2Fv2%2Fcomments&post=15092"}],"version-history":[{"count":0,"href":"https:\/\/fajr.news\/index.php?rest_route=\/wp\/v2\/posts\/15092\/revisions"}],"wp:featuredmedia":[{"embeddable":true,"href":"https:\/\/fajr.news\/index.php?rest_route=\/wp\/v2\/media\/15093"}],"wp:attachment":[{"href":"https:\/\/fajr.news\/index.php?rest_route=%2Fwp%2Fv2%2Fmedia&parent=15092"}],"wp:term":[{"taxonomy":"category","embeddable":true,"href":"https:\/\/fajr.news\/index.php?rest_route=%2Fwp%2Fv2%2Fcategories&post=15092"},{"taxonomy":"post_tag","embeddable":true,"href":"https:\/\/fajr.news\/index.php?rest_route=%2Fwp%2Fv2%2Ftags&post=15092"}],"curies":[{"name":"wp","href":"https:\/\/api.w.org\/{rel}","templated":true}]}}