{"id":14921,"date":"2026-05-02T04:34:59","date_gmt":"2026-05-02T01:04:59","guid":{"rendered":"https:\/\/fajr.news\/?p=14921"},"modified":"2026-05-02T04:34:59","modified_gmt":"2026-05-02T01:04:59","slug":"baskan-trump-iranin-abd-ile-savasi-sona-erdirme-yonundeki-son-teklifinden-memnun-olmadigini-belirtti","status":"publish","type":"post","link":"https:\/\/fajr.news\/?p=14921&lang=tr","title":{"rendered":"Ba\u015fkan Trump, \u0130ran&#8217;\u0131n ABD ile sava\u015f\u0131 sona erdirme y\u00f6n\u00fcndeki son teklifinden &#8216;memnun olmad\u0131\u011f\u0131n\u0131&#8217; belirtti"},"content":{"rendered":"<p>ABD Ba\u015fkan\u0131 Donald Trump Cuma g\u00fcn\u00fc yapt\u0131\u011f\u0131 a\u00e7\u0131klamada, \u0130ran&#8217;\u0131n \u00fclkeler aras\u0131ndaki sava\u015f\u0131 sona erdirme m\u00fczakerelerindeki son teklifinden &#8220;memnun olmad\u0131\u011f\u0131n\u0131&#8221; belirtti ve plan\u0131 sunulur sunulmaz reddetti.<br \/>\n\u0130ran&#8217;\u0131n devlet haber ajans\u0131 IRNA&#8217;n\u0131n bildirdi\u011fine g\u00f6re, \u0130ran m\u00fczakereler i\u00e7in son teklifini Per\u015fembe gecesi Pakistan&#8217;daki arabuluculara iletti.<br \/>\nTrump, Cuma g\u00fcn\u00fc Beyaz Saray&#8217;da gazetecilere verdi\u011fi deme\u00e7te, &#8220;Bir anla\u015fma yapmak istiyorlar, ben bundan memnun de\u011filim, bu y\u00fczden ne olaca\u011f\u0131n\u0131 g\u00f6rece\u011fiz,&#8221; dedi.<br \/>\nABD ile \u0130ran aras\u0131ndaki \u00fc\u00e7 haftal\u0131k k\u0131r\u0131lgan ate\u015fkesin hala devam etti\u011fi g\u00f6r\u00fclse de, her iki \u00fclke de ihlal su\u00e7lamalar\u0131nda bulundu.<br \/>\nTrump, son teklifin eksiklikleri olarak g\u00f6rd\u00fc\u011f\u00fc \u015feyler hakk\u0131nda ayr\u0131nt\u0131 vermedi. &#8220;Kabul edemeyece\u011fim \u015feyler istiyorlar,&#8221; dedi.<br \/>\nBa\u015fkan Trump, ge\u00e7en hafta el\u00e7ilerinin Pakistan gezisini iptal etmesinin ard\u0131ndan m\u00fczakerelerin telefonla devam etti\u011fini belirtti. \u0130ran liderli\u011finden duydu\u011fu hayal k\u0131r\u0131kl\u0131\u011f\u0131n\u0131 dile getirerek, liderli\u011fi par\u00e7alanm\u0131\u015f olarak nitelendirdi.<br \/>\n&#8220;\u00c7ok da\u011f\u0131n\u0131k bir liderlik,&#8221; dedi. &#8220;Hepsi bir anla\u015fma yapmak istiyor, ama hepsi kar\u0131\u015f\u0131k bir durumda.&#8221;<br \/>\nAte\u015fkes \u0130ran&#8217;daki \u00e7at\u0131\u015fmalar\u0131 b\u00fcy\u00fck \u00f6l\u00e7\u00fcde durdurmu\u015f olsa da, ABD ve \u0130ran, d\u00fcnya ticaretinin be\u015fte birinin ge\u00e7ti\u011fi H\u00fcrm\u00fcz Bo\u011faz\u0131 \u00fczerinde bir \u00e7\u0131kmazda. ABD Donanmas\u0131&#8217;n\u0131n \u0130ran tankerlerinin denize a\u00e7\u0131lmas\u0131n\u0131 engelleyen ablukas\u0131, \u0130ran ekonomisini sars\u0131yor. \u0130ran&#8217;\u0131n bo\u011faz \u00fczerindeki kontrol\u00fcn\u00fc s\u00fcrd\u00fcrmesiyle d\u00fcnya ekonomisi de bask\u0131 alt\u0131nda.<br \/>\nTrump bu hafta, Amerika&#8217;n\u0131n K\u00f6rfez m\u00fcttefiklerinin petrol ve gaz ihracat\u0131 i\u00e7in kulland\u0131\u011f\u0131 kritik ge\u00e7idi yeniden a\u00e7mak \u00fczere yeni bir plan \u00f6nerdi.<br \/>\n\u0130ran D\u0131\u015fi\u015fleri Bakan\u0131 Abbas Araghchi, sosyal medya payla\u015f\u0131mlar\u0131na g\u00f6re, Cuma g\u00fcn\u00fc T\u00fcrkiye, M\u0131s\u0131r, Katar, Suudi Arabistan, Irak ve Azerbaycan&#8217;dan bir\u00e7ok b\u00f6lgesel mevkida\u015f\u0131yla yo\u011fun telefon g\u00f6r\u00fc\u015fmeleri yaparak, \u00fclkesinin sava\u015f\u0131 sona erdirme y\u00f6n\u00fcndeki son giri\u015fimleri hakk\u0131nda bilgi verdi.<br \/>\nAvrupa Birli\u011fi d\u0131\u015f politika \u015fefi Kaja Kallas da Cuma g\u00fcn\u00fc Araghchi ile telefonla g\u00f6r\u00fc\u015ft\u00fc. Kallas&#8217;\u0131n ofisinden yap\u0131lan a\u00e7\u0131klamaya g\u00f6re, H\u00fcrm\u00fcz Bo\u011faz\u0131&#8217;n\u0131 yeniden a\u00e7maya y\u00f6nelik devam eden diplomatik \u00e7abalar\u0131 ve uzun vadeli g\u00fcvenlik d\u00fczenlemelerini ele ald\u0131lar. Kallas ayr\u0131ca AB&#8217;nin K\u00f6rfez ortaklar\u0131yla da temas halindeydi.<br \/>\nPakistanl\u0131 yetkililer, \u0130ran ile ABD aras\u0131ndaki gerilimi azaltma \u00e7abalar\u0131n\u0131n devam etti\u011fini belirtti. Pakistan Ba\u015fbakan\u0131 \u015eehbaz \u015eerif \u00c7ar\u015famba g\u00fcn\u00fc bir kabine toplant\u0131s\u0131nda, \u0130ran&#8217;dan hala bir yan\u0131t beklendi\u011fini s\u00f6yledi.<br \/>\nBu arada, \u0130ran&#8217;\u0131n tutuklu Nobel Bar\u0131\u015f \u00d6d\u00fcl\u00fc sahibi Narges Mohammadi&#8217;nin sa\u011fl\u0131\u011f\u0131nda &#8220;felaket bir k\u00f6t\u00fcle\u015fme&#8221; ya\u015fanmas\u0131n\u0131n ard\u0131ndan Cuma g\u00fcn\u00fc acilen cezaevinden kuzeybat\u0131 \u0130ran&#8217;daki bir hastaneye nakledildi\u011fi vakf\u0131 taraf\u0131ndan a\u00e7\u0131kland\u0131.<br \/>\nNarges Mohammadi Vakf\u0131, Nobel \u00f6d\u00fcll\u00fc ismin iki kez tamamen bilincini kaybetti\u011fini ve ciddi bir kalp krizi ge\u00e7irdi\u011fini belirtti. Olaydan birka\u00e7 g\u00fcn sonra kendisini ziyaret eden avukatlar\u0131na g\u00f6re, Mart sonunda kalp krizi ge\u00e7irdi\u011fine inan\u0131l\u0131yordu.<br \/>\nVak\u0131f, hastaneye naklin, 12 Aral\u0131k&#8217;taki tutuklanmas\u0131ndan bu yana &#8220;140 g\u00fcnl\u00fck sistematik t\u0131bbi ihmalin ard\u0131ndan&#8221; ger\u00e7ekle\u015fti\u011fini s\u00f6yledi.<br \/>\nBu haftan\u0131n ba\u015flar\u0131nda Trump, Axios&#8217;a yapt\u0131\u011f\u0131 a\u00e7\u0131klamada, \u0130ran&#8217;\u0131n bo\u011faz\u0131 yeniden a\u00e7ma kar\u015f\u0131l\u0131\u011f\u0131nda ABD Donanmas\u0131&#8217;n\u0131n \u0130ran limanlar\u0131na uygulad\u0131\u011f\u0131 ablukay\u0131 kald\u0131rma teklifini reddetti\u011fini s\u00f6yledi.<br \/>\n\u0130ki b\u00f6lgesel yetkili bu haftan\u0131n ba\u015flar\u0131nda, \u0130ran teklifinin \u00fclkenin n\u00fckleer program\u0131na ili\u015fkin m\u00fczakereleri daha ileri bir tarihe ertelemi\u015f olaca\u011f\u0131n\u0131 s\u00f6yledi. Teklif hakk\u0131nda bilgi sahibi olan yetkililer, \u0130ranl\u0131 ve Pakistanl\u0131 yetkililer aras\u0131ndaki kapal\u0131 kap\u0131lar ard\u0131ndaki m\u00fczakereleri g\u00f6r\u00fc\u015fmek \u00fczere isminin a\u00e7\u0131klanmamas\u0131 ko\u015fuluyla konu\u015ftu.<br \/>\nTrump&#8217;\u0131n sava\u015fa gitmesinin ba\u015fl\u0131ca nedenlerinden birinin, \u0130ran&#8217;\u0131n n\u00fckleer silah geli\u015ftirme yetene\u011fini engellemek oldu\u011funu s\u00f6yledi\u011fi belirtildi.<br \/>\nYetkililere g\u00f6re, sava\u015f\u0131n 28 \u015eubat&#8217;ta ba\u015flamas\u0131ndan bu yana \u0130ran&#8217;da en az 3.375 ki\u015fi, sava\u015f\u0131n ba\u015flamas\u0131ndan iki g\u00fcn sonra \u0130srail ile \u0130ran destekli militan grup Hizbullah aras\u0131nda yeni \u00e7at\u0131\u015fmalar\u0131n \u00e7\u0131kt\u0131\u011f\u0131 L\u00fcbnan&#8217;da ise 2.600&#8217;den fazla ki\u015fi hayat\u0131n\u0131 kaybetti.<br \/>\nAyr\u0131ca, \u0130srail&#8217;de 24, K\u00f6rfez Arap \u00fclkelerinde ise 20&#8217;den fazla ki\u015fi \u00f6ld\u00fc. L\u00fcbnan&#8217;da on yedi \u0130srail askeri ve b\u00f6lge genelinde on \u00fc\u00e7 ABD askeri personelinin hayat\u0131n\u0131 kaybetti\u011fi bildirildi.<br \/>\n#Trump #\u0130ran #ABD\u0130ranGerilimi #H\u00fcrm\u00fczBo\u011faz\u0131 #Ate\u015fkes #Diplomasi #N\u00fckleerProgram #Ortado\u011fu #NargesMohammadi #Sava\u015fVeBar\u0131\u015f<\/p>\n","protected":false},"excerpt":{"rendered":"<p>ABD Ba\u015fkan\u0131 Donald Trump Cuma g\u00fcn\u00fc yapt\u0131\u011f\u0131 a\u00e7\u0131klamada, \u0130ran&#8217;\u0131n \u00fclkeler aras\u0131ndaki sava\u015f\u0131 sona erdirme m\u00fczakerelerindeki son teklifinden &#8220;memnun olmad\u0131\u011f\u0131n\u0131&#8221; belirtti ve plan\u0131 sunulur sunulmaz reddetti. \u0130ran&#8217;\u0131n devlet haber ajans\u0131 IRNA&#8217;n\u0131n bildirdi\u011fine g\u00f6re, \u0130ran m\u00fczakereler i\u00e7in son teklifini Per\u015fembe gecesi Pakistan&#8217;daki arabuluculara iletti. Trump, Cuma g\u00fcn\u00fc Beyaz Saray&#8217;da gazetecilere verdi\u011fi deme\u00e7te, &#8220;Bir anla\u015fma yapmak istiyorlar, ben [&hellip;]<\/p>\n","protected":false},"author":2,"featured_media":14922,"comment_status":"open","ping_status":"open","sticky":false,"template":"","format":"standard","meta":{"footnotes":""},"categories":[31],"tags":[],"class_list":["post-14921","post","type-post","status-publish","format-standard","has-post-thumbnail","hentry","category-iran-haberleri"],"_links":{"self":[{"href":"https:\/\/fajr.news\/index.php?rest_route=\/wp\/v2\/posts\/14921","targetHints":{"allow":["GET"]}}],"collection":[{"href":"https:\/\/fajr.news\/index.php?rest_route=\/wp\/v2\/posts"}],"about":[{"href":"https:\/\/fajr.news\/index.php?rest_route=\/wp\/v2\/types\/post"}],"author":[{"embeddable":true,"href":"https:\/\/fajr.news\/index.php?rest_route=\/wp\/v2\/users\/2"}],"replies":[{"embeddable":true,"href":"https:\/\/fajr.news\/index.php?rest_route=%2Fwp%2Fv2%2Fcomments&post=14921"}],"version-history":[{"count":0,"href":"https:\/\/fajr.news\/index.php?rest_route=\/wp\/v2\/posts\/14921\/revisions"}],"wp:featuredmedia":[{"embeddable":true,"href":"https:\/\/fajr.news\/index.php?rest_route=\/wp\/v2\/media\/14922"}],"wp:attachment":[{"href":"https:\/\/fajr.news\/index.php?rest_route=%2Fwp%2Fv2%2Fmedia&parent=14921"}],"wp:term":[{"taxonomy":"category","embeddable":true,"href":"https:\/\/fajr.news\/index.php?rest_route=%2Fwp%2Fv2%2Fcategories&post=14921"},{"taxonomy":"post_tag","embeddable":true,"href":"https:\/\/fajr.news\/index.php?rest_route=%2Fwp%2Fv2%2Ftags&post=14921"}],"curies":[{"name":"wp","href":"https:\/\/api.w.org\/{rel}","templated":true}]}}