{"id":14669,"date":"2026-05-01T21:08:56","date_gmt":"2026-05-01T17:38:56","guid":{"rendered":"https:\/\/fajr.news\/?p=14669"},"modified":"2026-05-01T21:08:56","modified_gmt":"2026-05-01T17:38:56","slug":"abden-orta-dogu-krizinin-vurdugu-isletmelere-destek-hamlesi","status":"publish","type":"post","link":"https:\/\/fajr.news\/?p=14669&lang=tr","title":{"rendered":"AB&#8217;den Orta Do\u011fu Krizinin Vurdu\u011fu \u0130\u015fletmelere Destek Hamlesi"},"content":{"rendered":"<h1>AB&#8217;den Orta Do\u011fu Krizinin Vurdu\u011fu \u0130\u015fletmelere Destek Hamlesi<\/h1>\n<p><strong>Avrupa Birli\u011fi, Orta Do\u011fu&#8217;da t\u0131rmanan gerilimin ve b\u00f6lgesel istikrars\u0131zl\u0131\u011f\u0131n ekonomik yans\u0131malar\u0131yla m\u00fccadele eden i\u015fletmelere y\u00f6nelik kapsaml\u0131 bir yard\u0131m \u00e7er\u00e7evesini kamuoyuna duyurdu.<\/strong> Bu ad\u0131m, b\u00f6lgedeki geli\u015fmelerin Avrupa ekonomileri \u00fczerindeki potansiyel olumsuz etkilerini hafifletmeyi ama\u00e7l\u0131yor.<\/p>\n<p>Br\u00fcksel&#8217;den yap\u0131lan a\u00e7\u0131klamaya g\u00f6re, haz\u0131rlanan destek paketi \u00f6zellikle akaryak\u0131t fiyatlar\u0131ndaki dalgalanmalara kar\u015f\u0131 savunmas\u0131z kabul edilen sekt\u00f6rlere odaklan\u0131yor. K\u00fcresel enerji piyasalar\u0131ndaki belirsizli\u011fin ve tedarik zincirlerindeki aksakl\u0131klar\u0131n en \u00e7ok etkiledi\u011fi bu alanlar, AB&#8217;nin ekonomik direncini koruma \u00e7abas\u0131n\u0131n merkezinde yer al\u0131yor.<\/p>\n<h2>Hedef Sekt\u00f6rler ve Ekonomik Hassasiyet<\/h2>\n<ul>\n<li><strong>Bal\u0131k\u00e7\u0131l\u0131k:<\/strong> Akaryak\u0131t maliyetlerinin \u00fcretim giderlerinde b\u00fcy\u00fck paya sahip oldu\u011fu bal\u0131k\u00e7\u0131l\u0131k sekt\u00f6r\u00fc, bu dalgalanmalardan do\u011frudan etkileniyor.<\/li>\n<li><strong>Ula\u015ft\u0131rma:<\/strong> Kara, deniz ve hava ta\u015f\u0131mac\u0131l\u0131\u011f\u0131, yak\u0131t fiyatlar\u0131ndaki her art\u0131\u015fta ciddi maliyet bask\u0131s\u0131 alt\u0131na giriyor ve bu durum nihai t\u00fcketiciye de yans\u0131yor.<\/li>\n<li><strong>Enerji Yo\u011fun Sanayiler:<\/strong> Demir-\u00e7elik, kimya ve cam gibi enerji t\u00fcketimi y\u00fcksek sanayi kollar\u0131, enerji maliyetlerindeki art\u0131\u015flar kar\u015f\u0131s\u0131nda rekabet g\u00fc\u00e7lerini kaybetme riskiyle kar\u015f\u0131 kar\u015f\u0131ya kal\u0131yor.<\/li>\n<\/ul>\n<p>Bu \u00e7er\u00e7eve, AB&#8217;nin kendi i\u00e7 pazar\u0131n\u0131 ve istihdam\u0131n\u0131 koruma y\u00f6n\u00fcndeki pragmatik yakla\u015f\u0131m\u0131n\u0131 bir kez daha g\u00f6zler \u00f6n\u00fcne seriyor. Orta Do\u011fu&#8217;daki krizin insani boyutlar\u0131 ve b\u00f6lgesel istikrars\u0131zl\u0131\u011f\u0131n uzun vadeli sonu\u00e7lar\u0131 devam ederken, Avrupa Birli\u011fi&#8217;nin \u00f6nceli\u011fi, kendi ekonomik \u00e7\u0131karlar\u0131n\u0131 g\u00fcvence alt\u0131na almak olarak belirginle\u015fiyor.<\/p>\n<p>AB&#8217;nin bu hamlesinin, b\u00f6lgedeki gerilimin k\u00fcresel ekonomiye yans\u0131malar\u0131n\u0131 ne \u00f6l\u00e7\u00fcde hafifletece\u011fi ve uzun vadede ne gibi sonu\u00e7lar do\u011furaca\u011f\u0131 ise merak konusu.<\/p>\n<p>#ABYard\u0131mPaketi #OrtaDo\u011fuKrizi #EkonomikDestek #Yak\u0131tFiyatlar\u0131 #AvrupaBirli\u011fi #\u0130\u015fletmelereDestek #Ekonomi #K\u00fcreselGerilim #EnerjiPiyasalar\u0131 #Sekt\u00f6relDestek<\/p>\n","protected":false},"excerpt":{"rendered":"<p>AB&#8217;den Orta Do\u011fu Krizinin Vurdu\u011fu \u0130\u015fletmelere Destek Hamlesi Avrupa Birli\u011fi, Orta Do\u011fu&#8217;da t\u0131rmanan gerilimin ve b\u00f6lgesel istikrars\u0131zl\u0131\u011f\u0131n ekonomik yans\u0131malar\u0131yla m\u00fccadele eden i\u015fletmelere y\u00f6nelik kapsaml\u0131 bir yard\u0131m \u00e7er\u00e7evesini kamuoyuna duyurdu. Bu ad\u0131m, b\u00f6lgedeki geli\u015fmelerin Avrupa ekonomileri \u00fczerindeki potansiyel olumsuz etkilerini hafifletmeyi ama\u00e7l\u0131yor. Br\u00fcksel&#8217;den yap\u0131lan a\u00e7\u0131klamaya g\u00f6re, haz\u0131rlanan destek paketi \u00f6zellikle akaryak\u0131t fiyatlar\u0131ndaki dalgalanmalara kar\u015f\u0131 savunmas\u0131z kabul [&hellip;]<\/p>\n","protected":false},"author":2,"featured_media":14670,"comment_status":"open","ping_status":"open","sticky":false,"template":"","format":"standard","meta":{"footnotes":""},"categories":[37],"tags":[],"class_list":["post-14669","post","type-post","status-publish","format-standard","has-post-thumbnail","hentry","category-orta-dogu-haberleri"],"_links":{"self":[{"href":"https:\/\/fajr.news\/index.php?rest_route=\/wp\/v2\/posts\/14669","targetHints":{"allow":["GET"]}}],"collection":[{"href":"https:\/\/fajr.news\/index.php?rest_route=\/wp\/v2\/posts"}],"about":[{"href":"https:\/\/fajr.news\/index.php?rest_route=\/wp\/v2\/types\/post"}],"author":[{"embeddable":true,"href":"https:\/\/fajr.news\/index.php?rest_route=\/wp\/v2\/users\/2"}],"replies":[{"embeddable":true,"href":"https:\/\/fajr.news\/index.php?rest_route=%2Fwp%2Fv2%2Fcomments&post=14669"}],"version-history":[{"count":0,"href":"https:\/\/fajr.news\/index.php?rest_route=\/wp\/v2\/posts\/14669\/revisions"}],"wp:featuredmedia":[{"embeddable":true,"href":"https:\/\/fajr.news\/index.php?rest_route=\/wp\/v2\/media\/14670"}],"wp:attachment":[{"href":"https:\/\/fajr.news\/index.php?rest_route=%2Fwp%2Fv2%2Fmedia&parent=14669"}],"wp:term":[{"taxonomy":"category","embeddable":true,"href":"https:\/\/fajr.news\/index.php?rest_route=%2Fwp%2Fv2%2Fcategories&post=14669"},{"taxonomy":"post_tag","embeddable":true,"href":"https:\/\/fajr.news\/index.php?rest_route=%2Fwp%2Fv2%2Ftags&post=14669"}],"curies":[{"name":"wp","href":"https:\/\/api.w.org\/{rel}","templated":true}]}}