{"id":14653,"date":"2026-05-01T20:59:32","date_gmt":"2026-05-01T17:29:32","guid":{"rendered":"https:\/\/fajr.news\/?p=14653"},"modified":"2026-05-01T20:59:32","modified_gmt":"2026-05-01T17:29:32","slug":"savas-zamanlarinda-kiliselerin-rolu-orta-doguda-diyakonal-bir-yanit","status":"publish","type":"post","link":"https:\/\/fajr.news\/?p=14653&lang=tr","title":{"rendered":"Sava\u015f Zamanlar\u0131nda Kiliselerin Rol\u00fc: Orta Do\u011fu&#8217;da Diyakonal Bir Yan\u0131t"},"content":{"rendered":"<p>Bu web semineri, <strong>D\u00fcnya Kiliseler Konseyi<\/strong> ve <strong>Orta Do\u011fu Kiliseler Konseyi<\/strong>&#8216;nin ortak bir giri\u015fimi olup, kiliselerin kriz zamanlar\u0131nda temel hizmet odakl\u0131 rol\u00fcn\u00fc vurgulamay\u0131 ve g\u00fc\u00e7lendirmeyi ama\u00e7lamaktad\u0131r.<\/p>\n<p>Orta Do\u011fu, uzun s\u00fcreli \u00e7at\u0131\u015fmalar, insani krizler ve derin sosyal ve ekonomik bozulmalarla y\u00fczle\u015fmeye devam etmektedir. Bu ba\u011flamlarda, kiliseler ve kiliseyle ili\u015fkili kurulu\u015flar, di\u011fer sistemlerin \u00e7\u00f6kt\u00fc\u011f\u00fc veya eri\u015filemez hale geldi\u011fi yerlerde genellikle varl\u0131klar\u0131n\u0131 s\u00fcrd\u00fcrerek, <em>hizmet sa\u011flay\u0131c\u0131lar ve toplumun dayanak noktalar\u0131<\/em> olarak hayati bir rol oynamaktad\u0131r.<\/p>\n<p>Web semineri, a\u015fa\u011f\u0131daki gibi \u00f6nemli temalar\u0131 \u00f6ne \u00e7\u0131karacakt\u0131r:<\/p>\n<ul>\n<li><strong>Sava\u015f Zamanlar\u0131nda Hizmet Olarak Diyakoni<\/strong><\/li>\n<li>\u0130nsani ve Sosyal Hizmet Sunumu<\/li>\n<li>Sa\u011fl\u0131k ve \u015eifa Hizmetleri<\/li>\n<li>Toplum Deste\u011fi ve Sosyal Uyum<\/li>\n<li>Psikososyal ve Pastoral Bak\u0131m<\/li>\n<li>K\u0131r\u0131lgan Ba\u011flamlarda Hizmetlerin S\u00fcrd\u00fcr\u00fclmesi<\/li>\n<\/ul>\n<p>#Kiliseler #OrtaDo\u011fu #Sava\u015fZamanlar\u0131 #\u0130nsaniYard\u0131m #KrizY\u00f6netimi #Diyakoni #ToplumHizmetleri #SosyalDestek #PsikososyalBak\u0131m #WebSemineri<\/p>\n","protected":false},"excerpt":{"rendered":"<p>Bu web semineri, D\u00fcnya Kiliseler Konseyi ve Orta Do\u011fu Kiliseler Konseyi&#8216;nin ortak bir giri\u015fimi olup, kiliselerin kriz zamanlar\u0131nda temel hizmet odakl\u0131 rol\u00fcn\u00fc vurgulamay\u0131 ve g\u00fc\u00e7lendirmeyi ama\u00e7lamaktad\u0131r. Orta Do\u011fu, uzun s\u00fcreli \u00e7at\u0131\u015fmalar, insani krizler ve derin sosyal ve ekonomik bozulmalarla y\u00fczle\u015fmeye devam etmektedir. Bu ba\u011flamlarda, kiliseler ve kiliseyle ili\u015fkili kurulu\u015flar, di\u011fer sistemlerin \u00e7\u00f6kt\u00fc\u011f\u00fc veya eri\u015filemez hale [&hellip;]<\/p>\n","protected":false},"author":2,"featured_media":14654,"comment_status":"open","ping_status":"open","sticky":false,"template":"","format":"standard","meta":{"footnotes":""},"categories":[37],"tags":[],"class_list":["post-14653","post","type-post","status-publish","format-standard","has-post-thumbnail","hentry","category-orta-dogu-haberleri"],"_links":{"self":[{"href":"https:\/\/fajr.news\/index.php?rest_route=\/wp\/v2\/posts\/14653","targetHints":{"allow":["GET"]}}],"collection":[{"href":"https:\/\/fajr.news\/index.php?rest_route=\/wp\/v2\/posts"}],"about":[{"href":"https:\/\/fajr.news\/index.php?rest_route=\/wp\/v2\/types\/post"}],"author":[{"embeddable":true,"href":"https:\/\/fajr.news\/index.php?rest_route=\/wp\/v2\/users\/2"}],"replies":[{"embeddable":true,"href":"https:\/\/fajr.news\/index.php?rest_route=%2Fwp%2Fv2%2Fcomments&post=14653"}],"version-history":[{"count":0,"href":"https:\/\/fajr.news\/index.php?rest_route=\/wp\/v2\/posts\/14653\/revisions"}],"wp:featuredmedia":[{"embeddable":true,"href":"https:\/\/fajr.news\/index.php?rest_route=\/wp\/v2\/media\/14654"}],"wp:attachment":[{"href":"https:\/\/fajr.news\/index.php?rest_route=%2Fwp%2Fv2%2Fmedia&parent=14653"}],"wp:term":[{"taxonomy":"category","embeddable":true,"href":"https:\/\/fajr.news\/index.php?rest_route=%2Fwp%2Fv2%2Fcategories&post=14653"},{"taxonomy":"post_tag","embeddable":true,"href":"https:\/\/fajr.news\/index.php?rest_route=%2Fwp%2Fv2%2Ftags&post=14653"}],"curies":[{"name":"wp","href":"https:\/\/api.w.org\/{rel}","templated":true}]}}