{"id":14605,"date":"2026-05-01T19:50:21","date_gmt":"2026-05-01T16:20:21","guid":{"rendered":"https:\/\/fajr.news\/?p=14605"},"modified":"2026-05-01T19:50:21","modified_gmt":"2026-05-01T16:20:21","slug":"bahrinin-kari-artan-navlun-oranlari-ve-orta-dogu-catismasinin-etkileriyle-yukseldi","status":"publish","type":"post","link":"https:\/\/fajr.news\/?p=14605&lang=tr","title":{"rendered":"Bahri&#8217;nin k\u00e2r\u0131, artan navlun oranlar\u0131 ve Orta Do\u011fu \u00e7at\u0131\u015fmas\u0131n\u0131n etkileriyle y\u00fckseldi"},"content":{"rendered":"<p>Suudi gemi sahibi, petrol piyasas\u0131n\u0131n &#8216;son derece de\u011fi\u015fken&#8217; kalmas\u0131n\u0131 bekliyor.<br \/>\nBahri&#8217;nin \u00fc\u00e7 ayl\u0131k k\u00e2r\u0131, Orta Do\u011fu&#8217;da devam eden \u00e7at\u0131\u015fman\u0131n patlak vermesinin ard\u0131ndan ya\u015fanan aksakl\u0131klar ve b\u00fcy\u00fcyen tanker filosunun hareketli bir piyasada konu\u015fland\u0131r\u0131lmas\u0131yla f\u0131rlad\u0131.<br \/>\nSuudi Arabistanl\u0131 gemi sahibi, ilk \u00e7eyrek sonu\u00e7lar\u0131nda, tankerlerin H\u00fcrm\u00fcz Bo\u011faz\u0131&#8217;ndan ge\u00e7i\u015flerinin b\u00fcy\u00fck \u00f6l\u00e7\u00fcde durmas\u0131yla Suudi ham petrol ihracat ak\u0131\u015flar\u0131n\u0131n giderek K\u0131z\u0131ldeniz koridoruna kayd\u0131\u011f\u0131n\u0131 ve bunun da navlun oranlar\u0131nda keskin bir art\u0131\u015fa yol a\u00e7t\u0131\u011f\u0131n\u0131 belirtti.<br \/>\n#Bahri #PetrolPiyasas\u0131 #NavlunOranlar\u0131 #OrtaDo\u011fu\u00c7at\u0131\u015fmas\u0131 #TankerFilosu #SuudiArabistan #H\u00fcrm\u00fczBo\u011faz\u0131 #K\u0131z\u0131ldeniz #EnerjiPiyasas\u0131 #K\u00fcreselTicaret<\/p>\n","protected":false},"excerpt":{"rendered":"<p>Suudi gemi sahibi, petrol piyasas\u0131n\u0131n &#8216;son derece de\u011fi\u015fken&#8217; kalmas\u0131n\u0131 bekliyor. Bahri&#8217;nin \u00fc\u00e7 ayl\u0131k k\u00e2r\u0131, Orta Do\u011fu&#8217;da devam eden \u00e7at\u0131\u015fman\u0131n patlak vermesinin ard\u0131ndan ya\u015fanan aksakl\u0131klar ve b\u00fcy\u00fcyen tanker filosunun hareketli bir piyasada konu\u015fland\u0131r\u0131lmas\u0131yla f\u0131rlad\u0131. Suudi Arabistanl\u0131 gemi sahibi, ilk \u00e7eyrek sonu\u00e7lar\u0131nda, tankerlerin H\u00fcrm\u00fcz Bo\u011faz\u0131&#8217;ndan ge\u00e7i\u015flerinin b\u00fcy\u00fck \u00f6l\u00e7\u00fcde durmas\u0131yla Suudi ham petrol ihracat ak\u0131\u015flar\u0131n\u0131n giderek K\u0131z\u0131ldeniz koridoruna [&hellip;]<\/p>\n","protected":false},"author":2,"featured_media":14606,"comment_status":"open","ping_status":"open","sticky":false,"template":"","format":"standard","meta":{"footnotes":""},"categories":[37],"tags":[],"class_list":["post-14605","post","type-post","status-publish","format-standard","has-post-thumbnail","hentry","category-orta-dogu-haberleri"],"_links":{"self":[{"href":"https:\/\/fajr.news\/index.php?rest_route=\/wp\/v2\/posts\/14605","targetHints":{"allow":["GET"]}}],"collection":[{"href":"https:\/\/fajr.news\/index.php?rest_route=\/wp\/v2\/posts"}],"about":[{"href":"https:\/\/fajr.news\/index.php?rest_route=\/wp\/v2\/types\/post"}],"author":[{"embeddable":true,"href":"https:\/\/fajr.news\/index.php?rest_route=\/wp\/v2\/users\/2"}],"replies":[{"embeddable":true,"href":"https:\/\/fajr.news\/index.php?rest_route=%2Fwp%2Fv2%2Fcomments&post=14605"}],"version-history":[{"count":0,"href":"https:\/\/fajr.news\/index.php?rest_route=\/wp\/v2\/posts\/14605\/revisions"}],"wp:featuredmedia":[{"embeddable":true,"href":"https:\/\/fajr.news\/index.php?rest_route=\/wp\/v2\/media\/14606"}],"wp:attachment":[{"href":"https:\/\/fajr.news\/index.php?rest_route=%2Fwp%2Fv2%2Fmedia&parent=14605"}],"wp:term":[{"taxonomy":"category","embeddable":true,"href":"https:\/\/fajr.news\/index.php?rest_route=%2Fwp%2Fv2%2Fcategories&post=14605"},{"taxonomy":"post_tag","embeddable":true,"href":"https:\/\/fajr.news\/index.php?rest_route=%2Fwp%2Fv2%2Ftags&post=14605"}],"curies":[{"name":"wp","href":"https:\/\/api.w.org\/{rel}","templated":true}]}}