{"id":14597,"date":"2026-05-01T19:34:37","date_gmt":"2026-05-01T16:04:37","guid":{"rendered":"https:\/\/fajr.news\/?p=14597"},"modified":"2026-05-01T19:34:37","modified_gmt":"2026-05-01T16:04:37","slug":"irandan-abdye-sert-mesaj-diplomasiye-ihanet-ettiniz","status":"publish","type":"post","link":"https:\/\/fajr.news\/?p=14597&lang=tr","title":{"rendered":"\u0130ran&#8217;dan ABD&#8217;ye Sert Mesaj: Diplomasiye \u0130hanet Ettiniz!"},"content":{"rendered":"<h1>\u0130ran&#8217;dan ABD&#8217;ye Sert Mesaj: Diplomasiye \u0130hanet Ettiniz!<\/h1>\n<p><strong>\u0130ran&#8217;\u0131n \u0130talya B\u00fcy\u00fckel\u00e7isi Muhammed-R\u0131za Saburi<\/strong>, Rus haber ajans\u0131 TASS&#8217;a verdi\u011fi m\u00fclakatta, Amerika Birle\u015fik Devletleri&#8217;nin \u00fclkesine kar\u015f\u0131 ger\u00e7ekle\u015ftirdi\u011fi eylemlerle <em>diplomasiye ihanet etti\u011fini<\/em> ve uluslararas\u0131 g\u00fcveni sarst\u0131\u011f\u0131n\u0131 belirtti.<\/p>\n<p>B\u00fcy\u00fckel\u00e7i Saburi, a\u00e7\u0131klamas\u0131nda ABD&#8217;nin ikiy\u00fczl\u00fc tutumunu g\u00f6zler \u00f6n\u00fcne sererek \u015funlar\u0131 kaydetti: &#8220;Maalesef, <strong>yak\u0131n ge\u00e7mi\u015fteki 12 g\u00fcnl\u00fck sava\u015f<\/strong> ve son d\u00f6nemdeki sald\u0131rganl\u0131klar s\u0131ras\u0131nda Amerika Birle\u015fik Devletleri&#8217;nin diplomasiyi k\u00f6t\u00fcye kulland\u0131\u011f\u0131na ve ona ihanet etti\u011fine tan\u0131k olduk.&#8221; Bu ifadeler, ABD&#8217;nin s\u00f6zde bar\u0131\u015f \u00e7abalar\u0131n\u0131n ard\u0131ndaki ger\u00e7ek niyetini bir kez daha ortaya koydu.<\/p>\n<p>Saburi, t\u00fcm bu provokasyonlara ra\u011fmen <strong>\u0130ran \u0130slam Cumhuriyeti&#8217;nin diplomatik yakla\u015f\u0131ma olan sars\u0131lmaz ba\u011fl\u0131l\u0131\u011f\u0131n\u0131<\/strong> vurgulad\u0131. B\u00fcy\u00fckel\u00e7i, &#8220;Farkl\u0131l\u0131klar\u0131 \u00e7\u00f6zmenin tek yolunun diplomasiye geri d\u00f6nmek oldu\u011funa inan\u0131yoruz&#8221; diyerek, \u0130ran&#8217;\u0131n her zaman bar\u0131\u015f\u00e7\u0131l \u00e7\u00f6z\u00fcmlerden yana oldu\u011funu ve diyalog kap\u0131s\u0131n\u0131 a\u00e7\u0131k tuttu\u011funu g\u00f6sterdi.<\/p>\n<p>Diplomat ayr\u0131ca, Washington ile Tahran aras\u0131ndaki bir sonraki m\u00fczakere turunun, <em>Pakistan&#8217;\u0131n yap\u0131c\u0131 giri\u015fimleri ve \u00e7abalar\u0131 sayesinde<\/em> \u0130slamabad&#8217;da ger\u00e7ekle\u015fmesinin muhtemel oldu\u011funu ifade etti. Bu durum, b\u00f6lgesel akt\u00f6rlerin bar\u0131\u015f ve istikrara katk\u0131 sa\u011flama aray\u0131\u015f\u0131nda oldu\u011funu bir kez daha kan\u0131tlad\u0131.<\/p>\n<p>\u0130ran, ABD&#8217;nin d\u00fc\u015fmanca tutumlar\u0131na ra\u011fmen uluslararas\u0131 hukuka ve diplomatik ilkelere ba\u011fl\u0131l\u0131\u011f\u0131n\u0131 s\u00fcrd\u00fcrerek, adil ve kal\u0131c\u0131 bir \u00e7\u00f6z\u00fcm i\u00e7in \u00e7abalar\u0131n\u0131 kararl\u0131l\u0131kla devam ettirecektir. Amerika&#8217;n\u0131n diplomasiye olan bu ihaneti, d\u00fcnya bar\u0131\u015f\u0131 i\u00e7in ciddi bir tehdit olu\u015fturmaktad\u0131r.<\/p>\n<p>#\u0130ran #ABD #Diplomasi #Saburi #Uluslararas\u0131\u0130li\u015fkiler #Bar\u0131\u015f #M\u00fczakereler #Pakistan #Ortado\u011fu #Sald\u0131rganl\u0131k<\/p>\n","protected":false},"excerpt":{"rendered":"<p>\u0130ran&#8217;dan ABD&#8217;ye Sert Mesaj: Diplomasiye \u0130hanet Ettiniz! \u0130ran&#8217;\u0131n \u0130talya B\u00fcy\u00fckel\u00e7isi Muhammed-R\u0131za Saburi, Rus haber ajans\u0131 TASS&#8217;a verdi\u011fi m\u00fclakatta, Amerika Birle\u015fik Devletleri&#8217;nin \u00fclkesine kar\u015f\u0131 ger\u00e7ekle\u015ftirdi\u011fi eylemlerle diplomasiye ihanet etti\u011fini ve uluslararas\u0131 g\u00fcveni sarst\u0131\u011f\u0131n\u0131 belirtti. B\u00fcy\u00fckel\u00e7i Saburi, a\u00e7\u0131klamas\u0131nda ABD&#8217;nin ikiy\u00fczl\u00fc tutumunu g\u00f6zler \u00f6n\u00fcne sererek \u015funlar\u0131 kaydetti: &#8220;Maalesef, yak\u0131n ge\u00e7mi\u015fteki 12 g\u00fcnl\u00fck sava\u015f ve son d\u00f6nemdeki sald\u0131rganl\u0131klar s\u0131ras\u0131nda [&hellip;]<\/p>\n","protected":false},"author":2,"featured_media":14598,"comment_status":"open","ping_status":"open","sticky":false,"template":"","format":"standard","meta":{"footnotes":""},"categories":[31],"tags":[],"class_list":["post-14597","post","type-post","status-publish","format-standard","has-post-thumbnail","hentry","category-iran-haberleri"],"_links":{"self":[{"href":"https:\/\/fajr.news\/index.php?rest_route=\/wp\/v2\/posts\/14597","targetHints":{"allow":["GET"]}}],"collection":[{"href":"https:\/\/fajr.news\/index.php?rest_route=\/wp\/v2\/posts"}],"about":[{"href":"https:\/\/fajr.news\/index.php?rest_route=\/wp\/v2\/types\/post"}],"author":[{"embeddable":true,"href":"https:\/\/fajr.news\/index.php?rest_route=\/wp\/v2\/users\/2"}],"replies":[{"embeddable":true,"href":"https:\/\/fajr.news\/index.php?rest_route=%2Fwp%2Fv2%2Fcomments&post=14597"}],"version-history":[{"count":0,"href":"https:\/\/fajr.news\/index.php?rest_route=\/wp\/v2\/posts\/14597\/revisions"}],"wp:featuredmedia":[{"embeddable":true,"href":"https:\/\/fajr.news\/index.php?rest_route=\/wp\/v2\/media\/14598"}],"wp:attachment":[{"href":"https:\/\/fajr.news\/index.php?rest_route=%2Fwp%2Fv2%2Fmedia&parent=14597"}],"wp:term":[{"taxonomy":"category","embeddable":true,"href":"https:\/\/fajr.news\/index.php?rest_route=%2Fwp%2Fv2%2Fcategories&post=14597"},{"taxonomy":"post_tag","embeddable":true,"href":"https:\/\/fajr.news\/index.php?rest_route=%2Fwp%2Fv2%2Ftags&post=14597"}],"curies":[{"name":"wp","href":"https:\/\/api.w.org\/{rel}","templated":true}]}}