{"id":14593,"date":"2026-05-01T19:18:47","date_gmt":"2026-05-01T15:48:47","guid":{"rendered":"https:\/\/fajr.news\/?p=14593"},"modified":"2026-05-01T19:18:47","modified_gmt":"2026-05-01T15:48:47","slug":"orta-dogudaki-durum-hakkinda-bakanlar-toplantisi","status":"publish","type":"post","link":"https:\/\/fajr.news\/?p=14593&lang=tr","title":{"rendered":"Orta Do\u011fu&#8217;daki Durum Hakk\u0131nda Bakanlar Toplant\u0131s\u0131"},"content":{"rendered":"<p>30 Nisan 2026 tarihinde Ba\u015fbakan Takaichi, Ba\u015fbakanl\u0131k Ofisi&#8217;nde d\u00fczenlenen Orta Do\u011fu&#8217;daki Durum Hakk\u0131nda Alt\u0131nc\u0131 Bakanlar Toplant\u0131s\u0131&#8217;na kat\u0131ld\u0131. Toplant\u0131da, kat\u0131l\u0131mc\u0131lar Orta Do\u011fu&#8217;daki mevcut durum ve ilgili konular hakk\u0131nda kapsaml\u0131 g\u00f6r\u00fc\u015fmeler ger\u00e7ekle\u015ftirdi.<\/p>\n<p>#OrtaDo\u011fu #BakanlarToplant\u0131s\u0131 #Takaichi #Ba\u015fbakanl\u0131k #Diplomasi #Uluslararas\u0131\u0130li\u015fkiler #B\u00f6lgeselGeli\u015fmeler #Siyaset #G\u00fcndem #2026<\/p>\n","protected":false},"excerpt":{"rendered":"<p>30 Nisan 2026 tarihinde Ba\u015fbakan Takaichi, Ba\u015fbakanl\u0131k Ofisi&#8217;nde d\u00fczenlenen Orta Do\u011fu&#8217;daki Durum Hakk\u0131nda Alt\u0131nc\u0131 Bakanlar Toplant\u0131s\u0131&#8217;na kat\u0131ld\u0131. Toplant\u0131da, kat\u0131l\u0131mc\u0131lar Orta Do\u011fu&#8217;daki mevcut durum ve ilgili konular hakk\u0131nda kapsaml\u0131 g\u00f6r\u00fc\u015fmeler ger\u00e7ekle\u015ftirdi. #OrtaDo\u011fu #BakanlarToplant\u0131s\u0131 #Takaichi #Ba\u015fbakanl\u0131k #Diplomasi #Uluslararas\u0131\u0130li\u015fkiler #B\u00f6lgeselGeli\u015fmeler #Siyaset #G\u00fcndem #2026<\/p>\n","protected":false},"author":2,"featured_media":14594,"comment_status":"open","ping_status":"open","sticky":false,"template":"","format":"standard","meta":{"footnotes":""},"categories":[37],"tags":[],"class_list":["post-14593","post","type-post","status-publish","format-standard","has-post-thumbnail","hentry","category-orta-dogu-haberleri"],"_links":{"self":[{"href":"https:\/\/fajr.news\/index.php?rest_route=\/wp\/v2\/posts\/14593","targetHints":{"allow":["GET"]}}],"collection":[{"href":"https:\/\/fajr.news\/index.php?rest_route=\/wp\/v2\/posts"}],"about":[{"href":"https:\/\/fajr.news\/index.php?rest_route=\/wp\/v2\/types\/post"}],"author":[{"embeddable":true,"href":"https:\/\/fajr.news\/index.php?rest_route=\/wp\/v2\/users\/2"}],"replies":[{"embeddable":true,"href":"https:\/\/fajr.news\/index.php?rest_route=%2Fwp%2Fv2%2Fcomments&post=14593"}],"version-history":[{"count":0,"href":"https:\/\/fajr.news\/index.php?rest_route=\/wp\/v2\/posts\/14593\/revisions"}],"wp:featuredmedia":[{"embeddable":true,"href":"https:\/\/fajr.news\/index.php?rest_route=\/wp\/v2\/media\/14594"}],"wp:attachment":[{"href":"https:\/\/fajr.news\/index.php?rest_route=%2Fwp%2Fv2%2Fmedia&parent=14593"}],"wp:term":[{"taxonomy":"category","embeddable":true,"href":"https:\/\/fajr.news\/index.php?rest_route=%2Fwp%2Fv2%2Fcategories&post=14593"},{"taxonomy":"post_tag","embeddable":true,"href":"https:\/\/fajr.news\/index.php?rest_route=%2Fwp%2Fv2%2Ftags&post=14593"}],"curies":[{"name":"wp","href":"https:\/\/api.w.org\/{rel}","templated":true}]}}