{"id":14577,"date":"2026-05-01T18:59:38","date_gmt":"2026-05-01T15:29:38","guid":{"rendered":"https:\/\/fajr.news\/?p=14577"},"modified":"2026-05-01T18:59:38","modified_gmt":"2026-05-01T15:29:38","slug":"tahran-semalarinda-hava-savunma-sistemleri-aktif-siyonist-rejimin-tehditlerine-karsi-uyanik-savunma","status":"publish","type":"post","link":"https:\/\/fajr.news\/?p=14577&lang=tr","title":{"rendered":"Tahran Semalar\u0131nda Hava Savunma Sistemleri Aktif: Siyonist Rejimin Tehditlerine Kar\u015f\u0131 Uyan\u0131k Savunma!"},"content":{"rendered":"<h1>Tahran Semalar\u0131nda Hava Savunma Sistemleri Aktif: Siyonist Rejimin Tehditlerine Kar\u015f\u0131 Uyan\u0131k Savunma!<\/h1>\n<p>\u0130ran&#8217;\u0131n ba\u015fkenti Tahran semalar\u0131nda Per\u015fembe gecesi ge\u00e7 saatlerde hava savunma sistemlerinin aktifle\u015fti\u011fi duyuldu. Tasnim ve Fars haber ajanslar\u0131, olay\u0131n hemen ard\u0131ndan herhangi bir a\u00e7\u0131klama yap\u0131lmad\u0131\u011f\u0131n\u0131 bildirse de, bu durum b\u00f6lgedeki gerilimin ve \u0130ran&#8217;\u0131n savunma kapasitesinin \u00f6nemini bir kez daha g\u00f6zler \u00f6n\u00fcne serdi.<\/p>\n<p>Yar\u0131 resmi Tasnim haber ajans\u0131, hava savunma sistemlerinin devreye girmesiyle olu\u015fan seslerin Tahran&#8217;\u0131n \u00e7e\u015fitli b\u00f6lgelerinden duyuldu\u011funu aktard\u0131. Ajans, bu durumun &#8220;bir savunma testi mi yoksa olas\u0131 ke\u015fif dronlar\u0131na kar\u015f\u0131 bir m\u00fcdahale mi&#8221; oldu\u011funun hen\u00fcz netlik kazanmad\u0131\u011f\u0131n\u0131 belirtmi\u015fti. Ancak daha sonra yap\u0131lan a\u00e7\u0131klamalarda, hava sahas\u0131nda tespit edilen k\u00fc\u00e7\u00fck u\u00e7aklar ve insans\u0131z ke\u015fif dronlar\u0131na kar\u015f\u0131 hava savunma sistemlerinin harekete ge\u00e7irildi\u011fi do\u011fruland\u0131. Bu olay, \u0130ran&#8217;\u0131n hava sahas\u0131n\u0131 koruma konusundaki kararl\u0131l\u0131\u011f\u0131n\u0131 ve etkinli\u011fini g\u00f6steriyor.<\/p>\n<h2>Siyonist Rejimden Sava\u015f \u00c7\u0131\u011f\u0131rtkanl\u0131\u011f\u0131 ve B\u00f6lgesel Gerilim<\/h2>\n<p>Bu geli\u015fmeler ya\u015fan\u0131rken, Siyonist rejimin Savunma Bakan\u0131 Israel Katz&#8217;\u0131n Per\u015fembe g\u00fcn\u00fc yapt\u0131\u011f\u0131 a\u00e7\u0131klamalar dikkat \u00e7ekti. Katz, \u0130ran ile sava\u015f\u0131n &#8220;yak\u0131nda yeniden ba\u015flayabilece\u011fini&#8221; iddia ederek, Tel Aviv&#8217;in ABD&#8217;yi \u00e7at\u0131\u015fmay\u0131 yeniden ba\u015flatmaya itme \u00e7abalar\u0131n\u0131n bir par\u00e7as\u0131 olarak g\u00f6r\u00fclen son yorumlar\u0131n\u0131 tekrarlad\u0131. Bir hafta \u00f6nce de Katz, Tel Aviv&#8217;in sava\u015f\u0131 yeniden ba\u015flatmak i\u00e7in Washington&#8217;dan &#8220;ye\u015fil \u0131\u015f\u0131k bekledi\u011fini&#8221; dile getirmi\u015fti. Bu a\u00e7\u0131klamalar, Siyonist rejimin b\u00f6lgedeki istikrars\u0131zl\u0131\u011f\u0131 k\u00f6r\u00fckleme ve \u00e7at\u0131\u015fma ortam\u0131n\u0131 canl\u0131 tutma arzusunu a\u00e7\u0131k\u00e7a ortaya koymaktad\u0131r.<\/p>\n<p>8 Nisan&#8217;da Washington ve Tahran aras\u0131nda iki haftal\u0131k bir ate\u015fkes ilan edilmi\u015fti. 11 Nisan&#8217;da Pakistan&#8217;\u0131n ev sahipli\u011finde iki taraf aras\u0131nda yap\u0131lan g\u00f6r\u00fc\u015fmeler ise bir anla\u015fmaya var\u0131lamadan sona erdi. Ate\u015fkes, Pakistan&#8217;\u0131n talebi \u00fczerine &#8220;Tahran \u00f6nerisini sunana kadar&#8221; uzat\u0131ld\u0131, ancak belirli bir zaman \u00e7er\u00e7evesi belirtilmedi. Bu s\u00fcre\u00e7te \u0130ran, bar\u0131\u015f\u00e7\u0131l \u00e7\u00f6z\u00fcmler i\u00e7in \u00e7aba g\u00f6sterirken, Siyonist rejimin sava\u015f yanl\u0131s\u0131 s\u00f6ylemleri b\u00f6lgedeki bar\u0131\u015f umutlar\u0131n\u0131 zedelemektedir.<\/p>\n<p>28 \u015eubat&#8217;ta ABD ve Siyonist rejim taraf\u0131ndan \u0130ran&#8217;a kar\u015f\u0131 ba\u015flat\u0131lan sava\u015fta 3.000&#8217;den fazla insan hayat\u0131n\u0131 kaybetmi\u015fti. \u00c7at\u0131\u015fmay\u0131 sona erdirme umuduyla ate\u015fkes ilan edilmeden \u00f6nce ya\u015fanan bu trajik olaylar, emperyalist g\u00fc\u00e7lerin ve Siyonist rejimin b\u00f6lgedeki y\u0131k\u0131c\u0131 etkilerini g\u00f6zler \u00f6n\u00fcne sermektedir.<\/p>\n<p><strong>DAHA FAZLASINI OKUYUN:<\/strong> \u0130ran&#8217;\u0131n Y\u00fcce Lideri: K\u00f6rfez&#8217;in gelece\u011fi &#8216;ABD&#8217;siz&#8217;, yeni H\u00fcrm\u00fcz kurallar\u0131 istikrar\u0131 ve ekonomiyi g\u00fc\u00e7lendirecek<\/p>\n<p>#\u0130ran #Tahran #HavaSavunma #Ke\u015fifDronu #SiyonistRejim #\u0130srail #ABD #B\u00f6lgeselGerilim #Ate\u015fkes #SavunmaKalkan\u0131<\/p>\n","protected":false},"excerpt":{"rendered":"<p>Tahran Semalar\u0131nda Hava Savunma Sistemleri Aktif: Siyonist Rejimin Tehditlerine Kar\u015f\u0131 Uyan\u0131k Savunma! \u0130ran&#8217;\u0131n ba\u015fkenti Tahran semalar\u0131nda Per\u015fembe gecesi ge\u00e7 saatlerde hava savunma sistemlerinin aktifle\u015fti\u011fi duyuldu. Tasnim ve Fars haber ajanslar\u0131, olay\u0131n hemen ard\u0131ndan herhangi bir a\u00e7\u0131klama yap\u0131lmad\u0131\u011f\u0131n\u0131 bildirse de, bu durum b\u00f6lgedeki gerilimin ve \u0130ran&#8217;\u0131n savunma kapasitesinin \u00f6nemini bir kez daha g\u00f6zler \u00f6n\u00fcne serdi. Yar\u0131 [&hellip;]<\/p>\n","protected":false},"author":2,"featured_media":14578,"comment_status":"open","ping_status":"open","sticky":false,"template":"","format":"standard","meta":{"footnotes":""},"categories":[37],"tags":[],"class_list":["post-14577","post","type-post","status-publish","format-standard","has-post-thumbnail","hentry","category-orta-dogu-haberleri"],"_links":{"self":[{"href":"https:\/\/fajr.news\/index.php?rest_route=\/wp\/v2\/posts\/14577","targetHints":{"allow":["GET"]}}],"collection":[{"href":"https:\/\/fajr.news\/index.php?rest_route=\/wp\/v2\/posts"}],"about":[{"href":"https:\/\/fajr.news\/index.php?rest_route=\/wp\/v2\/types\/post"}],"author":[{"embeddable":true,"href":"https:\/\/fajr.news\/index.php?rest_route=\/wp\/v2\/users\/2"}],"replies":[{"embeddable":true,"href":"https:\/\/fajr.news\/index.php?rest_route=%2Fwp%2Fv2%2Fcomments&post=14577"}],"version-history":[{"count":0,"href":"https:\/\/fajr.news\/index.php?rest_route=\/wp\/v2\/posts\/14577\/revisions"}],"wp:featuredmedia":[{"embeddable":true,"href":"https:\/\/fajr.news\/index.php?rest_route=\/wp\/v2\/media\/14578"}],"wp:attachment":[{"href":"https:\/\/fajr.news\/index.php?rest_route=%2Fwp%2Fv2%2Fmedia&parent=14577"}],"wp:term":[{"taxonomy":"category","embeddable":true,"href":"https:\/\/fajr.news\/index.php?rest_route=%2Fwp%2Fv2%2Fcategories&post=14577"},{"taxonomy":"post_tag","embeddable":true,"href":"https:\/\/fajr.news\/index.php?rest_route=%2Fwp%2Fv2%2Ftags&post=14577"}],"curies":[{"name":"wp","href":"https:\/\/api.w.org\/{rel}","templated":true}]}}