{"id":14571,"date":"2026-05-01T18:50:01","date_gmt":"2026-05-01T15:20:01","guid":{"rendered":"https:\/\/fajr.news\/?p=14571"},"modified":"2026-05-01T18:50:01","modified_gmt":"2026-05-01T15:20:01","slug":"orta-dogu-catismasinin-etkisine-ragmen-ingiltere-konut-fiyatlari-yukseldi","status":"publish","type":"post","link":"https:\/\/fajr.news\/?p=14571&lang=tr","title":{"rendered":"Orta Do\u011fu \u00c7at\u0131\u015fmas\u0131n\u0131n Etkisine Ra\u011fmen \u0130ngiltere Konut Fiyatlar\u0131 Y\u00fckseldi"},"content":{"rendered":"<p>Nationwide&#8217;\u0131n a\u00e7\u0131klamas\u0131na g\u00f6re, Nisan ay\u0131nda %3&#8217;l\u00fck bir art\u0131\u015fla son 11 ay\u0131n en h\u0131zl\u0131 y\u0131ll\u0131k y\u00fckseli\u015fi kaydedildi ve tipik bir m\u00fclk\u00fcn de\u011feri 278.880 sterline ula\u015ft\u0131.<\/p>\n<p>\u0130ngiltere&#8217;deki konut fiyatlar\u0131, Nationwide&#8217;\u0131n verilerine g\u00f6re Nisan ay\u0131nda son 11 ay\u0131n en h\u0131zl\u0131 y\u0131ll\u0131k art\u0131\u015f\u0131n\u0131 g\u00f6stererek emlak\u00e7\u0131lar\u0131 ve ekonomistleri \u015fa\u015f\u0131rtt\u0131. \u00dclkenin en b\u00fcy\u00fck yap\u0131 kooperatifi, ipotek verilerinin konut fiyatlar\u0131n\u0131n Nisan ay\u0131nda bir \u00f6nceki y\u0131la g\u00f6re beklenmedik bir \u015fekilde %3 artt\u0131\u011f\u0131n\u0131 (Mart ay\u0131ndaki %2,2&#8217;den y\u00fckselerek) ve tipik bir \u0130ngiltere m\u00fclk\u00fcn\u00fcn de\u011ferinin 278.880 sterlin oldu\u011funu g\u00f6sterdi\u011fini belirtti.<\/p>\n<p>Konut fiyatlar\u0131 ayr\u0131ca \u00fcst \u00fcste d\u00f6rd\u00fcnc\u00fc ayda da y\u00fckseli\u015fini s\u00fcrd\u00fcrd\u00fc; Mart ay\u0131ndaki %0,9&#8217;luk art\u0131\u015f\u0131n ard\u0131ndan Nisan ay\u0131nda %0,4 daha artt\u0131. \u015eehir ekonomistleri ayl\u0131k %0,3&#8217;l\u00fck bir d\u00fc\u015f\u00fc\u015f bekliyordu.<\/p>\n<p>Nationwide ba\u015f ekonomisti Robert Gardner \u015funlar\u0131 s\u00f6yledi: <strong>&#8220;Orta Do\u011fu&#8217;daki geli\u015fmelerin neden oldu\u011fu belirsizli\u011fe ve enerji fiyatlar\u0131ndaki art\u0131\u015fa ra\u011fmen, \u0130ngiltere konut piyasas\u0131 y\u0131lba\u015f\u0131ndaki yava\u015flaman\u0131n ard\u0131ndan ivme kazanmaya devam etti.&#8221;<\/strong> Ayl\u0131k oynakl\u0131\u011f\u0131n bir k\u0131sm\u0131n\u0131 gideren \u00fc\u00e7 ayl\u0131k bazda ise fiyatlar bir \u00f6nceki \u00e7eyrekteki %0,7&#8217;den %1,2&#8217;ye y\u00fckseldi ve \u015eubat 2025&#8217;ten bu yana en y\u00fcksek b\u00fcy\u00fcmeyi kaydetti.<\/p>\n<p>Nationwide, \u0130ngiltere&#8217;nin en b\u00fcy\u00fck ikinci ipotek sa\u011flay\u0131c\u0131s\u0131d\u0131r ve kendi ipotek verilerine dayanan konut fiyat\u0131 art\u0131\u015f\u0131na ili\u015fkin ayl\u0131k g\u00fcncellemeleri, konut piyasas\u0131n\u0131n nas\u0131l performans g\u00f6sterdi\u011fini g\u00f6steren en yak\u0131ndan takip edilen g\u00f6stergelerden biridir. Gardner, t\u00fcketici g\u00fcveni g\u00f6stergelerinin &#8220;g\u00f6zle g\u00f6r\u00fcl\u00fcr \u015fekilde zay\u0131flam\u0131\u015f&#8221; olmas\u0131na ra\u011fmen konut fiyatlar\u0131ndaki art\u0131\u015flar\u0131n &#8220;biraz \u015fa\u015f\u0131rt\u0131c\u0131&#8221; oldu\u011funu belirtti.<\/p>\n<p>Son yap\u0131lan bir\u00e7ok anket, t\u00fcketicilerin \u0130ran sava\u015f\u0131n\u0131n olas\u0131 sonu\u00e7lar\u0131 nedeniyle yeni bir ya\u015fam maliyeti \u015fokuna haz\u0131rlan\u0131rken, ekonominin gelece\u011fi ve ki\u015fisel mali durumlar\u0131 konusunda endi\u015feli olduklar\u0131n\u0131 g\u00f6sterdi. Veri \u015firketi GfK&#8217;nin son barometresi, \u0130ngiltere t\u00fcketici g\u00fcveninin Nisan ay\u0131nda Ekim 2023&#8217;ten bu yana en d\u00fc\u015f\u00fck seviyesine geriledi\u011fini ortaya koydu. Ge\u00e7en ay yap\u0131lan bir emlak\u00e7\u0131 anketi de Mart ay\u0131nda yeni al\u0131c\u0131 taleplerinin ve sat\u0131\u015flar\u0131n keskin bir \u015fekilde d\u00fc\u015ft\u00fc\u011f\u00fcn\u00fc, k\u0131sa vadeli sat\u0131\u015f beklentilerinin ise \u00f6nemli \u00f6l\u00e7\u00fcde daha karamsar hale geldi\u011fini g\u00f6sterdi.<\/p>\n<p>Ancak Nationwide&#8217;\u0131n verileri, konut sat\u0131n almak isteyenlerin, Orta Do\u011fu&#8217;daki \u00e7at\u0131\u015fma ba\u015flad\u0131\u011f\u0131ndan beri bor\u00e7 verenlerin ipotek \u00fcr\u00fcnlerini geri \u00e7ekmesi ve oranlar\u0131 y\u00fckseltmesinden korkuldu\u011fu kadar etkilenmedi\u011fini g\u00f6steriyor. \u0130ngiltere Merkez Bankas\u0131 Per\u015fembe g\u00fcn\u00fc faiz oranlar\u0131n\u0131 sabit tutma karar\u0131 ald\u0131 ancak enerji maliyetlerinin uzun s\u00fcre y\u00fcksek kalmas\u0131 halinde oranlar\u0131n art\u0131r\u0131labilece\u011fi uyar\u0131s\u0131nda bulundu.<\/p>\n<p>Gardner, <strong>&#8220;Piyasa muhtemelen hanehalk\u0131 finansman\u0131n\u0131n g\u00f6receli g\u00fcc\u00fcyle destekleniyor&#8221;<\/strong> dedi. &#8220;Toplamda, hanehalk\u0131 borcu gelire oranla yakla\u015f\u0131k yirmi y\u0131l\u0131n en d\u00fc\u015f\u00fck seviyesinde ve son y\u0131llarda \u00f6nemli tasarruf tamponlar\u0131 olu\u015fturuldu.&#8221;<\/p>\n<p>Ancak ekonomistler b\u00fcy\u00fcmenin s\u00fcrd\u00fcr\u00fclebilirli\u011fi konusunda \u015f\u00fcpheciydi. Pantheon Macroeconomics ba\u015f ekonomisti Rob Wood \u015funlar\u0131 s\u00f6yledi: &#8220;Maalesef, fiyatlar\u0131n son h\u0131z\u0131n\u0131 koruyabilece\u011finden \u015f\u00fcpheliyiz. Nationwide endeksine dahil edilen baz\u0131 fiyatlar, \u0130ran sava\u015f\u0131n\u0131n erken a\u015famalar\u0131nda kararla\u015ft\u0131r\u0131lan sat\u0131\u015flardan kaynaklanm\u0131\u015f olabilir. Nationwide, fiyatlar\u0131 sat\u0131n alma s\u00fcrecinin ortas\u0131nda, ipotek onaylar\u0131 a\u015famas\u0131nda \u00f6l\u00e7er.&#8221;<\/p>\n<p>Fiyatlardaki art\u0131\u015f, Kirac\u0131 Haklar\u0131 Yasas\u0131&#8217;n\u0131n y\u00fcr\u00fcrl\u00fc\u011fe girmesiyle konut piyasas\u0131 i\u00e7in \u00f6nemli bir g\u00fcne denk geldi. Yeni yasa, kusursuz tahliyeleri yasaklayarak, kira art\u0131\u015flar\u0131n\u0131 y\u0131lda bir kez ve yaln\u0131zca &#8220;piyasa oran\u0131na&#8221; kadar s\u0131n\u0131rlayarak, ayr\u0131ca ev sahiplerinin talep edilen fiyat\u0131n \u00fczerinde teklif kabul etmesini engelleyerek kirac\u0131lara daha fazla g\u00fcvenlik sa\u011flamay\u0131 ama\u00e7l\u0131yor. Kirac\u0131lar ayr\u0131ca ev sahiplerinin makul olmayan bir \u015fekilde reddedemeyece\u011fi bir evcil hayvan talep etme yasal hakk\u0131na da sahip olacaklar.<\/p>\n<p>#\u0130ngiltereKonutPiyasas\u0131 #KonutFiyatlar\u0131 #EmlakPiyasas\u0131 #Nationwide #OrtaDo\u011fu\u00c7at\u0131\u015fmas\u0131 #Ekonomi #T\u00fcketiciG\u00fcveni #\u0130potekOranlar\u0131 #Kirac\u0131Haklar\u0131 #Gayrimenkul<\/p>\n","protected":false},"excerpt":{"rendered":"<p>Nationwide&#8217;\u0131n a\u00e7\u0131klamas\u0131na g\u00f6re, Nisan ay\u0131nda %3&#8217;l\u00fck bir art\u0131\u015fla son 11 ay\u0131n en h\u0131zl\u0131 y\u0131ll\u0131k y\u00fckseli\u015fi kaydedildi ve tipik bir m\u00fclk\u00fcn de\u011feri 278.880 sterline ula\u015ft\u0131. \u0130ngiltere&#8217;deki konut fiyatlar\u0131, Nationwide&#8217;\u0131n verilerine g\u00f6re Nisan ay\u0131nda son 11 ay\u0131n en h\u0131zl\u0131 y\u0131ll\u0131k art\u0131\u015f\u0131n\u0131 g\u00f6stererek emlak\u00e7\u0131lar\u0131 ve ekonomistleri \u015fa\u015f\u0131rtt\u0131. \u00dclkenin en b\u00fcy\u00fck yap\u0131 kooperatifi, ipotek verilerinin konut fiyatlar\u0131n\u0131n Nisan ay\u0131nda [&hellip;]<\/p>\n","protected":false},"author":2,"featured_media":14572,"comment_status":"open","ping_status":"open","sticky":false,"template":"","format":"standard","meta":{"footnotes":""},"categories":[37],"tags":[],"class_list":["post-14571","post","type-post","status-publish","format-standard","has-post-thumbnail","hentry","category-orta-dogu-haberleri"],"_links":{"self":[{"href":"https:\/\/fajr.news\/index.php?rest_route=\/wp\/v2\/posts\/14571","targetHints":{"allow":["GET"]}}],"collection":[{"href":"https:\/\/fajr.news\/index.php?rest_route=\/wp\/v2\/posts"}],"about":[{"href":"https:\/\/fajr.news\/index.php?rest_route=\/wp\/v2\/types\/post"}],"author":[{"embeddable":true,"href":"https:\/\/fajr.news\/index.php?rest_route=\/wp\/v2\/users\/2"}],"replies":[{"embeddable":true,"href":"https:\/\/fajr.news\/index.php?rest_route=%2Fwp%2Fv2%2Fcomments&post=14571"}],"version-history":[{"count":0,"href":"https:\/\/fajr.news\/index.php?rest_route=\/wp\/v2\/posts\/14571\/revisions"}],"wp:featuredmedia":[{"embeddable":true,"href":"https:\/\/fajr.news\/index.php?rest_route=\/wp\/v2\/media\/14572"}],"wp:attachment":[{"href":"https:\/\/fajr.news\/index.php?rest_route=%2Fwp%2Fv2%2Fmedia&parent=14571"}],"wp:term":[{"taxonomy":"category","embeddable":true,"href":"https:\/\/fajr.news\/index.php?rest_route=%2Fwp%2Fv2%2Fcategories&post=14571"},{"taxonomy":"post_tag","embeddable":true,"href":"https:\/\/fajr.news\/index.php?rest_route=%2Fwp%2Fv2%2Ftags&post=14571"}],"curies":[{"name":"wp","href":"https:\/\/api.w.org\/{rel}","templated":true}]}}