{"id":14564,"date":"2026-05-01T18:20:08","date_gmt":"2026-05-01T14:50:08","guid":{"rendered":"https:\/\/fajr.news\/?p=14564"},"modified":"2026-05-01T18:20:08","modified_gmt":"2026-05-01T14:50:08","slug":"iowa-ulusal-muhafizlari-askerleri-orta-dogu-gorevinden-evlerine-dondu","status":"publish","type":"post","link":"https:\/\/fajr.news\/?p=14564&lang=tr","title":{"rendered":"Iowa Ulusal Muhaf\u0131zlar\u0131 askerleri Orta Do\u011fu g\u00f6revinden evlerine d\u00f6nd\u00fc"},"content":{"rendered":"<p><strong>DES MOINES, Iowa<\/strong> \u2013 Iowa Ulusal Muhaf\u0131zlar\u0131&#8217;na ba\u011fl\u0131 askerler, Orta Do\u011fu&#8217;daki uzun ve zorlu g\u00f6revlerini tamamlamalar\u0131n\u0131n ard\u0131ndan vatanlar\u0131na geri d\u00f6nd\u00fc. Askerler, aileleri ve sevdikleri taraf\u0131ndan co\u015fkulu bir t\u00f6renle kar\u015f\u0131land\u0131.<\/p>\n<p>Y\u0131llard\u0131r s\u00fcren bu g\u00f6rev, b\u00f6lgedeki bar\u0131\u015f ve istikrar\u0131n korunmas\u0131na y\u00f6nelik \u00f6nemli katk\u0131lar sa\u011flad\u0131. Askerlerin d\u00f6n\u00fc\u015f\u00fc, hem eyalet hem de \u00fclke genelinde b\u00fcy\u00fck bir sevin\u00e7le kar\u015f\u0131land\u0131. T\u00f6rende yap\u0131lan konu\u015fmalarda, askerlerin fedakarl\u0131klar\u0131 ve g\u00f6sterdikleri cesaret vurguland\u0131.<\/p>\n<p>G\u00f6revin detaylar\u0131 hakk\u0131nda resmi makamlardan yap\u0131lan a\u00e7\u0131klamada, birliklerin b\u00f6lgedeki operasyonlara aktif olarak kat\u0131ld\u0131\u011f\u0131 ve verilen t\u00fcm g\u00f6revleri ba\u015far\u0131yla yerine getirdi\u011fi belirtildi. \u015eimdi, kahraman askerlerimizin dinlenme ve aileleriyle yeniden bir araya gelme zaman\u0131.<\/p>\n<p>#IowaUlusalMuhaf\u0131zlar\u0131 #AskerD\u00f6n\u00fc\u015f\u00fc #OrtaDo\u011fuG\u00f6revi #VatanSa\u011folsun #KahramanlarEvde #AskerlerD\u00f6nd\u00fc #ABDOrdusu #AskeriG\u00f6rev #Iowa #\u015e\u00fckran<\/p>\n","protected":false},"excerpt":{"rendered":"<p>DES MOINES, Iowa \u2013 Iowa Ulusal Muhaf\u0131zlar\u0131&#8217;na ba\u011fl\u0131 askerler, Orta Do\u011fu&#8217;daki uzun ve zorlu g\u00f6revlerini tamamlamalar\u0131n\u0131n ard\u0131ndan vatanlar\u0131na geri d\u00f6nd\u00fc. Askerler, aileleri ve sevdikleri taraf\u0131ndan co\u015fkulu bir t\u00f6renle kar\u015f\u0131land\u0131. Y\u0131llard\u0131r s\u00fcren bu g\u00f6rev, b\u00f6lgedeki bar\u0131\u015f ve istikrar\u0131n korunmas\u0131na y\u00f6nelik \u00f6nemli katk\u0131lar sa\u011flad\u0131. Askerlerin d\u00f6n\u00fc\u015f\u00fc, hem eyalet hem de \u00fclke genelinde b\u00fcy\u00fck bir sevin\u00e7le kar\u015f\u0131land\u0131. T\u00f6rende [&hellip;]<\/p>\n","protected":false},"author":2,"featured_media":0,"comment_status":"open","ping_status":"open","sticky":false,"template":"","format":"standard","meta":{"footnotes":""},"categories":[37],"tags":[],"class_list":["post-14564","post","type-post","status-publish","format-standard","hentry","category-orta-dogu-haberleri"],"_links":{"self":[{"href":"https:\/\/fajr.news\/index.php?rest_route=\/wp\/v2\/posts\/14564","targetHints":{"allow":["GET"]}}],"collection":[{"href":"https:\/\/fajr.news\/index.php?rest_route=\/wp\/v2\/posts"}],"about":[{"href":"https:\/\/fajr.news\/index.php?rest_route=\/wp\/v2\/types\/post"}],"author":[{"embeddable":true,"href":"https:\/\/fajr.news\/index.php?rest_route=\/wp\/v2\/users\/2"}],"replies":[{"embeddable":true,"href":"https:\/\/fajr.news\/index.php?rest_route=%2Fwp%2Fv2%2Fcomments&post=14564"}],"version-history":[{"count":0,"href":"https:\/\/fajr.news\/index.php?rest_route=\/wp\/v2\/posts\/14564\/revisions"}],"wp:attachment":[{"href":"https:\/\/fajr.news\/index.php?rest_route=%2Fwp%2Fv2%2Fmedia&parent=14564"}],"wp:term":[{"taxonomy":"category","embeddable":true,"href":"https:\/\/fajr.news\/index.php?rest_route=%2Fwp%2Fv2%2Fcategories&post=14564"},{"taxonomy":"post_tag","embeddable":true,"href":"https:\/\/fajr.news\/index.php?rest_route=%2Fwp%2Fv2%2Ftags&post=14564"}],"curies":[{"name":"wp","href":"https:\/\/api.w.org\/{rel}","templated":true}]}}