{"id":14554,"date":"2026-05-01T17:32:39","date_gmt":"2026-05-01T14:02:39","guid":{"rendered":"https:\/\/fajr.news\/?p=14554"},"modified":"2026-05-01T17:32:39","modified_gmt":"2026-05-01T14:02:39","slug":"guterres-hurmuz-kisitlamalarinin-45-milyon-kisiyi-daha-kitliga-surukleyebilecegi-konusunda-uyardi","status":"publish","type":"post","link":"https:\/\/fajr.news\/?p=14554&lang=tr","title":{"rendered":"Guterres, H\u00fcrm\u00fcz k\u0131s\u0131tlamalar\u0131n\u0131n 45 milyon ki\u015fiyi daha k\u0131tl\u0131\u011fa s\u00fcr\u00fckleyebilece\u011fi konusunda uyard\u0131"},"content":{"rendered":"<p>BM Genel Sekreteri Ant\u00f3nio Guterres, H\u00fcrm\u00fcz Bo\u011faz\u0131&#8217;ndaki k\u0131s\u0131tlamalar\u0131n y\u0131l ortas\u0131na kadar kald\u0131r\u0131lmamas\u0131 halinde ek 45 milyon insan\u0131 k\u0131tl\u0131k riskiyle kar\u015f\u0131 kar\u015f\u0131ya b\u0131rakabilece\u011fi konusunda uyard\u0131.<br \/>\nNew York&#8217;taki Birle\u015fmi\u015f Milletler genel merkezinde gazetecilere konu\u015fan Guterres, ate\u015fkes olmas\u0131na ra\u011fmen durumun k\u00f6t\u00fcle\u015fti\u011fini belirterek t\u00fcm taraflar\u0131 bo\u011faz\u0131 derhal yeniden a\u00e7maya \u00e7a\u011f\u0131rd\u0131.<br \/>\nABD, \u0130srail ve \u0130ran aras\u0131ndaki devam eden \u00e7at\u0131\u015fman\u0131n \u00fc\u00e7\u00fcnc\u00fc ay\u0131na girdi\u011fini ve k\u00fcresel istikrar i\u00e7in ciddi sonu\u00e7lar do\u011furdu\u011funu s\u00f6yledi.<br \/>\nGuterres, seyr\u00fcsefer k\u0131s\u0131tlamalar\u0131ndan duydu\u011fu endi\u015feyi dile getirerek durumu \u201ck\u00fcresel ekonomiyi bo\u011fmak\u201d olarak nitelendirdi ve eri\u015fim yeniden sa\u011flansa bile etkisinin uzun s\u00fcreli olaca\u011f\u0131 konusunda uyard\u0131.<br \/>\nKesintiye u\u011frayan tedarik zincirlerinin toparlanmas\u0131n\u0131n aylar s\u00fcrebilece\u011fini, bunun da daha y\u00fcksek fiyatlara ve daha yava\u015f k\u00fcresel ekonomik b\u00fcy\u00fcmeye yol a\u00e7aca\u011f\u0131n\u0131 ekledi.<br \/>\nBu uyar\u0131, Washington ile Tahran aras\u0131ndaki m\u00fczakerelerin Pakistan&#8217;da \u00e7\u0131kmaza girmesinin ard\u0131ndan geldi. 13 Nisan&#8217;da ABD Ba\u015fkan\u0131 Donald Trump, \u0130ran&#8217;\u0131n sava\u015f\u0131n ba\u015flamas\u0131n\u0131n ard\u0131ndan Mart ba\u015f\u0131nda zaten k\u0131s\u0131tlad\u0131\u011f\u0131 bo\u011fazla ilgili bir ablukay\u0131 duyurdu.<br \/>\nSava\u015f, 28 \u015eubat&#8217;ta ABD ve \u0130srail&#8217;in \u0130ran&#8217;a sald\u0131r\u0131 ba\u015flatmas\u0131yla ba\u015flad\u0131 ve daha geni\u015f bir anla\u015fmaya varma \u00e7abas\u0131yla 8 Nisan&#8217;da ate\u015fkes ilan edilmeden \u00f6nce 3.000&#8217;den fazla \u00f6l\u00fcme neden oldu.<br \/>\nBuna kar\u015f\u0131l\u0131k \u0130ran, 2 Mart&#8217;ta, \u00e7at\u0131\u015fmadan \u00f6nce k\u00fcresel petrol ihracat\u0131n\u0131n yakla\u015f\u0131k y\u00fczde 20&#8217;sinin ge\u00e7ti\u011fi \u00f6nemli bir g\u00fczergah olan H\u00fcrm\u00fcz Bo\u011faz\u0131&#8217;nda seyr\u00fcsefer k\u0131s\u0131tlamas\u0131 getirildi\u011fini duyurdu.<br \/>\n#H\u00fcrm\u00fczBo\u011faz\u0131 #K\u0131tl\u0131kTehlikesi #K\u00fcreselEkonomi #BM #Ant\u00f3nioGuterres #Petrol\u0130hracat\u0131 #ABD\u0130ranGerilimi #K\u00fcresel\u0130stikrar #TedarikZinciri #Ortado\u011fu<\/p>\n","protected":false},"excerpt":{"rendered":"<p>BM Genel Sekreteri Ant\u00f3nio Guterres, H\u00fcrm\u00fcz Bo\u011faz\u0131&#8217;ndaki k\u0131s\u0131tlamalar\u0131n y\u0131l ortas\u0131na kadar kald\u0131r\u0131lmamas\u0131 halinde ek 45 milyon insan\u0131 k\u0131tl\u0131k riskiyle kar\u015f\u0131 kar\u015f\u0131ya b\u0131rakabilece\u011fi konusunda uyard\u0131. New York&#8217;taki Birle\u015fmi\u015f Milletler genel merkezinde gazetecilere konu\u015fan Guterres, ate\u015fkes olmas\u0131na ra\u011fmen durumun k\u00f6t\u00fcle\u015fti\u011fini belirterek t\u00fcm taraflar\u0131 bo\u011faz\u0131 derhal yeniden a\u00e7maya \u00e7a\u011f\u0131rd\u0131. ABD, \u0130srail ve \u0130ran aras\u0131ndaki devam eden \u00e7at\u0131\u015fman\u0131n \u00fc\u00e7\u00fcnc\u00fc [&hellip;]<\/p>\n","protected":false},"author":2,"featured_media":14555,"comment_status":"open","ping_status":"open","sticky":false,"template":"","format":"standard","meta":{"footnotes":""},"categories":[37],"tags":[],"class_list":["post-14554","post","type-post","status-publish","format-standard","has-post-thumbnail","hentry","category-orta-dogu-haberleri"],"_links":{"self":[{"href":"https:\/\/fajr.news\/index.php?rest_route=\/wp\/v2\/posts\/14554","targetHints":{"allow":["GET"]}}],"collection":[{"href":"https:\/\/fajr.news\/index.php?rest_route=\/wp\/v2\/posts"}],"about":[{"href":"https:\/\/fajr.news\/index.php?rest_route=\/wp\/v2\/types\/post"}],"author":[{"embeddable":true,"href":"https:\/\/fajr.news\/index.php?rest_route=\/wp\/v2\/users\/2"}],"replies":[{"embeddable":true,"href":"https:\/\/fajr.news\/index.php?rest_route=%2Fwp%2Fv2%2Fcomments&post=14554"}],"version-history":[{"count":0,"href":"https:\/\/fajr.news\/index.php?rest_route=\/wp\/v2\/posts\/14554\/revisions"}],"wp:featuredmedia":[{"embeddable":true,"href":"https:\/\/fajr.news\/index.php?rest_route=\/wp\/v2\/media\/14555"}],"wp:attachment":[{"href":"https:\/\/fajr.news\/index.php?rest_route=%2Fwp%2Fv2%2Fmedia&parent=14554"}],"wp:term":[{"taxonomy":"category","embeddable":true,"href":"https:\/\/fajr.news\/index.php?rest_route=%2Fwp%2Fv2%2Fcategories&post=14554"},{"taxonomy":"post_tag","embeddable":true,"href":"https:\/\/fajr.news\/index.php?rest_route=%2Fwp%2Fv2%2Ftags&post=14554"}],"curies":[{"name":"wp","href":"https:\/\/api.w.org\/{rel}","templated":true}]}}