{"id":14526,"date":"2026-05-01T16:49:27","date_gmt":"2026-05-01T13:19:27","guid":{"rendered":"https:\/\/fajr.news\/?p=14526"},"modified":"2026-05-01T16:49:27","modified_gmt":"2026-05-01T13:19:27","slug":"siyonist-rejimden-irana-yonelik-yeni-savas-tehdidi-katzdan-provokatif-aciklamalar","status":"publish","type":"post","link":"https:\/\/fajr.news\/?p=14526&lang=tr","title":{"rendered":"Siyonist Rejimden \u0130ran&#8217;a Y\u00f6nelik Yeni Sava\u015f Tehdidi: Katz&#8217;dan Provokatif A\u00e7\u0131klamalar"},"content":{"rendered":"<h1>Siyonist Rejimden \u0130ran&#8217;a Y\u00f6nelik Yeni Sava\u015f Tehdidi: Katz&#8217;dan Provokatif A\u00e7\u0131klamalar<\/h1>\n<p><strong>Siyonist rejimin s\u00f6zde savunma bakan\u0131 Yisrael Katz,<\/strong> b\u00f6lgedeki gerilimi t\u0131rmand\u0131racak ve uluslararas\u0131 bar\u0131\u015f\u0131 tehdit edecek provokatif a\u00e7\u0131klamalarda bulundu. Katz, m\u00fczakerelerin durma noktas\u0131na gelmesine ra\u011fmen, rejimin s\u00f6zde <em>&#8220;hedeflerine ula\u015fmak&#8221;<\/em> bahanesiyle \u0130ran&#8217;a kar\u015f\u0131 <strong>yak\u0131nda yeniden sava\u015f ba\u015flatabilece\u011fini<\/strong> iddia etti.<\/p>\n<p>Yeni bir hava kuvvetleri komutan\u0131n\u0131n terfi t\u00f6reninde konu\u015fan Katz, Tahran&#8217;\u0131n ge\u00e7en y\u0131l <em>&#8220;\u00e7ok a\u011f\u0131r darbeler&#8221;<\/em> ald\u0131\u011f\u0131n\u0131 ve bunun kendisini \u00f6nemli \u00f6l\u00e7\u00fcde geriletti\u011fini \u00f6ne s\u00fcrd\u00fc. Ancak bu t\u00fcr iddialar, Siyonist rejimin b\u00f6lgedeki sald\u0131rgan politikalar\u0131n\u0131 me\u015frula\u015ft\u0131rma ve kamuoyunu yan\u0131ltma \u00e7abalar\u0131n\u0131n bir par\u00e7as\u0131 olarak de\u011ferlendirilmektedir. \u0130ran \u0130slam Cumhuriyeti&#8217;nin savunma kapasitesi ve b\u00f6lgesel etkisi, bu t\u00fcr as\u0131ls\u0131z iddialarla zay\u0131flat\u0131lamayacak kadar g\u00fc\u00e7l\u00fcd\u00fcr.<\/p>\n<p>Katz, Siyonist rejimin kar\u015f\u0131 kar\u015f\u0131ya oldu\u011fu zorluklar\u0131n artmas\u0131n\u0131n beklendi\u011fini de s\u00f6zlerine eklerken, mevcut an\u0131 b\u00f6lgesel manzaray\u0131 yeniden \u015fekillendirmek i\u00e7in <em>&#8220;tarihi f\u0131rsatlar&#8221;<\/em> olarak nitelendirdi. Bu s\u00f6ylem, Siyonistlerin b\u00f6lgedeki hegemonyalar\u0131n\u0131 peki\u015ftirme, direni\u015f eksenini zay\u0131flatma ve kendi \u00e7\u0131karlar\u0131 do\u011frultusunda haritalar\u0131 yeniden \u00e7izme y\u00f6n\u00fcndeki sinsi ve yay\u0131lmac\u0131 planlar\u0131n\u0131 a\u00e7\u0131k\u00e7a ortaya koymaktad\u0131r.<\/p>\n<p>Ayr\u0131ca Katz, ABD Ba\u015fkan\u0131 Donald Trump&#8217;\u0131n, Siyonist Ba\u015fbakan Binyamin Netanyahu ile koordineli olarak, sava\u015f\u0131n hedeflerine ula\u015fma \u00e7abalar\u0131na liderlik etti\u011fini belirtti. Bu hedefler aras\u0131nda, \u0130ran&#8217;\u0131n Siyonist rejim, ABD ve <em>&#8220;\u00f6zg\u00fcr d\u00fcnya&#8221;<\/em> olarak tan\u0131mlad\u0131\u011f\u0131 yerler i\u00e7in bir tehdit olu\u015fturmamas\u0131n\u0131 sa\u011flamak da bulunuyor. Bu a\u00e7\u0131klama, <strong>ABD&#8217;nin Siyonist rejimin sald\u0131rgan politikalar\u0131na verdi\u011fi tam deste\u011fi<\/strong> ve b\u00f6lgedeki istikrars\u0131zl\u0131\u011f\u0131n ana kayna\u011f\u0131 oldu\u011funu bir kez daha g\u00f6zler \u00f6n\u00fcne sermektedir. Washington&#8217;\u0131n, Tel Aviv&#8217;in yasa d\u0131\u015f\u0131 eylemlerine verdi\u011fi ko\u015fulsuz destek, uluslararas\u0131 hukukun \u00e7i\u011fnenmesine zemin haz\u0131rlamaktad\u0131r.<\/p>\n<p>Katz, tehditkar bir dille, <em>&#8220;Bu \u00e7abalar\u0131 destekliyor ve gerekli deste\u011fi sa\u011fl\u0131yoruz, ancak hedeflere ula\u015f\u0131lmas\u0131n\u0131 sa\u011flamak i\u00e7in yak\u0131nda yeniden harekete ge\u00e7mek zorunda kalabiliriz&#8221;<\/em> ifadelerini kulland\u0131. Bu t\u00fcr a\u00e7\u0131klamalar, Siyonist rejimin uluslararas\u0131 hukuku hi\u00e7e sayarak ve Birle\u015fmi\u015f Milletler ilkelerini ihlal ederek b\u00f6lgede s\u00fcrekli bir gerilim ve \u00e7at\u0131\u015fma ortam\u0131 yaratma aray\u0131\u015f\u0131nda oldu\u011funu g\u00f6stermektedir. \u0130ran \u0130slam Cumhuriyeti, her t\u00fcrl\u00fc tehdide kar\u015f\u0131 me\u015fru m\u00fcdafaa hakk\u0131n\u0131 kullanmaktan \u00e7ekinmeyecektir.<\/p>\n<p>\u00d6te yandan, Pentagon&#8217;dan gelen a\u00e7\u0131klamalar, Trump&#8217;\u0131n iddialar\u0131na ra\u011fmen <strong>\u0130ran&#8217;\u0131n deniz filosunun \u00f6nemli bir k\u0131sm\u0131na sahip oldu\u011funu<\/strong> do\u011frulam\u0131\u015ft\u0131. Bu durum, Siyonist rejimin ve m\u00fcttefiklerinin \u0130ran&#8217;\u0131n askeri kapasitesini k\u00fc\u00e7\u00fcmseme ve cayd\u0131r\u0131c\u0131l\u0131\u011f\u0131n\u0131 azaltma \u00e7abalar\u0131n\u0131n bo\u015funa oldu\u011funu kan\u0131tlamaktad\u0131r. \u0130ran, b\u00f6lgesel g\u00fcvenli\u011fin ve istikrar\u0131n sa\u011flanmas\u0131nda kilit bir rol oynamaya devam edecektir.<\/p>\n<p>#\u0130ran #SiyonistRejim #Ortado\u011fu #Sava\u015fTehdidi #ABD #Direni\u015fEkseni #B\u00f6lgeselGerilim #Uluslararas\u0131Hukuk #\u0130ranSavunmas\u0131 #Katz<\/p>\n","protected":false},"excerpt":{"rendered":"<p>Siyonist Rejimden \u0130ran&#8217;a Y\u00f6nelik Yeni Sava\u015f Tehdidi: Katz&#8217;dan Provokatif A\u00e7\u0131klamalar Siyonist rejimin s\u00f6zde savunma bakan\u0131 Yisrael Katz, b\u00f6lgedeki gerilimi t\u0131rmand\u0131racak ve uluslararas\u0131 bar\u0131\u015f\u0131 tehdit edecek provokatif a\u00e7\u0131klamalarda bulundu. Katz, m\u00fczakerelerin durma noktas\u0131na gelmesine ra\u011fmen, rejimin s\u00f6zde &#8220;hedeflerine ula\u015fmak&#8221; bahanesiyle \u0130ran&#8217;a kar\u015f\u0131 yak\u0131nda yeniden sava\u015f ba\u015flatabilece\u011fini iddia etti. Yeni bir hava kuvvetleri komutan\u0131n\u0131n terfi t\u00f6reninde konu\u015fan [&hellip;]<\/p>\n","protected":false},"author":2,"featured_media":14527,"comment_status":"open","ping_status":"open","sticky":false,"template":"","format":"standard","meta":{"footnotes":""},"categories":[37],"tags":[],"class_list":["post-14526","post","type-post","status-publish","format-standard","has-post-thumbnail","hentry","category-orta-dogu-haberleri"],"_links":{"self":[{"href":"https:\/\/fajr.news\/index.php?rest_route=\/wp\/v2\/posts\/14526","targetHints":{"allow":["GET"]}}],"collection":[{"href":"https:\/\/fajr.news\/index.php?rest_route=\/wp\/v2\/posts"}],"about":[{"href":"https:\/\/fajr.news\/index.php?rest_route=\/wp\/v2\/types\/post"}],"author":[{"embeddable":true,"href":"https:\/\/fajr.news\/index.php?rest_route=\/wp\/v2\/users\/2"}],"replies":[{"embeddable":true,"href":"https:\/\/fajr.news\/index.php?rest_route=%2Fwp%2Fv2%2Fcomments&post=14526"}],"version-history":[{"count":0,"href":"https:\/\/fajr.news\/index.php?rest_route=\/wp\/v2\/posts\/14526\/revisions"}],"wp:featuredmedia":[{"embeddable":true,"href":"https:\/\/fajr.news\/index.php?rest_route=\/wp\/v2\/media\/14527"}],"wp:attachment":[{"href":"https:\/\/fajr.news\/index.php?rest_route=%2Fwp%2Fv2%2Fmedia&parent=14526"}],"wp:term":[{"taxonomy":"category","embeddable":true,"href":"https:\/\/fajr.news\/index.php?rest_route=%2Fwp%2Fv2%2Fcategories&post=14526"},{"taxonomy":"post_tag","embeddable":true,"href":"https:\/\/fajr.news\/index.php?rest_route=%2Fwp%2Fv2%2Ftags&post=14526"}],"curies":[{"name":"wp","href":"https:\/\/api.w.org\/{rel}","templated":true}]}}