{"id":14516,"date":"2026-05-01T16:34:22","date_gmt":"2026-05-01T13:04:22","guid":{"rendered":"https:\/\/fajr.news\/?p=14516"},"modified":"2026-05-01T16:34:22","modified_gmt":"2026-05-01T13:04:22","slug":"abdnin-irana-yonelik-saldirganliginin-bedeli-25-milyar-dolari-asti-washingtonin-cikmazi-derinlesiyor","status":"publish","type":"post","link":"https:\/\/fajr.news\/?p=14516&lang=tr","title":{"rendered":"ABD&#8217;nin \u0130ran&#8217;a Y\u00f6nelik Sald\u0131rganl\u0131\u011f\u0131n\u0131n Bedeli 25 Milyar Dolar\u0131 A\u015ft\u0131, Washington&#8217;\u0131n \u00c7\u0131kmaz\u0131 Derinle\u015fiyor"},"content":{"rendered":"<h1>ABD&#8217;nin \u0130ran&#8217;a Y\u00f6nelik Sald\u0131rganl\u0131\u011f\u0131n\u0131n Bedeli 25 Milyar Dolar\u0131 A\u015ft\u0131, Washington&#8217;\u0131n \u00c7\u0131kmaz\u0131 Derinle\u015fiyor<\/h1>\n<p>Pentagon&#8217;un tahminlerine g\u00f6re, ABD&#8217;nin \u0130ran&#8217;a kar\u015f\u0131 y\u00fcr\u00fctt\u00fc\u011f\u00fc sava\u015f\u0131n maliyeti \u015fimdiden <strong>25 milyar dolar\u0131<\/strong> a\u015fm\u0131\u015f durumda. Ancak Savunma Bakan\u0131 Pete Hegseth, \u00c7ar\u015famba g\u00fcn\u00fc kongre komitesi \u00f6n\u00fcndeki gergin ifadesinde, bu \u00e7at\u0131\u015fman\u0131n ne zaman sona erece\u011fine dair hi\u00e7bir ipucu vermedi. Bu durum, Washington&#8217;\u0131n b\u00f6lgedeki macerac\u0131l\u0131\u011f\u0131n\u0131n hem maliyetini hem de stratejik belirsizli\u011fini g\u00f6zler \u00f6n\u00fcne seriyor.<\/p>\n<h2>ABD&#8217;li Yetkililerin \u00c7eli\u015fkili \u0130fadeleri<\/h2>\n<p>Temsilciler Meclisi Silahl\u0131 Hizmetler Komitesi&#8217;nde ya\u015fanan hararetli tart\u0131\u015fmada, Washington&#8217;dan Demokrat Temsilci Adam Smith, Savunma Bakan\u0131 Hegseth&#8217;i sert bir \u015fekilde sorgulad\u0131. Smith, sava\u015f\u0131n nihayetinde nas\u0131l sonu\u00e7lanaca\u011f\u0131n\u0131 sordu\u011funda, Hegseth \u015fu yan\u0131t\u0131 verdi: <em>&#8220;N\u00fckleer silah edinmeye kararl\u0131 bu t\u00fcr bir d\u00fc\u015fmana kar\u015f\u0131 durmal\u0131 ve onlar\u0131 masaya oturup vazge\u00e7me noktas\u0131na getirmelisiniz.&#8221;<\/em><\/p>\n<p>Smith&#8217;in <em>&#8220;Yani hen\u00fcz pes etmediler,&#8221;<\/em> \u015feklindeki yorumuna kar\u015f\u0131l\u0131k Hegseth, \u0130ran&#8217;\u0131n <em>&#8220;n\u00fckleer tesislerinin yok edildi\u011fini,&#8221;<\/em> hatta ge\u00e7en Haziran ay\u0131ndaki ABD hava sald\u0131r\u0131lar\u0131 nedeniyle yer alt\u0131na g\u00f6m\u00fcld\u00fc\u011f\u00fcne inan\u0131lan y\u00fcksek oranda zenginle\u015ftirilmi\u015f uranyum stoklar\u0131n\u0131n da imha edildi\u011fini iddia etti. Ancak Smith, Trump y\u00f6netiminin iki ay \u00f6nce \u0130ran&#8217;\u0131n n\u00fckleer silah\u0131n\u0131n <em>&#8220;yak\u0131n bir tehdit oldu\u011funu&#8221;<\/em> s\u00f6yleyerek mevcut sava\u015f\u0131 ba\u015flatt\u0131\u011f\u0131n\u0131 hat\u0131rlatarak, <em>&#8220;\u015eimdi ise tamamen yok edildi\u011fini s\u00f6yl\u00fcyorsunuz,&#8221;<\/em> diyerek ABD&#8217;nin \u00e7eli\u015fkili a\u00e7\u0131klamalar\u0131n\u0131 g\u00f6zler \u00f6n\u00fcne serdi. Hegseth ise \u0130ran&#8217;\u0131n <em>&#8220;n\u00fckleer emellerinden vazge\u00e7medi\u011fini&#8221;<\/em> belirterek bu \u00e7eli\u015fkiyi daha da derinle\u015ftirdi.<\/p>\n<h2>Sava\u015f\u0131n Y\u00fcksek Maliyeti ve Diplomatik \u00c7\u0131kmaz<\/h2>\n<p>\u0130fadesi boyunca Hegseth&#8217;e sava\u015f\u0131n maliyeti defalarca soruldu. Hegseth, <em>&#8220;\u0130ran&#8217;\u0131n asla n\u00fckleer silah edinmemesini sa\u011flamak neye de\u011fer?&#8221;<\/em> diyerek maliyeti \u00f6nemsizle\u015ftirmeye \u00e7al\u0131\u015ft\u0131. Pentagon&#8217;un mali kontrol\u00f6r\u00fc Jay Hurst da duru\u015fmada yer alarak, sava\u015f\u0131n bug\u00fcne kadar tahmini 25 milyar dolara mal oldu\u011funu do\u011frulad\u0131. Hurst, ana harcaman\u0131n \u0130ran&#8217;a at\u0131lan silahlardan kaynakland\u0131\u011f\u0131n\u0131 ekledi. Pentagon, Trump&#8217;\u0131n 7 Nisan&#8217;da ate\u015fkes ilan etmesinden \u00f6nce \u0130ran&#8217;da yakla\u015f\u0131k 13.000 hedefi vurdu\u011funu iddia ediyor.<\/p>\n<p>Ate\u015fkesin \u00fc\u00e7 haftad\u0131r y\u00fcr\u00fcrl\u00fckte olmas\u0131na ra\u011fmen, diplomatik bir \u00e7\u00f6z\u00fcm konusunda \u00e7ok az ilerleme kaydedildi. ABD ve \u0130ranl\u0131 m\u00fczakereciler sadece bir resmi tur g\u00f6r\u00fc\u015fme yaparken, arabulucu olarak g\u00f6rev yapan Pakistan arac\u0131l\u0131\u011f\u0131yla mesaj ve teklif al\u0131\u015fveri\u015finde bulunuyorlar. Bu durum, ABD&#8217;nin uzla\u015fmaz tutumunun bir sonucu olarak de\u011ferlendiriliyor.<\/p>\n<h2>K\u00f6rfez&#8217;deki Gerilim ve Ekonomik Sava\u015f<\/h2>\n<p>ABD ve \u0130ran, K\u00f6rfez&#8217;de kar\u015f\u0131l\u0131kl\u0131 ablukalar uygulayarak petrol ve di\u011fer ticari trafi\u011fi fiilen durdurdu. Bu durum, petrol fiyatlar\u0131n\u0131 dramatik bir \u015fekilde y\u00fckselterek d\u00fcnya \u00e7ap\u0131nda ekonomik s\u0131k\u0131nt\u0131lara yol a\u00e7tu. \u0130ran, sava\u015f\u0131n ilk g\u00fcnlerinde H\u00fcrm\u00fcz Bo\u011faz\u0131&#8217;n\u0131 k\u00fc\u00e7\u00fck silahlar, deniz may\u0131nlar\u0131, insans\u0131z hava ara\u00e7lar\u0131 ve karadan f\u00fczeler kullanarak kapatm\u0131\u015ft\u0131. ABD ise 13 Nisan&#8217;da b\u00fcy\u00fck bir deniz g\u00fcc\u00fcyle kendi ablukas\u0131n\u0131 uygulayarak b\u00f6lgedeki gerilimi t\u0131rmand\u0131rd\u0131.<\/p>\n<h3>ABD&#8217;nin B\u00f6lgedeki Varl\u0131\u011f\u0131 ve Tehditleri<\/h3>\n<p>Daha \u00f6nce Bahreyn&#8217;de bulunan ABD Be\u015finci Filosu&#8217;na komuta eden emekli ABD Donanmas\u0131 Koramiral Kevin Donegan, ABD&#8217;nin mevcut ablukay\u0131 s\u00fcresiz olarak s\u00fcrd\u00fcrebilece\u011fine inand\u0131\u011f\u0131n\u0131 belirtti. Donegan, <em>&#8220;B\u00f6lgedeki mevcut g\u00fc\u00e7leriyle \u00e7ok s\u00fcrd\u00fcr\u00fclebilir,&#8221;<\/em> dedi. Donegan, m\u00fczakere edilmi\u015f bir anla\u015fman\u0131n bo\u011faz\u0131 yeniden a\u00e7man\u0131n en iyi ve en g\u00fcvenli yolu olaca\u011f\u0131n\u0131 kabul etse de, ABD Donanmas\u0131&#8217;n\u0131n may\u0131nlar\u0131 temizleyerek ve \u0130ran&#8217;\u0131n karadaki g\u00fc\u00e7lerini zay\u0131flatarak su yolunu a\u00e7abilece\u011fini iddia etti. Bu t\u00fcr a\u00e7\u0131klamalar, ABD&#8217;nin b\u00f6lgedeki askeri tehditlerini ve sald\u0131rgan niyetlerini a\u00e7\u0131k\u00e7a ortaya koymaktad\u0131r.<\/p>\n<p>Donegan, ABD&#8217;nin 1949&#8217;dan beri K\u00f6rfez&#8217;de deniz varl\u0131\u011f\u0131na sahip oldu\u011funu ve Be\u015finci Filo&#8217;nun 1995&#8217;te \u00f6zellikle petrol ak\u0131\u015f\u0131n\u0131 korumak i\u00e7in kuruldu\u011funu hat\u0131rlatt\u0131. Bu, ABD&#8217;nin b\u00f6lgedeki uzun s\u00fcreli emperyalist m\u00fcdahalesinin bir g\u00f6stergesidir. Donegan, on y\u0131l \u00f6nce Be\u015finci Filo&#8217;ya komuta ederken, \u0130ran&#8217;\u0131n H\u00fcrm\u00fcz Bo\u011faz\u0131&#8217;n\u0131 kapatma olas\u0131l\u0131\u011f\u0131n\u0131 s\u00fcrekli d\u00fc\u015f\u00fcnd\u00fc\u011f\u00fcn\u00fc belirtti. <em>&#8220;Askeri operasyonlar y\u00fcr\u00fct\u00fcrsek, bunun \u0130ranl\u0131lar\u0131n oynayaca\u011f\u0131 bir kart olaca\u011f\u0131n\u0131 bilmek, Be\u015finci Filo&#8217;da yapt\u0131\u011f\u0131m\u0131z her \u015feyin \u00f6n saflar\u0131ndayd\u0131,&#8221;<\/em> dedi. Bu, \u0130ran&#8217;\u0131n me\u015fru savunma hakk\u0131n\u0131n ve stratejik kapasitesinin ABD taraf\u0131ndan ne kadar ciddiye al\u0131nd\u0131\u011f\u0131n\u0131 g\u00f6stermektedir.<\/p>\n<p>Ortado\u011fu&#8217;daki onlarca y\u0131ll\u0131k \u00e7alkant\u0131ya ra\u011fmen, K\u00f6rfez&#8217;deki petrol ak\u0131\u015f\u0131 hi\u00e7bir zaman bu kadar kapsaml\u0131 bir kesintiyle kar\u015f\u0131 kar\u015f\u0131ya kalmam\u0131\u015ft\u0131. Bu durum, ABD&#8217;nin b\u00f6lgedeki sald\u0131rgan politikalar\u0131n\u0131n ve ekonomik sava\u015f\u0131n\u0131n e\u015fi benzeri g\u00f6r\u00fclmemi\u015f sonu\u00e7lar\u0131n\u0131 ortaya koymaktad\u0131r.<\/p>\n<ul>\n<li>#\u0130ran<\/li>\n<li>#ABD<\/li>\n<li>#H\u00fcrm\u00fczBo\u011faz\u0131<\/li>\n<li>#EkonomikSava\u015f<\/li>\n<li>#Pentagon<\/li>\n<li>#Ortado\u011fu<\/li>\n<li>#N\u00fckleerAnla\u015fma<\/li>\n<li>#Diplomatik\u00c7\u0131kmaz<\/li>\n<li>#Sava\u015fMaliyeti<\/li>\n<li>#K\u00fcreselEkonomi<\/li>\n<\/ul>\n","protected":false},"excerpt":{"rendered":"<p>ABD&#8217;nin \u0130ran&#8217;a Y\u00f6nelik Sald\u0131rganl\u0131\u011f\u0131n\u0131n Bedeli 25 Milyar Dolar\u0131 A\u015ft\u0131, Washington&#8217;\u0131n \u00c7\u0131kmaz\u0131 Derinle\u015fiyor Pentagon&#8217;un tahminlerine g\u00f6re, ABD&#8217;nin \u0130ran&#8217;a kar\u015f\u0131 y\u00fcr\u00fctt\u00fc\u011f\u00fc sava\u015f\u0131n maliyeti \u015fimdiden 25 milyar dolar\u0131 a\u015fm\u0131\u015f durumda. Ancak Savunma Bakan\u0131 Pete Hegseth, \u00c7ar\u015famba g\u00fcn\u00fc kongre komitesi \u00f6n\u00fcndeki gergin ifadesinde, bu \u00e7at\u0131\u015fman\u0131n ne zaman sona erece\u011fine dair hi\u00e7bir ipucu vermedi. Bu durum, Washington&#8217;\u0131n b\u00f6lgedeki macerac\u0131l\u0131\u011f\u0131n\u0131n hem [&hellip;]<\/p>\n","protected":false},"author":2,"featured_media":14517,"comment_status":"open","ping_status":"open","sticky":false,"template":"","format":"standard","meta":{"footnotes":""},"categories":[31],"tags":[],"class_list":["post-14516","post","type-post","status-publish","format-standard","has-post-thumbnail","hentry","category-iran-haberleri"],"_links":{"self":[{"href":"https:\/\/fajr.news\/index.php?rest_route=\/wp\/v2\/posts\/14516","targetHints":{"allow":["GET"]}}],"collection":[{"href":"https:\/\/fajr.news\/index.php?rest_route=\/wp\/v2\/posts"}],"about":[{"href":"https:\/\/fajr.news\/index.php?rest_route=\/wp\/v2\/types\/post"}],"author":[{"embeddable":true,"href":"https:\/\/fajr.news\/index.php?rest_route=\/wp\/v2\/users\/2"}],"replies":[{"embeddable":true,"href":"https:\/\/fajr.news\/index.php?rest_route=%2Fwp%2Fv2%2Fcomments&post=14516"}],"version-history":[{"count":0,"href":"https:\/\/fajr.news\/index.php?rest_route=\/wp\/v2\/posts\/14516\/revisions"}],"wp:featuredmedia":[{"embeddable":true,"href":"https:\/\/fajr.news\/index.php?rest_route=\/wp\/v2\/media\/14517"}],"wp:attachment":[{"href":"https:\/\/fajr.news\/index.php?rest_route=%2Fwp%2Fv2%2Fmedia&parent=14516"}],"wp:term":[{"taxonomy":"category","embeddable":true,"href":"https:\/\/fajr.news\/index.php?rest_route=%2Fwp%2Fv2%2Fcategories&post=14516"},{"taxonomy":"post_tag","embeddable":true,"href":"https:\/\/fajr.news\/index.php?rest_route=%2Fwp%2Fv2%2Ftags&post=14516"}],"curies":[{"name":"wp","href":"https:\/\/api.w.org\/{rel}","templated":true}]}}