{"id":14514,"date":"2026-05-01T16:34:16","date_gmt":"2026-05-01T13:04:16","guid":{"rendered":"https:\/\/fajr.news\/?p=14514"},"modified":"2026-05-01T16:34:16","modified_gmt":"2026-05-01T13:04:16","slug":"iran-savasinin-maliyeti-25-milyar-dolara-ulasti-ama-bitis-tarihi-hala-belirsiz","status":"publish","type":"post","link":"https:\/\/fajr.news\/?p=14514&lang=tr","title":{"rendered":"\u0130ran sava\u015f\u0131n\u0131n maliyeti 25 milyar dolara ula\u015ft\u0131 ama biti\u015f tarihi hala belirsiz"},"content":{"rendered":"<p>Pentagon&#8217;un tahminlerine g\u00f6re, \u0130ran&#8217;daki sava\u015f\u0131n maliyeti \u015fu ana kadar yakla\u015f\u0131k 25 milyar dolara ula\u015ft\u0131. Ancak Savunma Bakan\u0131 Pete Hegseth, \u00c7ar\u015famba g\u00fcn\u00fc bir kongre komitesi \u00f6n\u00fcndeki gergin ifadesinde \u00e7at\u0131\u015fman\u0131n ne zaman sona erece\u011fine dair herhangi bir i\u015faret vermedi.<\/p>\n<p>Temsilciler Meclisi Silahl\u0131 Hizmetler Komitesi \u00f6n\u00fcndeki hararetli bir tart\u0131\u015fmada, Hegseth, Washington&#8217;dan Demokrat Temsilci Adam Smith taraf\u0131ndan sorguland\u0131. Smith, savunma bakan\u0131na sava\u015f\u0131n nihayetinde nas\u0131l sonu\u00e7lanaca\u011f\u0131n\u0131 d\u00fc\u015f\u00fcnd\u00fc\u011f\u00fcn\u00fc sordu.<\/p>\n<p>Hegseth, &#8220;N\u00fckleer silah edinmeye kararl\u0131 bu t\u00fcr bir d\u00fc\u015fmana kar\u015f\u0131 durmal\u0131 ve onlar\u0131 masaya oturup vazge\u00e7tikleri bir noktaya getirmelisiniz,&#8221; dedi.<\/p>\n<p>Smith, &#8220;Yani hen\u00fcz pes etmediler,&#8221; diye yan\u0131tlad\u0131.<\/p>\n<p>Hegseth, \u0130ran&#8217;\u0131n &#8220;n\u00fckleer tesislerinin yok edildi\u011fini&#8221; ve ge\u00e7en Haziran ay\u0131ndaki ABD hava sald\u0131r\u0131lar\u0131 nedeniyle yeralt\u0131na g\u00f6m\u00fcld\u00fc\u011f\u00fcne inan\u0131lan y\u00fcksek oranda zenginle\u015ftirilmi\u015f uranyum stoklar\u0131n\u0131n da dahil oldu\u011funu s\u00f6yledi.<\/p>\n<p>Smith, Trump y\u00f6netiminin iki ay \u00f6nce mevcut sava\u015f\u0131 ba\u015flat\u0131rken bir \u0130ran n\u00fckleer silah\u0131n\u0131n &#8220;yak\u0131n bir tehdit oldu\u011funu&#8221; s\u00f6yledi\u011fini, \u015fimdi ise &#8220;tamamen yok edildi\u011fini&#8221; s\u00f6yledi\u011fini belirtti.<\/p>\n<p>Hegseth, \u0130ran&#8217;\u0131n &#8220;n\u00fckleer emellerinden vazge\u00e7medi\u011fini&#8221; s\u00f6yleyerek yan\u0131t verdi.<\/p>\n<p>\u0130fadesi s\u0131ras\u0131nda Hegseth&#8217;e sava\u015f\u0131n maliyeti hakk\u0131nda birka\u00e7 kez soru soruldu. O da, &#8220;\u0130ran&#8217;\u0131n asla n\u00fckleer silah edinmemesini sa\u011flaman\u0131n bedeli nedir?&#8221; diye yan\u0131tlad\u0131.<\/p>\n<p>Pentagon&#8217;un mali i\u015fler sorumlusu Jay Hurst da duru\u015fmada yer ald\u0131 ve sava\u015f\u0131n \u015fu ana kadar tahmini 25 milyar dolara mal oldu\u011funu s\u00f6yledi. Ana harcaman\u0131n \u0130ran&#8217;a at\u0131lan silahlar oldu\u011funu ekledi.<\/p>\n<p>Pentagon, Trump&#8217;\u0131n 7 Nisan&#8217;da ate\u015fkes ilan etmesinden \u00f6nce \u0130ran&#8217;da yakla\u015f\u0131k 13.000 hedefi vurdu\u011funu belirtiyor.<\/p>\n<p>Hurst&#8217;un ifadesi, Trump y\u00f6netiminin sava\u015f\u0131n maliyetine ili\u015fkin ilk kez kamuoyuna bir tahmin sunmas\u0131 oldu.<\/p>\n<p>\u0130ran sava\u015f\u0131, Pentagon&#8217;un gelecek y\u0131lki b\u00fct\u00e7esini g\u00f6r\u00fc\u015fmek \u00fczere planlanan duru\u015fmaya damgas\u0131n\u0131 vurdu. Trump y\u00f6netimi, bu y\u0131lki 1 trilyon dolar\u0131n biraz alt\u0131ndaki tahsisattan b\u00fcy\u00fck bir art\u0131\u015fla yakla\u015f\u0131k 1,5 trilyon dolar talep ediyor.<\/p>\n<p><b>Diplomatik \u00c7\u0131kmaz<\/b><\/p>\n<p>\u0130ran ile ate\u015fkes \u00fc\u00e7 haftad\u0131r y\u00fcr\u00fcrl\u00fckte olmas\u0131na ra\u011fmen, diplomatik bir \u00e7\u00f6z\u00fcm konusunda \u00e7ok az ilerleme kaydedildi.<\/p>\n<p>ABD ve \u0130ranl\u0131 m\u00fczakereciler sadece bir resmi g\u00f6r\u00fc\u015fme turu d\u00fczenlediler, ancak arabulucu olarak g\u00f6rev yapan Pakistan arac\u0131l\u0131\u011f\u0131yla mesaj ve teklif al\u0131\u015fveri\u015finde bulunuyorlar.<\/p>\n<p>ABD ve \u0130ran, K\u00f6rfez&#8217;de kar\u015f\u0131l\u0131kl\u0131 ablukalar uygulayarak petrol ve di\u011fer ticari trafi\u011fi fiilen durdurdu. Bu durum, petrol fiyatlar\u0131n\u0131 dramatik bir \u015fekilde y\u00fckseltti ve d\u00fcnya \u00e7ap\u0131nda ekonomik s\u0131k\u0131nt\u0131lara neden oldu.<\/p>\n<p>\u0130ran, sava\u015f\u0131n ilk g\u00fcnlerinde H\u00fcrm\u00fcz Bo\u011faz\u0131&#8217;n\u0131 deniz may\u0131nlar\u0131, karadan f\u0131rlat\u0131lan insans\u0131z hava ara\u00e7lar\u0131 ve f\u00fczeler gibi k\u00fc\u00e7\u00fck silahlar kullanarak kapatt\u0131. ABD, 13 Nisan&#8217;da b\u00fcy\u00fck bir deniz varl\u0131\u011f\u0131yla kendi ablukas\u0131n\u0131 uygulayarak kar\u015f\u0131l\u0131k verdi.<\/p>\n<p><b>ABD&#8217;nin K\u00f6rfez&#8217;deki Kabiliyetleri<\/b><\/p>\n<p>Daha \u00f6nce Bahreyn&#8217;deki K\u00f6rfez \u00fclkesinde bulunan ABD Be\u015finci Filosu&#8217;na komuta eden emekli ABD Donanmas\u0131 Koramiral Kevin Donegan, ABD&#8217;nin mevcut ablukay\u0131 s\u00fcresiz olarak s\u00fcrd\u00fcrebilece\u011fine inand\u0131\u011f\u0131n\u0131 s\u00f6yledi.<\/p>\n<p>Donegan, NPR&#8217;ye verdi\u011fi deme\u00e7te, &#8220;B\u00f6lgedeki mevcut kuvvetlerle \u00e7ok s\u00fcrd\u00fcr\u00fclebilir,&#8221; dedi. &#8220;Hatta (bu gemilerin) baz\u0131lar\u0131n\u0131 geri \u00e7ekip di\u011ferlerini rotasyon i\u00e7in b\u00f6lgeye ta\u015f\u0131yabilirler.&#8221;<\/p>\n<p>Donegan, bo\u011faz\u0131 yeniden a\u00e7man\u0131n en iyi ve en g\u00fcvenli yolunun m\u00fczakere edilmi\u015f bir anla\u015fma olaca\u011f\u0131n\u0131 s\u00f6yledi. Ancak ABD Donanmas\u0131&#8217;n\u0131n su yolunu temizleyebilece\u011fini, ancak may\u0131nlar\u0131 temizlemenin ve \u0130ran&#8217;\u0131n karadaki g\u00fc\u00e7lerini daha da zay\u0131flatman\u0131n zaman alaca\u011f\u0131n\u0131 belirtti.<\/p>\n<p>\u015eu anda Washington&#8217;daki Middle East Institute d\u00fc\u015f\u00fcnce kurulu\u015funda bulunan Donegan, ordunun tam olarak hangi ad\u0131mlar\u0131 att\u0131\u011f\u0131n\u0131 bilmedi\u011fini s\u00f6yledi. Ancak deneyimlerine dayanarak, ABD&#8217;nin may\u0131nlar\u0131 temizlemek i\u00e7in y\u00fczey \u00fcst\u00fc ve y\u00fczey alt\u0131 insans\u0131z ara\u00e7lar kulland\u0131\u011f\u0131na inan\u0131yor.<\/p>\n<p>Denizalt\u0131 ara\u00e7lar\u0131n\u0131n &#8220;b\u00fcy\u00fck torpidolara benzedi\u011fini&#8221; s\u00f6yledi. &#8220;Oradaki may\u0131nlar\u0131 bulabilirler ve sonra onlar\u0131 \u00e7\u0131karabilecek ba\u015fka uzaktan kumandal\u0131 ara\u00e7lar var. Temel olarak, biri giri\u015f, di\u011feri \u00e7\u0131k\u0131\u015f i\u00e7in iki iyi ge\u00e7it a\u00e7ars\u0131n\u0131z.&#8221;<\/p>\n<p>\u0130stenirse, Donanma&#8217;n\u0131n petrol tankerlerine bo\u011fazdan e\u015flik edebilece\u011fini de ekledi. Ancak riskler olaca\u011f\u0131n\u0131 ve ge\u00e7en gemi say\u0131s\u0131n\u0131n muhtemelen sava\u015f \u00f6ncesi deniz trafi\u011finin \u00e7ok alt\u0131nda kalaca\u011f\u0131n\u0131 belirtti.<\/p>\n<p>Sava\u015ftan \u00f6nce, g\u00fcnde 100&#8217;den fazla ticari gemi, \u0130ran&#8217;a ve Arap \u00fclkelerine gidip gelerek petrol, do\u011fal gaz ve k\u00fcresel ekonomi i\u00e7in di\u011fer \u00f6nemli bile\u015fenleri ta\u015f\u0131yarak bo\u011fazdan ge\u00e7iyordu.<\/p>\n<p>Donegan, &#8220;A\u00e7\u0131k\u00e7as\u0131, bunu az say\u0131da (gemiyle) yapmaya ba\u015flars\u0131n\u0131z ve \u0130ranl\u0131lar\u0131n sahip oldu\u011fu herhangi bir kal\u0131nt\u0131 yetene\u011fi azaltman\u0131z gerekir,&#8221; dedi. &#8220;Diyelim ki sonunda konvoylar\u0131 ileri geri hareket ettirebilece\u011finiz bir noktaya geldiniz ve \u015fimdi normalde oldu\u011fundan \u00e7ok daha d\u00fc\u015f\u00fck bir kapasiteye sahip olacaks\u0131n\u0131z.&#8221;<\/p>\n<p>ABD, 1949&#8217;dan beri K\u00f6rfez&#8217;de deniz varl\u0131\u011f\u0131na sahip ve Be\u015finci Filo, petrol ak\u0131\u015f\u0131n\u0131 korumak amac\u0131yla 1995 y\u0131l\u0131nda Bahreyn&#8217;de resmi olarak kuruldu.<\/p>\n<p>Donegan, on y\u0131l \u00f6nce Be\u015finci Filo&#8217;ya komuta ederken, \u0130ran&#8217;\u0131n H\u00fcrm\u00fcz Bo\u011faz\u0131&#8217;n\u0131 kapatma olas\u0131l\u0131\u011f\u0131n\u0131 s\u0131k s\u0131k d\u00fc\u015f\u00fcnd\u00fc\u011f\u00fcn\u00fc s\u00f6yledi.<\/p>\n<p>&#8220;Be\u015finci Filo&#8217;da yapt\u0131\u011f\u0131m\u0131z her \u015feyin \u00f6n saflar\u0131ndayd\u0131, askeri operasyonlar y\u00fcr\u00fct\u00fcrsek bunun \u0130ranl\u0131lar\u0131n oynayaca\u011f\u0131 bir kart olaca\u011f\u0131n\u0131 biliyorduk,&#8221; dedi. &#8220;Bunu yapmalar\u0131 tamamen bekleniyordu ve planlama s\u00fcrecinize dahil edilmi\u015fti.&#8221;<\/p>\n<p>Orta Do\u011fu&#8217;daki onlarca y\u0131ll\u0131k karga\u015faya ra\u011fmen, K\u00f6rfez&#8217;deki petrol ak\u0131\u015f\u0131 hi\u00e7bir zaman bu kadar kapsaml\u0131 bir kapanmayla kar\u015f\u0131la\u015fmad\u0131. Son \u00f6nemli kesinti, ABD liderli\u011findeki koalisyonun Irak birliklerini Kuveyt&#8217;ten \u00e7\u0131kard\u0131\u011f\u0131 1991 K\u00f6rfez Sava\u015f\u0131 s\u0131ras\u0131nda ya\u015fanm\u0131\u015ft\u0131.<\/p>\n<p>#\u0130ranSava\u015f\u0131 #Pentagon #H\u00fcrm\u00fczBo\u011faz\u0131 #N\u00fckleerSilahlar #ABD\u0130ranGerilimi #SavunmaB\u00fct\u00e7esi #Diplomatik\u00c7\u0131kmaz #PetrolFiyatlar\u0131 #K\u00f6rfezB\u00f6lgesi #AskeriOperasyonlar<\/p>\n","protected":false},"excerpt":{"rendered":"<p>Pentagon&#8217;un tahminlerine g\u00f6re, \u0130ran&#8217;daki sava\u015f\u0131n maliyeti \u015fu ana kadar yakla\u015f\u0131k 25 milyar dolara ula\u015ft\u0131. Ancak Savunma Bakan\u0131 Pete Hegseth, \u00c7ar\u015famba g\u00fcn\u00fc bir kongre komitesi \u00f6n\u00fcndeki gergin ifadesinde \u00e7at\u0131\u015fman\u0131n ne zaman sona erece\u011fine dair herhangi bir i\u015faret vermedi. Temsilciler Meclisi Silahl\u0131 Hizmetler Komitesi \u00f6n\u00fcndeki hararetli bir tart\u0131\u015fmada, Hegseth, Washington&#8217;dan Demokrat Temsilci Adam Smith taraf\u0131ndan sorguland\u0131. Smith, [&hellip;]<\/p>\n","protected":false},"author":2,"featured_media":14515,"comment_status":"open","ping_status":"open","sticky":false,"template":"","format":"standard","meta":{"footnotes":""},"categories":[31],"tags":[],"class_list":["post-14514","post","type-post","status-publish","format-standard","has-post-thumbnail","hentry","category-iran-haberleri"],"_links":{"self":[{"href":"https:\/\/fajr.news\/index.php?rest_route=\/wp\/v2\/posts\/14514","targetHints":{"allow":["GET"]}}],"collection":[{"href":"https:\/\/fajr.news\/index.php?rest_route=\/wp\/v2\/posts"}],"about":[{"href":"https:\/\/fajr.news\/index.php?rest_route=\/wp\/v2\/types\/post"}],"author":[{"embeddable":true,"href":"https:\/\/fajr.news\/index.php?rest_route=\/wp\/v2\/users\/2"}],"replies":[{"embeddable":true,"href":"https:\/\/fajr.news\/index.php?rest_route=%2Fwp%2Fv2%2Fcomments&post=14514"}],"version-history":[{"count":0,"href":"https:\/\/fajr.news\/index.php?rest_route=\/wp\/v2\/posts\/14514\/revisions"}],"wp:featuredmedia":[{"embeddable":true,"href":"https:\/\/fajr.news\/index.php?rest_route=\/wp\/v2\/media\/14515"}],"wp:attachment":[{"href":"https:\/\/fajr.news\/index.php?rest_route=%2Fwp%2Fv2%2Fmedia&parent=14514"}],"wp:term":[{"taxonomy":"category","embeddable":true,"href":"https:\/\/fajr.news\/index.php?rest_route=%2Fwp%2Fv2%2Fcategories&post=14514"},{"taxonomy":"post_tag","embeddable":true,"href":"https:\/\/fajr.news\/index.php?rest_route=%2Fwp%2Fv2%2Ftags&post=14514"}],"curies":[{"name":"wp","href":"https:\/\/api.w.org\/{rel}","templated":true}]}}