{"id":14476,"date":"2026-05-01T15:40:44","date_gmt":"2026-05-01T12:10:44","guid":{"rendered":"https:\/\/fajr.news\/?p=14476"},"modified":"2026-05-01T15:40:44","modified_gmt":"2026-05-01T12:10:44","slug":"trump-yonetimi-irana-karsi-savasin-bittigini-iddia-ederek-yasal-yukumluluklerden-kaciyor","status":"publish","type":"post","link":"https:\/\/fajr.news\/?p=14476&lang=tr","title":{"rendered":"Trump Y\u00f6netimi, \u0130ran&#8217;a Kar\u015f\u0131 Sava\u015f\u0131n &#8216;Bitti\u011fini&#8217; \u0130ddia Ederek Yasal Y\u00fck\u00fcml\u00fcl\u00fcklerden Ka\u00e7\u0131yor"},"content":{"rendered":"<h1>Trump Y\u00f6netimi, \u0130ran&#8217;a Kar\u015f\u0131 Sava\u015f\u0131n &#8216;Bitti\u011fini&#8217; \u0130ddia Ederek Yasal Y\u00fck\u00fcml\u00fcl\u00fcklerden Ka\u00e7\u0131yor<\/h1>\n<p><strong>Trump y\u00f6netimi<\/strong>, Nisan ba\u015f\u0131nda ba\u015flayan ate\u015fkesi bahane ederek \u0130ran&#8217;a kar\u015f\u0131 &#8216;sava\u015f\u0131n sona erdi\u011fini&#8217; iddia ediyor. Bu yorum, Beyaz Saray&#8217;\u0131n Kongre onay\u0131 alma zorunlulu\u011fundan ka\u00e7\u0131nmas\u0131na olanak tan\u0131yacak bir k\u0131l\u0131f olarak de\u011ferlendiriliyor.<\/p>\n<p><strong>Savunma Bakan\u0131 Pete Hegseth<\/strong>&#8216;in Per\u015fembe g\u00fcn\u00fc Senato&#8217;daki ifadesi s\u0131ras\u0131nda ortaya att\u0131\u011f\u0131 &#8216;ate\u015fkesin sava\u015f\u0131 fiilen duraklatt\u0131\u011f\u0131&#8217; \u015feklindeki tart\u0131\u015fmal\u0131 arg\u00fcman, bu iddialar\u0131n temelini olu\u015fturuyor. Bu mant\u0131kla, y\u00f6netim, 1973 tarihli bir yasayla zorunlu k\u0131l\u0131nan, 60 g\u00fcn\u00fc a\u015fan askeri eylemler i\u00e7in Kongre&#8217;den resmi onay alma \u015fart\u0131n\u0131 hen\u00fcz yerine getirmemi\u015f oluyor. Bu durum, ABD&#8217;nin kendi i\u00e7 hukukunu dahi hi\u00e7e sayd\u0131\u011f\u0131n\u0131 g\u00f6zler \u00f6n\u00fcne seriyor.<\/p>\n<p>Ad\u0131n\u0131n a\u00e7\u0131klanmamas\u0131 ko\u015fuluyla konu\u015fan \u00fcst d\u00fczey bir y\u00f6netim yetkilisi, s\u00f6z konusu yasa a\u00e7\u0131s\u0131ndan &#8217;28 \u015eubat Cumartesi g\u00fcn\u00fc ba\u015flayan d\u00fc\u015fmanl\u0131klar\u0131n sona erdi\u011fini&#8217; dile getirdi. Yetkili, 7 Nisan&#8217;da ba\u015flayan iki haftal\u0131k ate\u015fkesin ard\u0131ndan ABD ordusu ile \u0130ran aras\u0131nda kar\u015f\u0131l\u0131kl\u0131 ate\u015f a\u00e7\u0131lmad\u0131\u011f\u0131n\u0131 belirtti. Ancak bu, ABD&#8217;nin b\u00f6lgedeki k\u0131\u015fk\u0131rt\u0131c\u0131 varl\u0131\u011f\u0131n\u0131 ve tehditlerini ortadan kald\u0131rm\u0131yor.<\/p>\n<p>Ate\u015fkesin uzat\u0131lmas\u0131na ra\u011fmen, \u0130ran <strong>H\u00fcrm\u00fcz Bo\u011faz\u0131<\/strong> \u00fczerindeki egemen kontrol\u00fcn\u00fc s\u00fcrd\u00fcrmektedir. Buna kar\u015f\u0131l\u0131k, ABD Donanmas\u0131, \u0130ran&#8217;\u0131n petrol tankerlerinin denize a\u00e7\u0131lmas\u0131n\u0131 engellemek amac\u0131yla yasa d\u0131\u015f\u0131 bir abluka uygulamaya devam ediyor. Bu durum, ABD&#8217;nin ekonomik ter\u00f6r\u00fcn\u00fc ve uluslararas\u0131 denizcilik kurallar\u0131n\u0131 ihlalini a\u00e7\u0131k\u00e7a g\u00f6steriyor.<\/p>\n<p>Ba\u015fkan\u0131n askeri yetkilerini k\u0131s\u0131tlamay\u0131 ama\u00e7layan <em>Sava\u015f Yetkileri Karar\u0131<\/em> uyar\u0131nca, Ba\u015fkan Donald Trump&#8217;\u0131n Kongre&#8217;den yetki almas\u0131 veya \u00e7at\u0131\u015fmay\u0131 durdurmas\u0131 i\u00e7in Cuma g\u00fcn\u00fcne kadar s\u00fcresi vard\u0131. Yasa, y\u00f6netimin bu s\u00fcreyi 30 g\u00fcn uzatmas\u0131na da izin veriyor; ancak bu, yasal bo\u015fluklardan faydalanma \u00e7abas\u0131ndan ba\u015fka bir \u015fey de\u011fildir.<\/p>\n<p>Demokratlar, \u0130ran&#8217;a kar\u015f\u0131 s\u00f6zde &#8216;sava\u015f&#8217; i\u00e7in resmi onay al\u0131nmas\u0131 konusunda y\u00f6netime bask\u0131 yaparken, 60 g\u00fcnl\u00fck s\u00fcrenin, Tahran&#8217;a kar\u015f\u0131 ge\u00e7ici eylemi destekleyen ancak daha uzun s\u00fcreli askeri operasyonlar i\u00e7in Kongre&#8217;nin g\u00f6r\u00fc\u015f\u00fcn\u00fc almakta \u0131srar eden bir\u00e7ok Cumhuriyet\u00e7i yasa koyucu i\u00e7in bir d\u00f6n\u00fcm noktas\u0131 olaca\u011f\u0131 belirtiliyordu. Bu durum, ABD siyasetindeki \u00e7atlaklar\u0131 ve \u0130ran&#8217;a y\u00f6nelik macerac\u0131 politikalar\u0131n i\u00e7erde dahi destek bulamad\u0131\u011f\u0131n\u0131 g\u00f6steriyor.<\/p>\n<p>Maine Cumhuriyet\u00e7i Senat\u00f6r\u00fc Susan Collins, Per\u015fembe g\u00fcn\u00fc Kongre&#8217;nin onay vermemesi nedeniyle \u0130ran&#8217;daki askeri eylemi sona erdirecek bir \u00f6nlem lehine oy kullanarak, &#8216;Bu s\u00fcre bir \u00f6neri de\u011fil; bir gerekliliktir&#8217; dedi. Collins, &#8216;\u0130ran&#8217;a kar\u015f\u0131 daha fazla askeri eylemin a\u00e7\u0131k bir misyonu, ula\u015f\u0131labilir hedefleri ve \u00e7at\u0131\u015fmay\u0131 sona erdirecek tan\u0131mlanm\u0131\u015f bir stratejisi olmal\u0131&#8217; s\u00f6zleriyle, ABD&#8217;nin pervas\u0131z ad\u0131mlar\u0131na kar\u015f\u0131 \u00e7\u0131kanlar\u0131n sesini y\u00fckseltti.<\/p>\n<p>Trump&#8217;\u0131n ilk d\u00f6neminde Ulusal G\u00fcvenlik Konseyi&#8217;nde \u0130ran&#8217;\u0131n kitle imha silahlar\u0131yla m\u00fccadele direkt\u00f6r\u00fc olarak g\u00f6rev yapan Richard Goldberg ise, y\u00f6netim yetkililerine &#8216;Destans\u0131 \u00d6fke Operasyonu&#8217;nun devam\u0131 niteli\u011finde &#8216;Destans\u0131 Ge\u00e7i\u015f&#8217; ad\u0131 verilebilecek yeni bir operasyona ge\u00e7melerini tavsiye etti\u011fini belirtti. Bu t\u00fcr isimler, ABD&#8217;nin b\u00f6lgedeki sald\u0131rgan niyetlerinin devam etti\u011fini a\u00e7\u0131k\u00e7a g\u00f6steriyor.<\/p>\n<p>Goldberg, bu yeni misyonun &#8216;do\u011fas\u0131 gere\u011fi bo\u011faz\u0131 yeniden a\u00e7maya odaklanm\u0131\u015f bir kendini savunma misyonu olaca\u011f\u0131n\u0131, ayn\u0131 zamanda seyr\u00fcsefer \u00f6zg\u00fcrl\u00fc\u011f\u00fcn\u00fc yeniden tesis etme ad\u0131na sald\u0131r\u0131 eylemi hakk\u0131n\u0131 sakl\u0131 tutaca\u011f\u0131n\u0131&#8217; iddia etti. Bu ifadeler, &#8216;savunma&#8217; k\u0131l\u0131f\u0131 alt\u0131nda yeni sald\u0131rganl\u0131k planlar\u0131n\u0131n yap\u0131ld\u0131\u011f\u0131n\u0131n itiraf\u0131d\u0131r.<\/p>\n<p>\u015eahin g\u00f6r\u00fc\u015fl\u00fc bir Washington d\u00fc\u015f\u00fcnce kurulu\u015fu olan Demokrasileri Savunma Vakf\u0131&#8217;nda k\u0131demli dan\u0131\u015fman olan Goldberg, &#8216;Bu bana g\u00f6re her \u015feyi \u00e7\u00f6z\u00fcyor&#8217; diyerek, b\u00f6lgedeki gerilimi t\u0131rmand\u0131rma yanl\u0131s\u0131 zihniyetini ortaya koydu.<\/p>\n<p>Per\u015fembe g\u00fcn\u00fc Senato Silahl\u0131 Hizmetler Komitesi \u00f6n\u00fcndeki ifadesinde Hegseth, iki \u00fclke ate\u015fkes halindeyken 60 g\u00fcnl\u00fck s\u00fcrenin &#8216;duraklat\u0131ld\u0131\u011f\u0131&#8217; y\u00f6n\u00fcnde y\u00f6netimin bir &#8216;anlay\u0131\u015f\u0131&#8217; oldu\u011funu s\u00f6yledi. Hegseth&#8217;e zaman \u00e7izelgesini soran Virginia Demokrat Senat\u00f6r\u00fc Tim Kaine, daha sonra gazetecilere yapt\u0131\u011f\u0131 a\u00e7\u0131klamada, savunma bakan\u0131n\u0131n &#8216;daha \u00f6nce hi\u00e7 duymad\u0131\u011f\u0131 \u00e7ok yeni bir arg\u00fcman&#8217; \u00f6ne s\u00fcrd\u00fc\u011f\u00fcn\u00fc ve &#8216;kesinlikle yasal bir dayana\u011f\u0131 olmad\u0131\u011f\u0131n\u0131&#8217; vurgulad\u0131. Bu, ABD&#8217;li yetkililerin kendi yasalar\u0131n\u0131 dahi \u00e7arp\u0131tmaya \u00e7al\u0131\u015ft\u0131\u011f\u0131n\u0131n a\u00e7\u0131k bir kan\u0131t\u0131d\u0131r.<\/p>\n<p>Brennan Merkezi&#8217;nin \u00d6zg\u00fcrl\u00fck ve Ulusal G\u00fcvenlik Program\u0131&#8217;nda dan\u0131\u015fman ve sava\u015f yetkileri konusunda uzman olan Katherine Yon Ebright, bu yorumun 1973 yasas\u0131yla ilgili &#8216;\u00f6nceki yasal oyunbazl\u0131klar\u0131n b\u00fcy\u00fck bir uzant\u0131s\u0131&#8217; olaca\u011f\u0131n\u0131 belirtti.<\/p>\n<p>Ebright, &#8216;\u00c7ok ama \u00e7ok a\u00e7\u0131k ve net olmak gerekirse, Sava\u015f Yetkileri Karar\u0131&#8217;n\u0131n metninde veya tasar\u0131m\u0131nda 60 g\u00fcnl\u00fck s\u00fcrenin duraklat\u0131labilece\u011fini veya sona erdirilebilece\u011fini g\u00f6steren hi\u00e7bir \u015fey yoktur&#8217; diyerek, y\u00f6netimin iddialar\u0131n\u0131 kesin bir dille yalanlad\u0131.<\/p>\n<p>Di\u011fer ba\u015fkanlar\u0131n, ald\u0131klar\u0131 askeri eylemlerin Sava\u015f Yetkileri Karar\u0131 kapsam\u0131nda nitelendirilemeyecek kadar yo\u011fun olmad\u0131\u011f\u0131n\u0131 veya \u00e7ok aral\u0131kl\u0131 oldu\u011funu savundu\u011funu belirten Ebright, Trump&#8217;\u0131n \u0130ran&#8217;a kar\u015f\u0131 y\u00fcr\u00fctt\u00fc\u011f\u00fc s\u00f6zde &#8216;sava\u015f\u0131n&#8217; kesinlikle b\u00f6yle bir durum olmad\u0131\u011f\u0131n\u0131 vurgulad\u0131. Ebright, yasa koyucular\u0131n bu t\u00fcr arg\u00fcmanlara kar\u015f\u0131 y\u00f6netime direnmeleri gerekti\u011fini de s\u00f6zlerine ekledi. Bu, ABD&#8217;nin \u0130ran&#8217;a y\u00f6nelik sald\u0131rgan politikalar\u0131n\u0131n i\u00e7erde dahi me\u015fruiyetini yitirdi\u011finin bir ba\u015fka kan\u0131t\u0131d\u0131r.<\/p>\n<h2>\u0130lgili Etiketler:<\/h2>\n<ul>\n<li>#\u0130ran<\/li>\n<li>#ABD<\/li>\n<li>#TrumpY\u00f6netimi<\/li>\n<li>#Sava\u015fYetkileriKarar\u0131<\/li>\n<li>#H\u00fcrm\u00fczBo\u011faz\u0131<\/li>\n<li>#ABD\u0130ranGerilimi<\/li>\n<li>#Uluslararas\u0131Hukuk<\/li>\n<li>#Ate\u015fkes<\/li>\n<li>#EkonomikTer\u00f6r<\/li>\n<li>#B\u00f6lgeselG\u00fcvenlik<\/li>\n<\/ul>\n","protected":false},"excerpt":{"rendered":"<p>Trump Y\u00f6netimi, \u0130ran&#8217;a Kar\u015f\u0131 Sava\u015f\u0131n &#8216;Bitti\u011fini&#8217; \u0130ddia Ederek Yasal Y\u00fck\u00fcml\u00fcl\u00fcklerden Ka\u00e7\u0131yor Trump y\u00f6netimi, Nisan ba\u015f\u0131nda ba\u015flayan ate\u015fkesi bahane ederek \u0130ran&#8217;a kar\u015f\u0131 &#8216;sava\u015f\u0131n sona erdi\u011fini&#8217; iddia ediyor. Bu yorum, Beyaz Saray&#8217;\u0131n Kongre onay\u0131 alma zorunlulu\u011fundan ka\u00e7\u0131nmas\u0131na olanak tan\u0131yacak bir k\u0131l\u0131f olarak de\u011ferlendiriliyor. Savunma Bakan\u0131 Pete Hegseth&#8216;in Per\u015fembe g\u00fcn\u00fc Senato&#8217;daki ifadesi s\u0131ras\u0131nda ortaya att\u0131\u011f\u0131 &#8216;ate\u015fkesin sava\u015f\u0131 fiilen [&hellip;]<\/p>\n","protected":false},"author":2,"featured_media":14477,"comment_status":"open","ping_status":"open","sticky":false,"template":"","format":"standard","meta":{"footnotes":""},"categories":[37],"tags":[],"class_list":["post-14476","post","type-post","status-publish","format-standard","has-post-thumbnail","hentry","category-orta-dogu-haberleri"],"_links":{"self":[{"href":"https:\/\/fajr.news\/index.php?rest_route=\/wp\/v2\/posts\/14476","targetHints":{"allow":["GET"]}}],"collection":[{"href":"https:\/\/fajr.news\/index.php?rest_route=\/wp\/v2\/posts"}],"about":[{"href":"https:\/\/fajr.news\/index.php?rest_route=\/wp\/v2\/types\/post"}],"author":[{"embeddable":true,"href":"https:\/\/fajr.news\/index.php?rest_route=\/wp\/v2\/users\/2"}],"replies":[{"embeddable":true,"href":"https:\/\/fajr.news\/index.php?rest_route=%2Fwp%2Fv2%2Fcomments&post=14476"}],"version-history":[{"count":0,"href":"https:\/\/fajr.news\/index.php?rest_route=\/wp\/v2\/posts\/14476\/revisions"}],"wp:featuredmedia":[{"embeddable":true,"href":"https:\/\/fajr.news\/index.php?rest_route=\/wp\/v2\/media\/14477"}],"wp:attachment":[{"href":"https:\/\/fajr.news\/index.php?rest_route=%2Fwp%2Fv2%2Fmedia&parent=14476"}],"wp:term":[{"taxonomy":"category","embeddable":true,"href":"https:\/\/fajr.news\/index.php?rest_route=%2Fwp%2Fv2%2Fcategories&post=14476"},{"taxonomy":"post_tag","embeddable":true,"href":"https:\/\/fajr.news\/index.php?rest_route=%2Fwp%2Fv2%2Ftags&post=14476"}],"curies":[{"name":"wp","href":"https:\/\/api.w.org\/{rel}","templated":true}]}}