{"id":14452,"date":"2026-05-01T15:22:27","date_gmt":"2026-05-01T11:52:27","guid":{"rendered":"https:\/\/fajr.news\/?p=14452"},"modified":"2026-05-01T15:22:27","modified_gmt":"2026-05-01T11:52:27","slug":"ortadogu-savasi-canli-iran-tahran-hava-savunmasini-kesif-dronlarina-karsi-kisa-sureligine-aktive-etti","status":"publish","type":"post","link":"https:\/\/fajr.news\/?p=14452&lang=tr","title":{"rendered":"Ortado\u011fu sava\u015f\u0131 canl\u0131: \u0130ran, Tahran hava savunmas\u0131n\u0131 &#8216;ke\u015fif dronlar\u0131na&#8217; kar\u015f\u0131 k\u0131sa s\u00fcreli\u011fine aktive etti"},"content":{"rendered":"<p>Canl\u0131<br \/>\nTasnim ve Fars haber ajanslar\u0131n\u0131n bildirdi\u011fine g\u00f6re, Per\u015fembe gecesi Tahran&#8217;\u0131n hava savunma sistemleri yakla\u015f\u0131k 20 dakika boyunca &#8220;k\u00fc\u00e7\u00fck u\u00e7aklara ve ke\u015fif dronlar\u0131na kar\u015f\u0131 koymak&#8221; amac\u0131yla aktive edildi. ABD Ba\u015fkan\u0131 Donald Trump y\u00f6netimi ise, ABD-\u0130srail&#8217;in \u0130ran&#8217;a kar\u015f\u0131 y\u00fcr\u00fctt\u00fc\u011f\u00fc sava\u015f i\u00e7in kongre onay\u0131 alma konusunda yakla\u015fan bir son tarihin kendilerini dizginlemeyece\u011fini i\u015faret etti. En son g\u00fcncellemeler i\u00e7in canl\u0131 blogumuzu takip edin.<\/p>\n<p>\u0130srail makamlar\u0131, Gazze&#8217;ye gitmekte olan bir yard\u0131m filosuna liderlik eden ve Akdeniz&#8217;in uluslararas\u0131 sular\u0131nda \u0130srail taraf\u0131ndan ele ge\u00e7irilen iki aktivisti sorgulamak \u00fczere \u0130srail&#8217;e g\u00f6t\u00fcrd\u00fcklerini bildirdi.<br \/>\nFilistin-\u0130spanyol vatanda\u015f\u0131 Saif Abukeshek ve Brezilya vatanda\u015f\u0131 Thiago Avila adl\u0131 aktivistler, \u0130srail donanmas\u0131 taraf\u0131ndan Girit a\u00e7\u0131klar\u0131nda durdurulan d\u00fczinelerce aktivist aras\u0131ndayd\u0131. Onlar, \u0130srail&#8217;in deniz ablukas\u0131n\u0131 k\u0131rmak ve Filistin topraklar\u0131na insani yard\u0131m ula\u015ft\u0131rmak misyonuyla yola \u00e7\u0131kan K\u00fcresel Sumud Filosu&#8217;nun y\u00f6nlendirme komitesi \u00fcyeleridir.<br \/>\n\u0130srailli yetkililer, filodaki y\u00fcksek tekne say\u0131s\u0131 nedeniyle \u0130srail sular\u0131na ula\u015fmadan \u00f6nce filoya kar\u015f\u0131 erken \u00f6nlem almalar\u0131 gerekti\u011fini belirtti.<\/p>\n<p>Yarg\u0131n\u0131n Mizan Online web sitesinde yay\u0131nlanan bir videoda Ejei, &#8220;\u0130slam Cumhuriyeti m\u00fczakerelerden asla ka\u00e7\u0131nmad\u0131&#8230; ancak dayatmay\u0131 kesinlikle kabul etmiyoruz&#8221; dedi.<br \/>\n&#8220;Sava\u015f\u0131 hi\u00e7bir \u015fekilde ho\u015f kar\u015f\u0131lam\u0131yoruz; sava\u015f istemiyoruz, devam\u0131n\u0131 istemiyoruz&#8221; diye ekledi.<br \/>\nAncak, \u0130ran&#8217;\u0131n &#8220;sava\u015ftan ka\u00e7\u0131nmak veya devam\u0131n\u0131 \u00f6nlemek i\u00e7in bu k\u00f6t\u00fc niyetli d\u00fc\u015fman kar\u015f\u0131s\u0131nda ilkelerimizi ve de\u011ferlerimizi terk etmeye kesinlikle istekli olmad\u0131\u011f\u0131n\u0131&#8221; vurgulad\u0131.<\/p>\n<p>AFP muhabirinin g\u00f6rd\u00fc\u011f\u00fcne g\u00f6re, \u0130srail g\u00fc\u00e7leri taraf\u0131ndan Girit a\u00e7\u0131klar\u0131ndaki uluslararas\u0131 sularda durdurulan Gazze&#8217;ye giden yard\u0131m filosundaki d\u00fczinelerce aktivist Yunan adas\u0131na indi.<br \/>\nYunan sahil g\u00fcvenlik g\u00f6revlileri e\u015fli\u011finde, yakla\u015f\u0131k 175 aktivist d\u00f6rt otob\u00fcsle yetkililer taraf\u0131ndan ad\u0131 a\u00e7\u0131klanmayan bir kasabaya g\u00f6t\u00fcr\u00fcld\u00fc.<br \/>\n\u0130srail d\u0131\u015fi\u015fleri bakanl\u0131\u011f\u0131 daha \u00f6nce Per\u015fembe g\u00fcn\u00fc 20&#8217;den fazla tekneden yakla\u015f\u0131k 175 aktivistin indirildi\u011fini belirtmi\u015fti. Filo organizat\u00f6rleri bu say\u0131y\u0131 211 olarak verdi.<br \/>\n\u0130srail D\u0131\u015fi\u015fleri Bakan\u0131 Gideon Saar, Per\u015fembe ge\u00e7 saatlerde X&#8217;te yapt\u0131\u011f\u0131 payla\u015f\u0131mda, &#8220;Yunan h\u00fck\u00fcmetiyle koordinasyon i\u00e7inde, filo gemilerinden \u0130srail gemisine aktar\u0131lan \u015fah\u0131slar \u00f6n\u00fcm\u00fczdeki saatlerde bir Yunan plaj\u0131na indirilecek&#8221; yazarak, Yunanistan&#8217;a &#8220;filo kat\u0131l\u0131mc\u0131lar\u0131n\u0131 kabul etme isteklili\u011fi&#8221; i\u00e7in te\u015fekk\u00fcr etti.<\/p>\n<p>Tutuklananlar aras\u0131nda vatanda\u015flar\u0131 bulunan bir\u00e7ok Avrupa h\u00fck\u00fcmeti, \u0130srail&#8217;i aktivistleri serbest b\u0131rakmaya \u00e7a\u011f\u0131rd\u0131 ve eylemini uluslararas\u0131 hukukun a\u00e7\u0131k bir ihlali olarak nitelendirdi.<br \/>\nFransa D\u0131\u015fi\u015fleri Bakan\u0131 Jean-No\u00ebl Barrot, H\u00fcrm\u00fcz Bo\u011faz\u0131&#8217;n\u0131 yeniden a\u00e7mak i\u00e7in ABD liderli\u011findeki yeni bir koalisyonun, Fransa ve \u0130ngiltere&#8217;nin \u00f6nc\u00fcl\u00fck etti\u011fi benzer bir misyonu tamamlayaca\u011f\u0131n\u0131 ve onunla rekabet etmeyece\u011fini s\u00f6yledi.<br \/>\nB\u00f6lgesel bir turun ard\u0131ndan Abu Dabi&#8217;de konu\u015fan Barrot, K\u00f6rfez m\u00fcttefiklerine Birle\u015fik Krall\u0131k-Fransa giri\u015fiminin art\u0131k &#8220;ileri&#8221; bir a\u015famada oldu\u011fu hakk\u0131nda bilgi verdi\u011fini belirtti.<br \/>\nPer\u015fembe g\u00fcn\u00fc, bir ABD yetkilisi AFP&#8217;ye Washington&#8217;\u0131n hayati rotada denizcili\u011fi yeniden ba\u015flatmak i\u00e7in &#8220;Deniz \u00d6zg\u00fcrl\u00fc\u011f\u00fc Yap\u0131s\u0131&#8221; adl\u0131 uluslararas\u0131 bir koalisyon ba\u015flatt\u0131\u011f\u0131n\u0131 do\u011frulad\u0131.<br \/>\nBirle\u015fik Krall\u0131k ve Fransa, ayr\u0131 bir denizcilik \u00e7abas\u0131 konusunda g\u00f6r\u00fc\u015fmelere \u00f6nc\u00fcl\u00fck etti ve yak\u0131n zamanda 50&#8217;den fazla \u00fclkeyle bir toplant\u0131 d\u00fczenledi.<br \/>\nBarrot, Suudi Arabistan ve Umman ziyaretlerinin ard\u0131ndan Birle\u015fik Arap Emirlikleri&#8217;nin ba\u015fkentinde yapt\u0131\u011f\u0131 a\u00e7\u0131klamada, ABD misyonunun &#8220;kurdu\u011fumuz misyonla ayn\u0131 nitelikte olmad\u0131\u011f\u0131n\u0131&#8230; bir t\u00fcr tamamlay\u0131c\u0131 olarak geldi\u011fini&#8221; s\u00f6yledi.<br \/>\n&#8220;Ba\u015flatt\u0131\u011f\u0131m\u0131z ve odakland\u0131\u011f\u0131m\u0131z giri\u015fimle rekabet halinde de\u011fil&#8221; diye ekledi.<\/p>\n<p>Singapur Ba\u015fbakan\u0131 Lawrence Wong, ABD-\u0130srail&#8217;in \u0130ran&#8217;a kar\u015f\u0131 y\u00fcr\u00fctt\u00fc\u011f\u00fc sava\u015f nedeniyle H\u00fcrm\u00fcz Bo\u011faz\u0131&#8217;n\u0131n kapanmas\u0131yla ekonomik b\u00fcy\u00fcmenin bu y\u0131l yava\u015flayaca\u011f\u0131 ve baz\u0131 \u00fclkelerin resesyona girebilece\u011fi konusunda uyard\u0131.<br \/>\n1 May\u0131s konu\u015fmas\u0131nda Lawrence Wong, sava\u015f\u0131n &#8220;yak\u0131n zamanda sona ermesinin beklenmedi\u011fini&#8221; ve \u00f6n\u00fcm\u00fczdeki aylarda tedarik kesintilerinin k\u00f6t\u00fcle\u015febilece\u011fini s\u00f6yledi.<br \/>\nWong, &#8220;Asya&#8217;da, K\u00f6rfez&#8217;den gelen enerji ve di\u011fer kritik tedariklere olan y\u00fcksek ba\u011f\u0131ml\u0131l\u0131\u011f\u0131m\u0131z nedeniyle \u00f6zellikle etkileniyoruz&#8221; dedi.<br \/>\nBaz\u0131 b\u00f6lgesel \u00fclkelerin halihaz\u0131rda yak\u0131t s\u0131k\u0131nt\u0131s\u0131 ya\u015fad\u0131\u011f\u0131n\u0131, havayollar\u0131n\u0131n u\u00e7u\u015flar\u0131 azaltt\u0131\u011f\u0131n\u0131 ve fabrikalar\u0131n gecikmeler bildirdi\u011fini s\u00f6yledi.<br \/>\n&#8220;K\u00fcresel olarak enflasyon y\u00fckselecek, enerjiden g\u0131daya ve ard\u0131ndan di\u011fer temel ihtiya\u00e7lara yay\u0131lacak. Baz\u0131 ekonomiler resesyona girebilir ve Singapur bu etkiyi do\u011frudan hissedecek&#8221; dedi.<br \/>\n&#8220;Bu y\u0131l b\u00fcy\u00fcmemiz yava\u015flayacak ve enflasyon daha y\u00fcksek olacak, t\u00fcm bunlar i\u015fletmeler, i\u015f\u00e7iler ve haneler \u00fczerinde ger\u00e7ek bir bask\u0131 olu\u015fturacak.&#8221;<br \/>\nHerhangi bir rakam vermedi, ancak ticaret bakanl\u0131\u011f\u0131 \u015eubat ay\u0131nda ekonominin bu y\u0131l y\u00fczde 2.0-4.0 oran\u0131nda b\u00fcy\u00fcmesini bekledi\u011fini, bu oran\u0131n \u00f6nceki y\u00fczde 1.0-3.0&#8217;l\u0131k tahmininden bir art\u0131\u015f oldu\u011funu belirtmi\u015fti.<\/p>\n<p>Trump y\u00f6netimi, Nisan ba\u015f\u0131nda ba\u015flayan ate\u015fkes nedeniyle \u0130ran&#8217;daki sava\u015f\u0131n zaten sona erdi\u011fini savunuyor; bu yorum, Beyaz Saray&#8217;\u0131n kongre onay\u0131na ba\u015fvurma ihtiyac\u0131ndan ka\u00e7\u0131nmas\u0131na olanak tan\u0131yacak.<br \/>\nBu a\u00e7\u0131klama, Savunma Bakan\u0131 Pete Hegseth&#8217;in Per\u015fembe g\u00fcn\u00fc Senato&#8217;daki ifadesi s\u0131ras\u0131nda ortaya koydu\u011fu bir arg\u00fcman\u0131 destekliyor; Hegseth, ate\u015fkesin sava\u015f\u0131 etkili bir \u015fekilde durdurdu\u011funu s\u00f6ylemi\u015fti. Bu mant\u0131\u011fa g\u00f6re, y\u00f6netim, 60 g\u00fcn\u00fc a\u015fan askeri eylemler i\u00e7in Kongre&#8217;den resmi onay alma zorunlulu\u011funu getiren 1973 yasas\u0131n\u0131n gereklili\u011fini hen\u00fcz kar\u015f\u0131lamam\u0131\u015ft\u0131r.<br \/>\nY\u00f6netimin konumunu tart\u0131\u015fmak i\u00e7in isminin a\u00e7\u0131klanmamas\u0131 ko\u015fuluyla konu\u015fan \u00fcst d\u00fczey bir y\u00f6netim yetkilisi, s\u00f6z konusu yasa a\u00e7\u0131s\u0131ndan &#8220;28 \u015eubat Cumartesi g\u00fcn\u00fc ba\u015flayan d\u00fc\u015fmanl\u0131klar\u0131n sona erdi\u011fini&#8221; s\u00f6yledi.<br \/>\nYetkili, ABD ordusu ile \u0130ran&#8217;\u0131n 7 Nisan&#8217;da ba\u015flayan iki haftal\u0131k ate\u015fkesden bu yana kar\u015f\u0131l\u0131kl\u0131 ate\u015f a\u00e7mad\u0131\u011f\u0131n\u0131 belirtti.<\/p>\n<p>\u0130ran&#8217;\u0131n dini lideri Per\u015fembe g\u00fcn\u00fc meydan okurcas\u0131na, ABD Ba\u015fkan\u0131 Donald Trump&#8217;\u0131n hava sald\u0131r\u0131lar\u0131yla ve sava\u015f\u0131n sallant\u0131l\u0131 ate\u015fkesini sa\u011flamla\u015ft\u0131rmaya y\u00f6nelik daha geni\u015f bir anla\u015fman\u0131n par\u00e7as\u0131 olarak k\u0131s\u0131tlamaya \u00e7al\u0131\u015ft\u0131\u011f\u0131 \u0130slam Cumhuriyeti&#8217;nin n\u00fckleer ve f\u00fcze yeteneklerini koruyaca\u011f\u0131na yemin etti.<br \/>\nDevlet televizyonu sunucusu taraf\u0131ndan okunan bir a\u00e7\u0131klamada, Ayetullah Mojtaba Hamenei, Amerikal\u0131lar\u0131n Basra K\u00f6rfezi&#8217;nde ait oldu\u011fu tek yerin &#8220;sular\u0131n\u0131n dibi&#8221; oldu\u011funu ve b\u00f6lge tarihinde &#8220;yeni bir b\u00f6l\u00fcm\u00fcn&#8221; yaz\u0131ld\u0131\u011f\u0131n\u0131 s\u00f6yledi. Hamenei, sava\u015f\u0131n a\u00e7\u0131l\u0131\u015f hava sald\u0131r\u0131lar\u0131nda babas\u0131n\u0131n \u00f6ld\u00fcr\u00fclmesinin ard\u0131ndan dini liderli\u011fi devrald\u0131\u011f\u0131ndan beri kamuoyunda g\u00f6r\u00fclmedi.<br \/>\nBu a\u00e7\u0131klamalar, \u0130ran ekonomisinin sars\u0131ld\u0131\u011f\u0131 ve petrol end\u00fcstrisinin ABD Donanmas\u0131&#8217;n\u0131n tankerlerinin denize a\u00e7\u0131lmas\u0131n\u0131 engelleyen ablukas\u0131yla s\u0131k\u0131\u015ft\u0131\u011f\u0131 bir d\u00f6nemde geldi. \u0130ran&#8217;\u0131n, t\u00fcm ham petrol\u00fcn be\u015fte birinin ta\u015f\u0131nd\u0131\u011f\u0131 H\u00fcrm\u00fcz Bo\u011faz\u0131 \u00fczerindeki hakimiyetini s\u00fcrd\u00fcrmesiyle d\u00fcnya ekonomisi de bask\u0131 alt\u0131nda. Per\u015fembe g\u00fcn\u00fc, k\u00fcresel petrol g\u00f6stergesi Brent ham petrol\u00fc varil ba\u015f\u0131na 126 dolara kadar y\u00fckseldi.<\/p>\n<p>\u0130ran&#8217;\u0131n Tasnim ve Fars haber ajanslar\u0131n\u0131n bildirdi\u011fine g\u00f6re, Per\u015fembe gecesi \u0130ran&#8217;\u0131n ba\u015fkenti Tahran&#8217;da k\u00fc\u00e7\u00fck u\u00e7aklara ve dronlara kar\u015f\u0131 aktive edilen hava savunma sistemlerinin sesleri duyuldu.<br \/>\nBa\u015fkan Donald Trump, \u0130ran&#8217;a kar\u015f\u0131 sava\u015f i\u00e7in kongre onay\u0131 alma konusunda Per\u015fembe gece yar\u0131s\u0131 son tarihle kar\u015f\u0131 kar\u015f\u0131yayd\u0131, ancak yakla\u015fan bu son tarihin askeri planlar\u0131n\u0131 dizginlemesi beklenmiyor.<br \/>\nL\u00fcbnan sa\u011fl\u0131k bakanl\u0131\u011f\u0131 Per\u015fembe g\u00fcn\u00fc yapt\u0131\u011f\u0131 a\u00e7\u0131klamada, \u0130srail ile Hizbullah aras\u0131ndaki ate\u015fkesin ba\u015flamas\u0131ndan yakla\u015f\u0131k iki hafta sonra, \u0130srail&#8217;in g\u00fcney L\u00fcbnan&#8217;daki \u00fc\u00e7 k\u00f6ye d\u00fczenledi\u011fi sald\u0131r\u0131larda aralar\u0131nda iki \u00e7ocuk ve be\u015f kad\u0131n\u0131n da bulundu\u011fu dokuz ki\u015finin \u00f6ld\u00fc\u011f\u00fcn\u00fc bildirdi.<br \/>\nBirle\u015fik Arap Emirlikleri D\u0131\u015fi\u015fleri Bakanl\u0131\u011f\u0131&#8217;na g\u00f6re, vatanda\u015flar\u0131n\u0131n \u0130ran, L\u00fcbnan ve Irak&#8217;a seyahat etmesini yasaklad\u0131.<br \/>\n(FRANCE 24, AFP, AP ve Reuters ile)<\/p>\n<p>#Ortado\u011fuSava\u015f\u0131 #\u0130ranHavaSavunmas\u0131 #GazzeYard\u0131mFilosu #H\u00fcrm\u00fczBo\u011faz\u0131 #ABD\u0130srail\u0130ran #Ate\u015fkes #Uluslararas\u0131Hukuk #PetrolFiyatlar\u0131 #K\u00fcreselEkonomi #Diplomasi<\/p>\n","protected":false},"excerpt":{"rendered":"<p>Canl\u0131 Tasnim ve Fars haber ajanslar\u0131n\u0131n bildirdi\u011fine g\u00f6re, Per\u015fembe gecesi Tahran&#8217;\u0131n hava savunma sistemleri yakla\u015f\u0131k 20 dakika boyunca &#8220;k\u00fc\u00e7\u00fck u\u00e7aklara ve ke\u015fif dronlar\u0131na kar\u015f\u0131 koymak&#8221; amac\u0131yla aktive edildi. ABD Ba\u015fkan\u0131 Donald Trump y\u00f6netimi ise, ABD-\u0130srail&#8217;in \u0130ran&#8217;a kar\u015f\u0131 y\u00fcr\u00fctt\u00fc\u011f\u00fc sava\u015f i\u00e7in kongre onay\u0131 alma konusunda yakla\u015fan bir son tarihin kendilerini dizginlemeyece\u011fini i\u015faret etti. En son g\u00fcncellemeler [&hellip;]<\/p>\n","protected":false},"author":2,"featured_media":14453,"comment_status":"open","ping_status":"open","sticky":false,"template":"","format":"standard","meta":{"footnotes":""},"categories":[37],"tags":[],"class_list":["post-14452","post","type-post","status-publish","format-standard","has-post-thumbnail","hentry","category-orta-dogu-haberleri"],"_links":{"self":[{"href":"https:\/\/fajr.news\/index.php?rest_route=\/wp\/v2\/posts\/14452","targetHints":{"allow":["GET"]}}],"collection":[{"href":"https:\/\/fajr.news\/index.php?rest_route=\/wp\/v2\/posts"}],"about":[{"href":"https:\/\/fajr.news\/index.php?rest_route=\/wp\/v2\/types\/post"}],"author":[{"embeddable":true,"href":"https:\/\/fajr.news\/index.php?rest_route=\/wp\/v2\/users\/2"}],"replies":[{"embeddable":true,"href":"https:\/\/fajr.news\/index.php?rest_route=%2Fwp%2Fv2%2Fcomments&post=14452"}],"version-history":[{"count":0,"href":"https:\/\/fajr.news\/index.php?rest_route=\/wp\/v2\/posts\/14452\/revisions"}],"wp:featuredmedia":[{"embeddable":true,"href":"https:\/\/fajr.news\/index.php?rest_route=\/wp\/v2\/media\/14453"}],"wp:attachment":[{"href":"https:\/\/fajr.news\/index.php?rest_route=%2Fwp%2Fv2%2Fmedia&parent=14452"}],"wp:term":[{"taxonomy":"category","embeddable":true,"href":"https:\/\/fajr.news\/index.php?rest_route=%2Fwp%2Fv2%2Fcategories&post=14452"},{"taxonomy":"post_tag","embeddable":true,"href":"https:\/\/fajr.news\/index.php?rest_route=%2Fwp%2Fv2%2Ftags&post=14452"}],"curies":[{"name":"wp","href":"https:\/\/api.w.org\/{rel}","templated":true}]}}