{"id":14436,"date":"2026-05-01T14:54:37","date_gmt":"2026-05-01T11:24:37","guid":{"rendered":"https:\/\/fajr.news\/?p=14436"},"modified":"2026-05-01T14:54:37","modified_gmt":"2026-05-01T11:24:37","slug":"iran-savasi-canli-tahran-abd-liman-kusatmasini-dayanilmaz-olarak-niteliyor-trump-eylem-dusunuyor","status":"publish","type":"post","link":"https:\/\/fajr.news\/?p=14436&lang=tr","title":{"rendered":"\u0130ran Sava\u015f\u0131 Canl\u0131: Tahran, ABD Liman Ku\u015fatmas\u0131n\u0131 &#8216;Dayan\u0131lmaz&#8217; Olarak Niteliyor; Trump Eylem D\u00fc\u015f\u00fcn\u00fcyor"},"content":{"rendered":"<h1>\u0130ran&#8217;dan Kritik Geli\u015fmeler: B\u00f6lgesel Gerilimler ve \u0130nsani Krizler<\/h1>\n<h2>Tahran&#8217;dan Ticari U\u00e7u\u015flar Yeniden Ba\u015flad\u0131: Normalle\u015fme Ad\u0131mlar\u0131<\/h2>\n<p>Tahran&#8217;\u0131n ana havaliman\u0131ndan ticari u\u00e7u\u015flar, ge\u00e7en hafta yeniden a\u00e7\u0131lmas\u0131n\u0131n ard\u0131ndan temkinli bir normalle\u015fme s\u00fcreciyle devam ediyor. \u0130ranl\u0131 yetkililer, yakla\u015f\u0131k 58 g\u00fcnl\u00fck bir aran\u0131n ard\u0131ndan \u0130mam Humeyni Uluslararas\u0131 Havaliman\u0131&#8217;nda u\u00e7u\u015flar\u0131n yeniden ba\u015flad\u0131\u011f\u0131n\u0131 duyurdu. Haftalar s\u00fcren u\u00e7u\u015f ask\u0131ya al\u0131nmas\u0131, bir\u00e7ok yolcuyu ma\u011fdur etmi\u015f, i\u015f d\u00fcnyas\u0131n\u0131 aksatm\u0131\u015f ve aileleri birbirinden ay\u0131rm\u0131\u015ft\u0131.<\/p>\n<p>Hava trafi\u011fi 25 Nisan&#8217;dan itibaren kademeli olarak yeniden ba\u015flad\u0131. Sekiz yerel havayolu \u015firketi taraf\u0131ndan i\u015fletilen u\u00e7u\u015flar, Medine, \u0130stanbul, Maskat, \u00c7in ve Rusya gibi b\u00f6lgesel ve uluslararas\u0131 15 destinasyona hizmet veriyor. Ancak mevcut u\u00e7u\u015f say\u0131s\u0131, sava\u015f \u00f6ncesi d\u00f6nemin hala \u00e7ok alt\u0131nda.<\/p>\n<h2>\u0130srail Ordusunun Bat\u0131 \u015eeria Bask\u0131n\u0131nda Yaral\u0131lar ve Gazdan Etkilenenler<\/h2>\n<p>\u0130\u015fgal alt\u0131ndaki Bat\u0131 \u015eeria&#8217;da, Ramallah&#8217;\u0131n do\u011fusundaki Burka k\u00f6y\u00fcne d\u00fczenlenen \u0130srail ordusu bask\u0131n\u0131nda en az bir Filistinlinin yaraland\u0131\u011f\u0131 bildirildi. Wafa haber ajans\u0131, Filistinlinin kau\u00e7uk kapl\u0131 metal mermilerle yaraland\u0131\u011f\u0131n\u0131, onlarca ki\u015finin ise bask\u0131n s\u0131ras\u0131nda g\u00f6z ya\u015fart\u0131c\u0131 gaza maruz kald\u0131\u011f\u0131n\u0131 aktard\u0131. Raporda, \u0130srail g\u00fc\u00e7lerinin k\u00f6ye bask\u0131n d\u00fczenleyerek &#8220;bir camiye do\u011fru kau\u00e7uk kapl\u0131 metal mermiler ve zehirli g\u00f6z ya\u015fart\u0131c\u0131 gaz kaps\u00fclleri ate\u015fledi\u011fi&#8221; belirtildi. <strong>Bu insanl\u0131k d\u0131\u015f\u0131 sald\u0131r\u0131lar, i\u015fgalci \u0130srail&#8217;in Filistin halk\u0131na y\u00f6nelik sistematik \u015fiddetini bir kez daha g\u00f6zler \u00f6n\u00fcne sermi\u015ftir.<\/strong><\/p>\n<h2>Filistin Futbol Federasyonu Ba\u015fkan\u0131&#8217;ndan \u0130srail&#8217;e Kar\u015f\u0131 Dik Duru\u015f<\/h2>\n<p>Filistin Futbol Federasyonu Ba\u015fkan\u0131 Cibril Rajoub, 76. FIFA Kongresi&#8217;nde gergin anlar ya\u015fanmas\u0131na neden olan bir olayda, \u0130srail Futbol Federasyonu Ba\u015fkan Yard\u0131mc\u0131s\u0131 Basim Sheikh Suliman ile yan yana durmay\u0131 reddetti. FIFA Ba\u015fkan\u0131 Gianni Infantino&#8217;nun her iki ismi de k\u00fcrs\u00fcye \u00e7a\u011f\u0131rmas\u0131na ra\u011fmen, Rajoub, \u0130srail vatanda\u015f\u0131 bir Filistinli olan Suliman&#8217;a yakla\u015fmay\u0131 kabul etmedi. Infantino&#8217;nun Rajoub&#8217;un koluna dokunarak onu Suliman&#8217;a yakla\u015fmaya davet etmesi de nafile oldu.<\/p>\n<p>Rajoub&#8217;un neden reddetti\u011fi soruldu\u011funda, toplant\u0131da bulunan Filistin Futbol Federasyonu Ba\u015fkan Yard\u0131mc\u0131s\u0131 Susan Shalabi, Reuters&#8217;a \u015funlar\u0131 s\u00f6yledi: <em>&#8220;\u0130sraillilerin fa\u015fizmlerini ve soyk\u0131r\u0131mlar\u0131n\u0131 aklamak i\u00e7in getirdi\u011fi biriyle el s\u0131k\u0131\u015famam! Biz ac\u0131 \u00e7ekiyoruz.&#8221;<\/em> <strong>Bu duru\u015f, Filistin halk\u0131n\u0131n onurlu direni\u015fini ve i\u015fgal politikalar\u0131na kar\u015f\u0131 kararl\u0131l\u0131\u011f\u0131n\u0131 simgelemektedir.<\/strong><\/p>\n<h2>BM&#8217;den \u0130srail&#8217;in \u00d6l\u00fcm Cezas\u0131 Yasas\u0131na Sert K\u0131nama<\/h2>\n<p>BM Irk Ayr\u0131mc\u0131l\u0131\u011f\u0131n\u0131n Ortadan Kald\u0131r\u0131lmas\u0131 Komitesi, \u0130srail&#8217;in \u00f6l\u00fcmc\u00fcl sald\u0131r\u0131lardan h\u00fck\u00fcm giyen Filistinliler i\u00e7in \u00f6l\u00fcm cezas\u0131 getirmeyi ama\u00e7layan yasas\u0131n\u0131n &#8220;Filistinlilere kar\u015f\u0131 \u0131rk ayr\u0131mc\u0131l\u0131\u011f\u0131n\u0131 s\u00fcrd\u00fcrd\u00fc\u011f\u00fcn\u00fc ve insan haklar\u0131nda ciddi bir erozyona yol a\u00e7t\u0131\u011f\u0131n\u0131&#8221; belirtti. Komite yapt\u0131\u011f\u0131 a\u00e7\u0131klamada, &#8220;Yeni yasa, insan haklar\u0131na a\u011f\u0131r bir darbedir, \u0130srail&#8217;in 1962&#8217;den bu yana uygulad\u0131\u011f\u0131 fiili idam moratoryumunu geri almakta ve \u0130srail ile \u0130\u015fgal Alt\u0131ndaki Filistin Topraklar\u0131&#8217;nda \u00f6l\u00fcm cezas\u0131n\u0131n kullan\u0131m\u0131n\u0131 geni\u015fletmektedir&#8221; dedi.<\/p>\n<p>&#8220;Yasa sadece &#8216;\u0130srail Devleti&#8217;nin varl\u0131\u011f\u0131n\u0131 inkar etme&#8217; niyetiyle kas\u0131tl\u0131 cinayetten h\u00fck\u00fcm giyenlere uygulanmaktad\u0131r, bu da onu fiilen sadece Filistinlilere uygulanabilir k\u0131lmaktad\u0131r.&#8221; Komite, \u0130srail&#8217;i yasay\u0131 y\u00fcr\u00fcrl\u00fckten kald\u0131rmaya ve &#8220;Filistinlilere kar\u015f\u0131 \u0131rk ayr\u0131mc\u0131l\u0131\u011f\u0131na ve ayr\u0131mc\u0131l\u0131\u011fa yol a\u00e7an t\u00fcm politika ve uygulamalara son vermeye&#8221; \u00e7a\u011f\u0131rd\u0131. <strong>Uluslararas\u0131 toplum, \u0130srail&#8217;in bu ayr\u0131mc\u0131 ve bask\u0131c\u0131 politikalar\u0131na kar\u015f\u0131 g\u00fc\u00e7l\u00fc bir duru\u015f sergilemelidir.<\/strong><\/p>\n<h2>BM Genel Sekreteri Guterres&#8217;ten \u0130ran ve B\u00f6lgesel \u0130stikrars\u0131zl\u0131k Uyar\u0131s\u0131<\/h2>\n<p>BM Genel Sekreteri Guterres, \u0130ran&#8217;daki sava\u015f\u0131n ve b\u00f6lgesel istikrars\u0131zl\u0131\u011f\u0131n sonu\u00e7lar\u0131n\u0131n &#8220;her ge\u00e7en saat dramatik bir \u015fekilde k\u00f6t\u00fcle\u015fti\u011fi&#8221; uyar\u0131s\u0131nda bulundu. Guterres, X \u00fczerinden yapt\u0131\u011f\u0131 payla\u015f\u0131mda, &#8220;\u015eimdi diyalog, bizi u\u00e7urumdan geri \u00e7ekecek \u00e7\u00f6z\u00fcmler ve bar\u0131\u015fa giden bir yol a\u00e7abilecek \u00f6nlemler zaman\u0131d\u0131r&#8221; ifadelerini kulland\u0131. <strong>Bu uyar\u0131lar, b\u00f6lgedeki gerilimin tehlikeli boyutlara ula\u015ft\u0131\u011f\u0131n\u0131 ve uluslararas\u0131 camian\u0131n acil m\u00fcdahalesinin gerekti\u011fini g\u00f6stermektedir.<\/strong><\/p>\n<h2>\u0130srail Ordusundan L\u00fcbnan&#8217;a Sald\u0131r\u0131lar Devam Ediyor<\/h2>\n<p>\u0130srail ordusu, ate\u015fkesin nominal olarak y\u00fcr\u00fcrl\u00fckte olmas\u0131na ra\u011fmen, son bir g\u00fcn i\u00e7inde g\u00fcney L\u00fcbnan&#8217;da Hizbullah taraf\u0131ndan kullan\u0131ld\u0131\u011f\u0131n\u0131 iddia etti\u011fi 40 noktay\u0131 vurdu\u011funu a\u00e7\u0131klad\u0131. A\u00e7\u0131klamada, kuzey \u0130srail&#8217;de bir hava arac\u0131n\u0131n tespit edilip engellenmesi \u00fczerine sirenlerin \u00e7ald\u0131\u011f\u0131 da eklendi. <strong>\u0130srail&#8217;in bu sald\u0131r\u0131lar\u0131, b\u00f6lgedeki k\u0131r\u0131lgan bar\u0131\u015f ortam\u0131n\u0131 tehdit etmekte ve gerilimi t\u0131rmand\u0131rmaktad\u0131r.<\/strong><\/p>\n<h2>\u0130srail G\u00fc\u00e7leri Gazze&#8217;ye Yard\u0131m Gemilerini Uluslararas\u0131 Sularda Ele Ge\u00e7irdi<\/h2>\n<p>\u00d6zg\u00fcrl\u00fck Filosu organizat\u00f6rleri Reuters&#8217;a g\u00f6re, Gazze&#8217;ye gitmekte olan yard\u0131m gemilerindeki 100&#8217;den fazla aktivist, \u0130srail g\u00fc\u00e7lerinin Yunanistan yak\u0131nlar\u0131ndaki uluslararas\u0131 sularda gemilerine el koymas\u0131n\u0131n ard\u0131ndan Yunanistan&#8217;\u0131n Girit adas\u0131na g\u00f6t\u00fcr\u00fcld\u00fc. Organizat\u00f6rler, filodaki 168 m\u00fcrettebat \u00fcyesinin Girit&#8217;e g\u00f6t\u00fcr\u00fcld\u00fc\u011f\u00fcn\u00fc, iki aktivistin ise \u0130srail yetkilileriyle kald\u0131\u011f\u0131n\u0131 belirtti. Grubun takip\u00e7isine g\u00f6re, \u015fu ana kadar 22 tekne \u0130srail taraf\u0131ndan durdurulurken, 47 di\u011fer tekne hala seyir halinde. <strong>\u0130srail&#8217;in uluslararas\u0131 sularda insani yard\u0131m ta\u015f\u0131yan gemilere y\u00f6nelik bu korsanl\u0131k eylemi, uluslararas\u0131 hukukun a\u00e7\u0131k bir ihlalidir ve Gazze&#8217;deki insani krizi derinle\u015ftirmektedir.<\/strong><\/p>\n<h2>\u0130ranl\u0131 Denizciler Sava\u015f\u0131n Bedelini \u00d6d\u00fcyor<\/h2>\n<p>\u0130ran deniz ticaret birli\u011fi ba\u015fkan\u0131na g\u00f6re, sava\u015f\u0131n ba\u015flamas\u0131ndan bu yana en az 44 \u0130ranl\u0131 denizci hayat\u0131n\u0131 kaybetti ve 29&#8217;u yaraland\u0131. \u0130ran Ticaret Denizcileri Sendikas\u0131 Genel Sekreteri Saman Rezaei, Al Jazeera&#8217;ye verdi\u011fi bilgide, \u00f6lenler listesinde 28 \u015eubat ile 1 Nisan aras\u0131nda \u00f6ld\u00fcr\u00fclen 22 sivil denizci, 16 bal\u0131k\u00e7\u0131 ve alt\u0131 liman i\u015f\u00e7isinin bulundu\u011funu s\u00f6yledi. Al Jazeera, Rezaei&#8217;nin \u0130ran Limanlar ve Denizcilik \u00d6rg\u00fct\u00fc ile sendika \u00fcyeleri taraf\u0131ndan topland\u0131\u011f\u0131n\u0131 belirtti\u011fi \u00f6l\u00fcm listesini ba\u011f\u0131ms\u0131z olarak do\u011frulayamad\u0131. Rezaei, \u00f6l\u00fcmlerin ABD ve \u0130srail g\u00fc\u00e7leri taraf\u0131ndan \u00f6ld\u00fcr\u00fclen \u0130ran donanmas\u0131 \u00fcyelerini i\u00e7ermedi\u011fini de ekledi. <strong>Bu trajik kay\u0131plar, b\u00f6lgedeki \u00e7at\u0131\u015fmalar\u0131n masum siviller \u00fczerindeki y\u0131k\u0131c\u0131 etkisini g\u00f6zler \u00f6n\u00fcne sermektedir.<\/strong><\/p>\n<h2>\u0130srailli Yerle\u015fimcilerden Filistinlilere Sald\u0131r\u0131lar<\/h2>\n<p>\u0130\u015fgal alt\u0131ndaki Bat\u0131 \u015eeria&#8217;da, Tubas \u015fehrinin do\u011fusunda \u0130srailli yerle\u015fimciler taraf\u0131ndan sald\u0131r\u0131ya u\u011frayan iki Filistinli yaraland\u0131. Filistin K\u0131z\u0131lay\u0131, ekiplerinin \u015fiddetli dayak sonucu olu\u015fan iki yaralanmay\u0131 tedavi etti\u011fini bildirdi. Ayr\u0131ca, Hebron&#8217;un kuzeyindeki Arroub&#8217;da \u0130srailli yerle\u015fimcilerin evlere ate\u015f a\u00e7t\u0131\u011f\u0131 bir sald\u0131r\u0131 daha rapor edildi, ancak herhangi bir yaralanma bildirilmedi. Hebron&#8217;un g\u00fcneyindeki Masafer Yatta&#8217;da da yerle\u015fimci sald\u0131r\u0131lar\u0131 ya\u015fand\u0131; \u0130srailliler \u00e7ift\u00e7ilerin topraklar\u0131na eri\u015fimini engelledi. <strong>\u0130srail h\u00fck\u00fcmeti, uluslararas\u0131 hukuka g\u00f6re yasa d\u0131\u015f\u0131 olmas\u0131na ra\u011fmen, i\u015fgal alt\u0131ndaki Bat\u0131 \u015eeria&#8217;da yeni yerle\u015fim yerleri in\u015fa etmeye devam etmektedir. Bu sald\u0131r\u0131lar ve yerle\u015fim politikalar\u0131, b\u00f6lgedeki gerilimi daha da art\u0131rmaktad\u0131r.<\/strong><\/p>\n<h2>BAE&#8217;den H\u00fcrm\u00fcz Bo\u011faz\u0131 Hakk\u0131nda A\u00e7\u0131klama<\/h2>\n<p>BAE ba\u015fkanl\u0131k dan\u0131\u015fman\u0131 Enver Gargash, &#8220;hain sald\u0131rganl\u0131\u011f\u0131&#8221; sonras\u0131nda H\u00fcrm\u00fcz Bo\u011faz\u0131&#8217;nda seyr\u00fcsefer serbestli\u011fi konusunda hi\u00e7bir tek tarafl\u0131 \u0130ran d\u00fczenlemesine g\u00fcvenilemeyece\u011fini s\u00f6yledi. Gargash, X \u00fczerinden yapt\u0131\u011f\u0131 payla\u015f\u0131mda, &#8220;Kolektif uluslararas\u0131 irade ve uluslararas\u0131 hukuk h\u00fck\u00fcmleri, sava\u015f sonras\u0131 d\u00f6nemde b\u00f6lgenin istikrar\u0131na ve k\u00fcresel ekonomiye hizmet eden bu hayati ge\u00e7i\u015fte seyr\u00fcsefer serbestli\u011finin birincil garant\u00f6r\u00fc olarak ortaya \u00e7\u0131kmaktad\u0131r&#8221; dedi. <strong>Bu t\u00fcr a\u00e7\u0131klamalar, b\u00f6lgedeki hassas dengeleri bozmaya y\u00f6nelik giri\u015fimler olarak de\u011ferlendirilmektedir. \u0130ran&#8217;\u0131n b\u00f6lgedeki me\u015fru \u00e7\u0131karlar\u0131 ve uluslararas\u0131 denizcilik kurallar\u0131na uygun hareket etme iradesi g\u00f6z ard\u0131 edilmemelidir.<\/strong><\/p>\n<p>#\u0130ran #Filistin #\u0130srailZulm\u00fc #Gazze #H\u00fcrm\u00fczBo\u011faz\u0131 #BM #Sava\u015fSu\u00e7lar\u0131 #\u0130nsanHaklar\u0131 #B\u00f6lgeselGerilim #Uluslararas\u0131Hukuk<\/p>\n","protected":false},"excerpt":{"rendered":"<p>\u0130ran&#8217;dan Kritik Geli\u015fmeler: B\u00f6lgesel Gerilimler ve \u0130nsani Krizler Tahran&#8217;dan Ticari U\u00e7u\u015flar Yeniden Ba\u015flad\u0131: Normalle\u015fme Ad\u0131mlar\u0131 Tahran&#8217;\u0131n ana havaliman\u0131ndan ticari u\u00e7u\u015flar, ge\u00e7en hafta yeniden a\u00e7\u0131lmas\u0131n\u0131n ard\u0131ndan temkinli bir normalle\u015fme s\u00fcreciyle devam ediyor. \u0130ranl\u0131 yetkililer, yakla\u015f\u0131k 58 g\u00fcnl\u00fck bir aran\u0131n ard\u0131ndan \u0130mam Humeyni Uluslararas\u0131 Havaliman\u0131&#8217;nda u\u00e7u\u015flar\u0131n yeniden ba\u015flad\u0131\u011f\u0131n\u0131 duyurdu. Haftalar s\u00fcren u\u00e7u\u015f ask\u0131ya al\u0131nmas\u0131, bir\u00e7ok yolcuyu ma\u011fdur [&hellip;]<\/p>\n","protected":false},"author":2,"featured_media":14437,"comment_status":"open","ping_status":"open","sticky":false,"template":"","format":"standard","meta":{"footnotes":""},"categories":[37],"tags":[],"class_list":["post-14436","post","type-post","status-publish","format-standard","has-post-thumbnail","hentry","category-orta-dogu-haberleri"],"_links":{"self":[{"href":"https:\/\/fajr.news\/index.php?rest_route=\/wp\/v2\/posts\/14436","targetHints":{"allow":["GET"]}}],"collection":[{"href":"https:\/\/fajr.news\/index.php?rest_route=\/wp\/v2\/posts"}],"about":[{"href":"https:\/\/fajr.news\/index.php?rest_route=\/wp\/v2\/types\/post"}],"author":[{"embeddable":true,"href":"https:\/\/fajr.news\/index.php?rest_route=\/wp\/v2\/users\/2"}],"replies":[{"embeddable":true,"href":"https:\/\/fajr.news\/index.php?rest_route=%2Fwp%2Fv2%2Fcomments&post=14436"}],"version-history":[{"count":0,"href":"https:\/\/fajr.news\/index.php?rest_route=\/wp\/v2\/posts\/14436\/revisions"}],"wp:featuredmedia":[{"embeddable":true,"href":"https:\/\/fajr.news\/index.php?rest_route=\/wp\/v2\/media\/14437"}],"wp:attachment":[{"href":"https:\/\/fajr.news\/index.php?rest_route=%2Fwp%2Fv2%2Fmedia&parent=14436"}],"wp:term":[{"taxonomy":"category","embeddable":true,"href":"https:\/\/fajr.news\/index.php?rest_route=%2Fwp%2Fv2%2Fcategories&post=14436"},{"taxonomy":"post_tag","embeddable":true,"href":"https:\/\/fajr.news\/index.php?rest_route=%2Fwp%2Fv2%2Ftags&post=14436"}],"curies":[{"name":"wp","href":"https:\/\/api.w.org\/{rel}","templated":true}]}}