{"id":14428,"date":"2026-05-01T14:38:46","date_gmt":"2026-05-01T11:08:46","guid":{"rendered":"https:\/\/fajr.news\/?p=14428"},"modified":"2026-05-01T14:38:46","modified_gmt":"2026-05-01T11:08:46","slug":"cnn-arastirmasi-ortaya-cikardi-iran-orta-dogudaki-abd-askeri-tesislerinin-coguna-zarar-verdi","status":"publish","type":"post","link":"https:\/\/fajr.news\/?p=14428&lang=tr","title":{"rendered":"CNN Ara\u015ft\u0131rmas\u0131 Ortaya \u00c7\u0131kard\u0131: \u0130ran, Orta Do\u011fu&#8217;daki ABD Askeri Tesislerinin \u00c7o\u011funa Zarar Verdi"},"content":{"rendered":"<p>Yeni bir CNN ara\u015ft\u0131rmas\u0131, \u0130ran sald\u0131r\u0131lar\u0131nda en az 16 Amerikan askeri tesisinin hasar g\u00f6rd\u00fc\u011f\u00fcn\u00fc ve bunun Orta Do\u011fu&#8217;daki ABD mevzilerinin \u00e7o\u011funlu\u011funu olu\u015fturdu\u011funu ortaya koyuyor. Hasar g\u00f6renler aras\u0131nda y\u00fcksek de\u011ferli hedefler de bulunuyor, bu da Amerika&#8217;n\u0131n b\u00f6lgedeki varl\u0131\u011f\u0131 hakk\u0131nda sorular\u0131 g\u00fcndeme getiriyor. CNN muhabiri Tamara Qiblawi bildiriyor.<\/p>\n<p>#\u0130ranSald\u0131r\u0131lar\u0131 #ABDAskeriTesisleri #OrtaDo\u011fu #CNNAra\u015ft\u0131rmas\u0131 #ABD\u0130ranGerilimi #B\u00f6lgeselG\u00fcvenlik #Jeopolitik #AskeriHasar #TamaraQiblawi #StratejikHedefler<\/p>\n","protected":false},"excerpt":{"rendered":"<p>Yeni bir CNN ara\u015ft\u0131rmas\u0131, \u0130ran sald\u0131r\u0131lar\u0131nda en az 16 Amerikan askeri tesisinin hasar g\u00f6rd\u00fc\u011f\u00fcn\u00fc ve bunun Orta Do\u011fu&#8217;daki ABD mevzilerinin \u00e7o\u011funlu\u011funu olu\u015fturdu\u011funu ortaya koyuyor. Hasar g\u00f6renler aras\u0131nda y\u00fcksek de\u011ferli hedefler de bulunuyor, bu da Amerika&#8217;n\u0131n b\u00f6lgedeki varl\u0131\u011f\u0131 hakk\u0131nda sorular\u0131 g\u00fcndeme getiriyor. CNN muhabiri Tamara Qiblawi bildiriyor. #\u0130ranSald\u0131r\u0131lar\u0131 #ABDAskeriTesisleri #OrtaDo\u011fu #CNNAra\u015ft\u0131rmas\u0131 #ABD\u0130ranGerilimi #B\u00f6lgeselG\u00fcvenlik #Jeopolitik #AskeriHasar #TamaraQiblawi [&hellip;]<\/p>\n","protected":false},"author":2,"featured_media":14429,"comment_status":"open","ping_status":"open","sticky":false,"template":"","format":"standard","meta":{"footnotes":""},"categories":[37],"tags":[],"class_list":["post-14428","post","type-post","status-publish","format-standard","has-post-thumbnail","hentry","category-orta-dogu-haberleri"],"_links":{"self":[{"href":"https:\/\/fajr.news\/index.php?rest_route=\/wp\/v2\/posts\/14428","targetHints":{"allow":["GET"]}}],"collection":[{"href":"https:\/\/fajr.news\/index.php?rest_route=\/wp\/v2\/posts"}],"about":[{"href":"https:\/\/fajr.news\/index.php?rest_route=\/wp\/v2\/types\/post"}],"author":[{"embeddable":true,"href":"https:\/\/fajr.news\/index.php?rest_route=\/wp\/v2\/users\/2"}],"replies":[{"embeddable":true,"href":"https:\/\/fajr.news\/index.php?rest_route=%2Fwp%2Fv2%2Fcomments&post=14428"}],"version-history":[{"count":0,"href":"https:\/\/fajr.news\/index.php?rest_route=\/wp\/v2\/posts\/14428\/revisions"}],"wp:featuredmedia":[{"embeddable":true,"href":"https:\/\/fajr.news\/index.php?rest_route=\/wp\/v2\/media\/14429"}],"wp:attachment":[{"href":"https:\/\/fajr.news\/index.php?rest_route=%2Fwp%2Fv2%2Fmedia&parent=14428"}],"wp:term":[{"taxonomy":"category","embeddable":true,"href":"https:\/\/fajr.news\/index.php?rest_route=%2Fwp%2Fv2%2Fcategories&post=14428"},{"taxonomy":"post_tag","embeddable":true,"href":"https:\/\/fajr.news\/index.php?rest_route=%2Fwp%2Fv2%2Ftags&post=14428"}],"curies":[{"name":"wp","href":"https:\/\/api.w.org\/{rel}","templated":true}]}}