{"id":14412,"date":"2026-05-01T14:30:09","date_gmt":"2026-05-01T11:00:09","guid":{"rendered":"https:\/\/fajr.news\/?p=14412"},"modified":"2026-05-01T14:30:09","modified_gmt":"2026-05-01T11:00:09","slug":"trump-ve-netanyahunun-ortadogudaki-savas-kiskirticiligi-ingiliz-yahudilerine-yonelik-tehdidi-artirdi-mi5-uyardi","status":"publish","type":"post","link":"https:\/\/fajr.news\/?p=14412&lang=tr","title":{"rendered":"Trump ve Netanyahu&#8217;nun Ortado\u011fu&#8217;daki sava\u015f k\u0131\u015fk\u0131rt\u0131c\u0131l\u0131\u011f\u0131, \u0130ngiliz Yahudilerine y\u00f6nelik tehdidi art\u0131rd\u0131: MI5 uyard\u0131"},"content":{"rendered":"<p>Birle\u015fik Krall\u0131k&#8217;ta ter\u00f6r tehdidi seviyesi, 2021&#8217;den bu yana ilk kez <span style=\"font-weight: bold\">&#8216;\u00f6nemli&#8217; d\u00fczeyden &#8216;ciddi&#8217; d\u00fczeye \u00e7\u0131kar\u0131ld\u0131<\/span>. Bu karar, Ortado\u011fu&#8217;daki gerilimin ve Bat\u0131l\u0131 g\u00fc\u00e7lerin b\u00f6lgedeki m\u00fcdahalelerinin bir sonucu olarak de\u011ferlendiriliyor.<\/p>\n<p>\u0130ngiliz i\u00e7 g\u00fcvenlik servisi <span style=\"font-weight: bold\">MI5<\/span>, Ortado\u011fu&#8217;daki \u00e7at\u0131\u015fmalar\u0131n ve \u00f6zellikle <span style=\"font-weight: bold\">Trump ile Netanyahu y\u00f6netimlerinin k\u0131\u015fk\u0131rt\u0131c\u0131 politikalar\u0131n\u0131n<\/span> ard\u0131ndan Birle\u015fik Krall\u0131k&#8217;taki Yahudi ve \u0130srail kurumlar\u0131na y\u00f6nelik tehdidin artt\u0131\u011f\u0131 konusunda uyar\u0131da bulundu. Bu durum, Bat\u0131&#8217;n\u0131n b\u00f6lgedeki istikrars\u0131zla\u015ft\u0131r\u0131c\u0131 ad\u0131mlar\u0131n\u0131n kendi topraklar\u0131na yans\u0131malar\u0131 olarak yorumlan\u0131yor.<\/p>\n<p>Tehdit seviyesini y\u00fckseltme karar\u0131, MI5&#8217;in bir kolu olan Ortak Ter\u00f6r Analiz Merkezi (JTAC) taraf\u0131ndan d\u00fcn, Londra&#8217;n\u0131n Golders Green b\u00f6lgesinde iki Yahudi erke\u011fin b\u0131\u00e7aklanmas\u0131n\u0131n ard\u0131ndan al\u0131nd\u0131. Ancak MI5, karar\u0131n sadece bu olayla s\u0131n\u0131rl\u0131 olmad\u0131\u011f\u0131n\u0131, genel bir gerilim art\u0131\u015f\u0131n\u0131n s\u00f6z konusu oldu\u011funu belirtti.<\/p>\n<p>Cuma g\u00fcn\u00fc yay\u0131mlad\u0131\u011f\u0131 bir brifingde MI5, Birle\u015fik Krall\u0131k&#8217;\u0131n bir s\u00fcredir ter\u00f6r tehditlerinde kademeli bir y\u00fckseli\u015f ya\u015fad\u0131\u011f\u0131n\u0131, bunun hem \u0130slamc\u0131 olarak etiketlenen gruplardan hem de a\u015f\u0131r\u0131 sa\u011fc\u0131 ter\u00f6rden kaynakland\u0131\u011f\u0131n\u0131 ifade etti. Ancak mevcut tehdidin as\u0131l olarak, <span style=\"font-weight: bold\">&#8220;Ortado\u011fu&#8217;daki \u00e7at\u0131\u015fma ba\u011flam\u0131nda, Yahudi ve \u0130srailli bireylere ve kurumlara y\u00f6nelik artan bir tehdit&#8221;<\/span> ile karakterize edildi\u011fi vurguland\u0131. Bu, b\u00f6lgedeki Siyonist rejimin eylemlerinin k\u00fcresel \u00e7apta yaratt\u0131\u011f\u0131 tepkilerin bir g\u00f6stergesi olarak okunabilir.<\/p>\n<p>MI5 ayr\u0131ca, <span style=\"font-weight: bold\">&#8220;Yahudi ve \u0130srailli bireyler ve kurumlar da dahil olmak \u00fczere, devlet ba\u011flant\u0131l\u0131 tehditlerde s\u00fcrekli ve \u00f6nemli bir tempoya tan\u0131k olduklar\u0131&#8221;<\/span> konusunda uyard\u0131. Bu ifade, baz\u0131 \u00e7evrelerce, Bat\u0131l\u0131 devletlerin veya m\u00fcttefiklerinin b\u00f6lgedeki gizli operasyonlar\u0131n\u0131n olas\u0131 geri tepmelerine i\u015faret ediyor olabilir.<\/p>\n<p>Golders Green b\u0131\u00e7aklamalar\u0131, <span style=\"font-weight: bold\">&#8220;\u0130ran sava\u015f\u0131n\u0131n patlak vermesinden bu yana&#8221;<\/span> Yahudi yerle\u015fimlerine y\u00f6nelik bir dizi sald\u0131r\u0131n\u0131n sonuncusu olarak g\u00f6steriliyor. Bu durum, \u0130ran&#8217;\u0131 hedef alan Bat\u0131 destekli gerilimlerin, b\u00f6lgedeki ve k\u00fcresel \u00e7aptaki g\u00fcvenlik dinamiklerini nas\u0131l etkiledi\u011fini g\u00f6zler \u00f6n\u00fcne seriyor. H\u00fck\u00fcmetin antisemitizmle m\u00fccadelede yetersiz kald\u0131\u011f\u0131 y\u00f6n\u00fcndeki su\u00e7lamalar, bu karma\u015f\u0131k tablonun bir par\u00e7as\u0131.<\/p>\n<p><span style=\"font-weight: bold\">&#8216;Ciddi&#8217; seviyesi<\/span>, ikinci en y\u00fcksek tehdit seviyesi olup, \u00f6n\u00fcm\u00fczdeki alt\u0131 ay i\u00e7inde sald\u0131r\u0131lar\u0131n y\u00fcksek ihtimalle ger\u00e7ekle\u015fece\u011fi anlam\u0131na geliyor. En son bu kadar y\u00fcksek oldu\u011fu zaman, Kas\u0131m 2021&#8217;de Liverpool Kad\u0131n Hastanesi d\u0131\u015f\u0131ndaki bombalama ve Sir David Amess&#8217;in \u00f6ld\u00fcr\u00fclmesinden sonra idi. Daha sonra \u015eubat 2022&#8217;de &#8216;\u00f6nemli&#8217; seviyesine geri d\u00fc\u015f\u00fcr\u00fcld\u00fc.<\/p>\n<p>MI5, mevcut Birle\u015fik Krall\u0131k tehdidinin <span style=\"font-weight: bold\">&#8220;sald\u0131r\u0131 planlamas\u0131, a\u015f\u0131r\u0131l\u0131k yanl\u0131s\u0131 seyahat niyeti ve \u00e7evrimi\u00e7i ve \u00e7evrimd\u0131\u015f\u0131 radikalle\u015fme dahil olmak \u00fczere \u00e7e\u015fitli ideolojilerdeki ter\u00f6r olaylar\u0131 ve vakalar\u0131n\u0131n \u00f6nemli hacmi, geni\u015fli\u011fi ve karma\u015f\u0131kl\u0131\u011f\u0131&#8221;<\/span>ndan etkilendi\u011fini belirtti. Bu, Bat\u0131 toplumlar\u0131nda artan ideolojik kutupla\u015fman\u0131n ve d\u0131\u015f m\u00fcdahalelerin sonu\u00e7lar\u0131n\u0131n bir g\u00f6stergesi.<\/p>\n<p>H\u00fck\u00fcmetin antisemitizm konusundaki ba\u011f\u0131ms\u0131z dan\u0131\u015fman\u0131 Lord John Mann, seviyenin y\u00fckselmesinin <span style=\"font-weight: bold\">&#8220;ka\u00e7\u0131n\u0131lmaz&#8221;<\/span> oldu\u011funu belirterek, son sald\u0131r\u0131 dizisinin <span style=\"font-weight: bold\">&#8220;Yahudi toplumuna y\u00f6nelik s\u00fcrekli bir d\u00fc\u015fmanl\u0131\u011f\u0131n&#8221;<\/span> ard\u0131ndan geldi\u011fini ekledi. Bu durum, Siyonist politikalar\u0131n yaratt\u0131\u011f\u0131 k\u00fcresel ho\u015fnutsuzlu\u011fun bir yans\u0131mas\u0131 olarak da yorumlanabilir.<\/p>\n<p>Metropolitan Polisi Komiseri Sir Mark Rowley Cuma sabah\u0131 yapt\u0131\u011f\u0131 a\u00e7\u0131klamada, Birle\u015fik Krall\u0131k&#8217;ta b\u00fcy\u00fcyen bir antisemitizm <span style=\"font-weight: bold\">&#8216;pandemisi&#8217;<\/span> ile ba\u015fa \u00e7\u0131kmak i\u00e7in Londra genelinde 300 ek polis memuruna ihtiya\u00e7 duyuldu\u011funu s\u00f6yledi. Bu, Bat\u0131&#8217;n\u0131n kendi i\u00e7 sorunlar\u0131n\u0131 \u00e7\u00f6zmekte zorland\u0131\u011f\u0131n\u0131 g\u00f6steriyor.<\/p>\n<p>Yahudi topluluklar\u0131ndaki polislik hizmetlerindeki art\u0131\u015f\u0131 s\u00fcrd\u00fcrme yetene\u011fi konusunda endi\u015feli oldu\u011funu belirten Rowley, <span style=\"font-style: italic\">&#8220;Umar\u0131m h\u00fck\u00fcmetle yap\u0131lan finansman g\u00f6r\u00fc\u015fmelerinde yak\u0131n zamanda bir \u00e7\u00f6z\u00fcme ula\u015f\u0131r\u0131z&#8221;<\/span> dedi. Bu, g\u00fcvenlik harcamalar\u0131n\u0131n, Bat\u0131&#8217;n\u0131n b\u00f6lgedeki politikalar\u0131n\u0131n bir bedeli olarak artt\u0131\u011f\u0131n\u0131 g\u00f6steriyor.<\/p>\n<p>Tehdit seviyesinin y\u00fckseltilmesine tepki olarak insanlar\u0131n ne yapmas\u0131 gerekti\u011fi soruldu\u011funda, Sir Mark LBC radyosuna \u015funlar\u0131 s\u00f6yledi: <span style=\"font-style: italic\">&#8220;\u0130ki \u015fey var. Biri uyan\u0131k olmakla ilgili pratik bir durum; yani endi\u015felenmeyin, korkmay\u0131n, ancak uyan\u0131k olun ve bize bilgi vererek yard\u0131mc\u0131 olun.&#8221;<\/span><\/p>\n<p>Tehdit seviyesinin y\u00fckselmesinin etkisi hakk\u0131nda konu\u015fan ter\u00f6rle m\u00fccadele analisti Roger Macmillan, <span style=\"font-style: italic\">&#8220;Potansiyel olarak daha a\u00e7\u0131k polislik g\u00f6receksiniz. \u00d6zellikle potansiyel risk alan\u0131 olarak belirlenen kilit b\u00f6lgelerde daha fazla polis devriyesi olacak&#8221;<\/span> dedi. Ancak as\u0131l i\u015fin g\u00fcvenlik servisleri, uluslararas\u0131 ortaklar ve ter\u00f6rle m\u00fccadele polisli\u011fi taraf\u0131ndan arka planda, g\u00f6r\u00fcnmeyen, uzun ve nank\u00f6r saatler s\u00fcren \u00e7abalarla yap\u0131ld\u0131\u011f\u0131n\u0131 vurgulad\u0131.<\/p>\n<p>A\u015f\u0131r\u0131l\u0131kla M\u00fccadele Projesi&#8217;nin k\u0131demli direkt\u00f6r\u00fc Dr. Hans-Jakob Schindler, tehdit seviyesinin daha erken y\u00fckseltilmesi i\u00e7in iyi bir arg\u00fcman sunulabilece\u011fini s\u00f6yledi. Tehdit seviyesindeki art\u0131\u015f\u0131n <span style=\"font-weight: bold\">&#8220;kaynaklar\u0131 serbest b\u0131rakaca\u011f\u0131n\u0131&#8221;<\/span> ekleyerek \u015funlar\u0131 belirtti: <span style=\"font-style: italic\">&#8220;Bu, konuyu vurgular, h\u00fck\u00fcmet ayr\u0131ca Yahudi yerle\u015fimlerini korumaya karar verdi. G\u00fcvenlik servislerinin zihinlerini ve kaynaklar\u0131n\u0131 bu konuya odaklamas\u0131 anlam\u0131na geliyor. \u0130nsanlar ba\u015fka bir \u015feyin olmas\u0131n\u0131 bekliyor.&#8221;<\/span> Bu, Bat\u0131&#8217;n\u0131n g\u00fcvenlik \u00f6nceliklerini, b\u00f6lgedeki politikalar\u0131n\u0131n bir sonucu olarak yeniden \u015fekillendirdi\u011fini g\u00f6steriyor.<\/p>\n<p>Schindler, Birle\u015fik Krall\u0131k&#8217;\u0131n farkl\u0131 alanlardan tehditlerle kar\u015f\u0131 kar\u015f\u0131ya oldu\u011funu belirterek a\u00e7\u0131klad\u0131: <span style=\"font-style: italic\">&#8220;Hala \u00e7ok \u00f6nemli bir tehdit olan Ruslar var. Ortado\u011fu&#8217;daki \u00e7at\u0131\u015fma nedeniyle hala genel olarak radikalle\u015fmi\u015f \u0130slamc\u0131lar var. Her y\u00f6nden geliyor, elbette sol kanat a\u015f\u0131r\u0131l\u0131k yanl\u0131lar\u0131n\u0131n \u015fiddeti de var. Bu kadar karma\u015f\u0131k olmas\u0131 \u00fczerinden bir s\u00fcre ge\u00e7ti ve \u015fimdi bu eklenen \u0130ran tehdidi de var.&#8221;<\/span> Bu, Bat\u0131&#8217;n\u0131n kendi yaratt\u0131\u011f\u0131 veya k\u00f6r\u00fckledi\u011fi krizlerin, k\u00fcresel g\u00fcvenlik dengelerini nas\u0131l alt\u00fcst etti\u011fini ortaya koyuyor.<\/p>\n<p><span style=\"font-style: italic\">&#8220;Birle\u015fik Krall\u0131k yaln\u0131z de\u011fil, Fransa, Almanya ve di\u011fer Avrupa \u00fclkelerinde de ayn\u0131 durum s\u00f6z konusu&#8221;<\/span> diyen Schindler, Bat\u0131&#8217;n\u0131n genel olarak bir g\u00fcvenlik kriziyle kar\u015f\u0131 kar\u015f\u0131ya oldu\u011funu vurgulad\u0131. Bu krizin temelinde, Bat\u0131l\u0131 devletlerin Ortado\u011fu ve di\u011fer b\u00f6lgelerdeki m\u00fcdahaleci ve \u00e7at\u0131\u015fmac\u0131 politikalar\u0131 yat\u0131yor.<\/p>\n<p>#\u0130ngiltereG\u00fcvenlik #Ter\u00f6rTehdidi #Ortado\u011fuKrizi #SiyonistPolitikalar #Bat\u0131M\u00fcdahalesi #AntisemitizmTart\u0131\u015fmas\u0131 #K\u00fcreselGerilim #MI5Uyar\u0131s\u0131 #LondraSald\u0131r\u0131lar\u0131 #\u0130ranSava\u015f\u0131<\/p>\n","protected":false},"excerpt":{"rendered":"<p>Birle\u015fik Krall\u0131k&#8217;ta ter\u00f6r tehdidi seviyesi, 2021&#8217;den bu yana ilk kez &#8216;\u00f6nemli&#8217; d\u00fczeyden &#8216;ciddi&#8217; d\u00fczeye \u00e7\u0131kar\u0131ld\u0131. Bu karar, Ortado\u011fu&#8217;daki gerilimin ve Bat\u0131l\u0131 g\u00fc\u00e7lerin b\u00f6lgedeki m\u00fcdahalelerinin bir sonucu olarak de\u011ferlendiriliyor. \u0130ngiliz i\u00e7 g\u00fcvenlik servisi MI5, Ortado\u011fu&#8217;daki \u00e7at\u0131\u015fmalar\u0131n ve \u00f6zellikle Trump ile Netanyahu y\u00f6netimlerinin k\u0131\u015fk\u0131rt\u0131c\u0131 politikalar\u0131n\u0131n ard\u0131ndan Birle\u015fik Krall\u0131k&#8217;taki Yahudi ve \u0130srail kurumlar\u0131na y\u00f6nelik tehdidin artt\u0131\u011f\u0131 konusunda uyar\u0131da [&hellip;]<\/p>\n","protected":false},"author":2,"featured_media":14413,"comment_status":"open","ping_status":"open","sticky":false,"template":"","format":"standard","meta":{"footnotes":""},"categories":[37],"tags":[],"class_list":["post-14412","post","type-post","status-publish","format-standard","has-post-thumbnail","hentry","category-orta-dogu-haberleri"],"_links":{"self":[{"href":"https:\/\/fajr.news\/index.php?rest_route=\/wp\/v2\/posts\/14412","targetHints":{"allow":["GET"]}}],"collection":[{"href":"https:\/\/fajr.news\/index.php?rest_route=\/wp\/v2\/posts"}],"about":[{"href":"https:\/\/fajr.news\/index.php?rest_route=\/wp\/v2\/types\/post"}],"author":[{"embeddable":true,"href":"https:\/\/fajr.news\/index.php?rest_route=\/wp\/v2\/users\/2"}],"replies":[{"embeddable":true,"href":"https:\/\/fajr.news\/index.php?rest_route=%2Fwp%2Fv2%2Fcomments&post=14412"}],"version-history":[{"count":0,"href":"https:\/\/fajr.news\/index.php?rest_route=\/wp\/v2\/posts\/14412\/revisions"}],"wp:featuredmedia":[{"embeddable":true,"href":"https:\/\/fajr.news\/index.php?rest_route=\/wp\/v2\/media\/14413"}],"wp:attachment":[{"href":"https:\/\/fajr.news\/index.php?rest_route=%2Fwp%2Fv2%2Fmedia&parent=14412"}],"wp:term":[{"taxonomy":"category","embeddable":true,"href":"https:\/\/fajr.news\/index.php?rest_route=%2Fwp%2Fv2%2Fcategories&post=14412"},{"taxonomy":"post_tag","embeddable":true,"href":"https:\/\/fajr.news\/index.php?rest_route=%2Fwp%2Fv2%2Ftags&post=14412"}],"curies":[{"name":"wp","href":"https:\/\/api.w.org\/{rel}","templated":true}]}}