{"id":14404,"date":"2026-05-01T13:59:59","date_gmt":"2026-05-01T10:29:59","guid":{"rendered":"https:\/\/fajr.news\/?p=14404"},"modified":"2026-05-01T13:59:59","modified_gmt":"2026-05-01T10:29:59","slug":"f1-bahreyn-grand-prixsi-orta-dogudaki-durum-izin-verirse-ekim-ayinda-yeniden-takvime-alinabilir-mi","status":"publish","type":"post","link":"https:\/\/fajr.news\/?p=14404&lang=tr","title":{"rendered":"F1 Bahreyn Grand Prix&#8217;si, Orta Do\u011fu&#8217;daki durum izin verirse Ekim ay\u0131nda yeniden takvime al\u0131nabilir mi?"},"content":{"rendered":"<p>Formula 1 i\u00e7in Bahreyn Grand Prix&#8217;sinin Ekim ay\u0131nda yeniden takvime al\u0131nmas\u0131, Orta Do\u011fu&#8217;daki durumun \u00f6n\u00fcm\u00fczdeki aylarda iyile\u015fmesi halinde hala olas\u0131 bir se\u00e7enek olarak duruyor. Ancak Crash.net&#8217;in edindi\u011fi bilgiye g\u00f6re, b\u00f6lgedeki devam eden belirsizlik nedeniyle bu fikir \u015fu anda aktif olarak takip edilmiyor.<\/p>\n<p>Sakhir ve Cidde yar\u0131\u015flar\u0131, 14 Mart&#8217;ta 2026 takviminden \u00e7\u0131kar\u0131lm\u0131\u015f ve yap\u0131lan duyuruda &#8220;Nisan ay\u0131nda yap\u0131lmayacaklar\u0131&#8221; belirtilmi\u015fti. &#8220;\u0130ptal edildi&#8221; kelimesinin kullan\u0131lmamas\u0131nda yasal ve s\u00f6zle\u015fmesel bir unsur bulunsa da, bu ifade yar\u0131\u015flar\u0131n bu sezon i\u00e7inde yeniden planlanmas\u0131na da kap\u0131 aralam\u0131\u015ft\u0131.<\/p>\n<p>Son haftalarda, Cidde etkinli\u011finin potansiyel olarak yeniden takvime al\u0131nmas\u0131 i\u00e7in yer a\u00e7mak amac\u0131yla Abu Dabi GP&#8217;sinin 6 Aral\u0131k&#8217;tan 13 Aral\u0131k&#8217;a bir hafta geri \u00e7ekilebilece\u011fi, b\u00f6ylece Las Vegas ve Katar ile d\u00f6rtl\u00fc bir yar\u0131\u015f serisi olu\u015fturulabilece\u011fi y\u00f6n\u00fcnde \u00f6neriler ortaya at\u0131ld\u0131. Ancak, sezonun daha ge\u00e7 bitirilmesi fikrine pek destek yok. Tak\u0131mlar, y\u0131l\u0131 e\u015fi benzeri g\u00f6r\u00fclmemi\u015f d\u00f6rt ard\u0131\u015f\u0131k yar\u0131\u015fla bitirme fikrine s\u0131cak bakm\u0131yor; zira bu, organizasyonel ve lojistik bir kabusa yol a\u00e7acakt\u0131r.<\/p>\n<p>Ayr\u0131ca, FIA \u00f6d\u00fcl t\u00f6reni galas\u0131, bir haftal\u0131k Genel Kurul faaliyetlerinin ard\u0131ndan 12 Aral\u0131k&#8217;ta \u015eanghay&#8217;da yap\u0131lacak. Bahsedilen daha ger\u00e7ek\u00e7i bir se\u00e7enek ise, Azerbaycan ve Singapur yar\u0131\u015flar\u0131 aras\u0131na denk gelen 3-4 Ekim&#8217;deki bo\u015f hafta sonunu de\u011ferlendirerek, Bahreyn&#8217;in potansiyel olarak ortas\u0131nda yer alaca\u011f\u0131, lojistik a\u00e7\u0131dan mant\u0131kl\u0131 bir \u00fc\u00e7l\u00fc yar\u0131\u015f serisi olu\u015fturmak.<\/p>\n<p>Haas patronu Ayao Komatsu Per\u015fembe g\u00fcn\u00fc Miami&#8217;de bu fikrin g\u00fcndeme geldi\u011fini do\u011frulad\u0131. Komatsu, &#8220;Singapur Grand Prix&#8217;si zamanlar\u0131nda, yar\u0131\u015flardan birinin yeniden takvime al\u0131nmas\u0131 hakk\u0131nda konu\u015fmalar vard\u0131,&#8221; dedi. &#8220;Ancak bu, Orta Do\u011fu&#8217;daki duruma ba\u011fl\u0131.&#8221; Komatsu ayr\u0131ca, &#8220;Ama Abu Dabi&#8217;den sonra herhangi bir \u015fey olaca\u011f\u0131n\u0131 sanm\u0131yorum, bu \u00e7ok ge\u00e7 olur. Sezonu uzatmayaca\u011f\u0131z. Bu y\u00fczden tek ger\u00e7ek\u00e7i bo\u015fluk Singapur GP zamanlar\u0131 civar\u0131nda.&#8221; ifadelerini kulland\u0131.<\/p>\n<p>Gelecek planlamas\u0131, Orta Do\u011fu&#8217;daki siyasi duruma ba\u011fl\u0131 kalmaya devam ediyor; a\u00e7\u0131k \u00f6ncelik ise Katar ve Abu Dabi yar\u0131\u015flar\u0131n\u0131n mevcut takvime g\u00f6re devam etmesini sa\u011flamak. Ek bir etkinli\u011fin yeniden takvime al\u0131nmas\u0131 karar\u0131, yeterli s\u00fcre \u00f6nceden al\u0131nmak zorunda kalacak.<\/p>\n<p>#F1 #BahreynGrandPrix #Formula1 #OrtaDo\u011fu #Yar\u0131\u015fTakvimi #Motorsporlar\u0131 #CiddeGP #AbuDabiGP #SingapurGP #FIA<\/p>\n","protected":false},"excerpt":{"rendered":"<p>Formula 1 i\u00e7in Bahreyn Grand Prix&#8217;sinin Ekim ay\u0131nda yeniden takvime al\u0131nmas\u0131, Orta Do\u011fu&#8217;daki durumun \u00f6n\u00fcm\u00fczdeki aylarda iyile\u015fmesi halinde hala olas\u0131 bir se\u00e7enek olarak duruyor. Ancak Crash.net&#8217;in edindi\u011fi bilgiye g\u00f6re, b\u00f6lgedeki devam eden belirsizlik nedeniyle bu fikir \u015fu anda aktif olarak takip edilmiyor. Sakhir ve Cidde yar\u0131\u015flar\u0131, 14 Mart&#8217;ta 2026 takviminden \u00e7\u0131kar\u0131lm\u0131\u015f ve yap\u0131lan duyuruda &#8220;Nisan [&hellip;]<\/p>\n","protected":false},"author":2,"featured_media":14405,"comment_status":"open","ping_status":"open","sticky":false,"template":"","format":"standard","meta":{"footnotes":""},"categories":[37],"tags":[],"class_list":["post-14404","post","type-post","status-publish","format-standard","has-post-thumbnail","hentry","category-orta-dogu-haberleri"],"_links":{"self":[{"href":"https:\/\/fajr.news\/index.php?rest_route=\/wp\/v2\/posts\/14404","targetHints":{"allow":["GET"]}}],"collection":[{"href":"https:\/\/fajr.news\/index.php?rest_route=\/wp\/v2\/posts"}],"about":[{"href":"https:\/\/fajr.news\/index.php?rest_route=\/wp\/v2\/types\/post"}],"author":[{"embeddable":true,"href":"https:\/\/fajr.news\/index.php?rest_route=\/wp\/v2\/users\/2"}],"replies":[{"embeddable":true,"href":"https:\/\/fajr.news\/index.php?rest_route=%2Fwp%2Fv2%2Fcomments&post=14404"}],"version-history":[{"count":0,"href":"https:\/\/fajr.news\/index.php?rest_route=\/wp\/v2\/posts\/14404\/revisions"}],"wp:featuredmedia":[{"embeddable":true,"href":"https:\/\/fajr.news\/index.php?rest_route=\/wp\/v2\/media\/14405"}],"wp:attachment":[{"href":"https:\/\/fajr.news\/index.php?rest_route=%2Fwp%2Fv2%2Fmedia&parent=14404"}],"wp:term":[{"taxonomy":"category","embeddable":true,"href":"https:\/\/fajr.news\/index.php?rest_route=%2Fwp%2Fv2%2Fcategories&post=14404"},{"taxonomy":"post_tag","embeddable":true,"href":"https:\/\/fajr.news\/index.php?rest_route=%2Fwp%2Fv2%2Ftags&post=14404"}],"curies":[{"name":"wp","href":"https:\/\/api.w.org\/{rel}","templated":true}]}}