{"id":14396,"date":"2026-05-01T13:49:25","date_gmt":"2026-05-01T10:19:25","guid":{"rendered":"https:\/\/fajr.news\/?p=14396"},"modified":"2026-05-01T13:49:25","modified_gmt":"2026-05-01T10:19:25","slug":"petrol-sirketleri-yeni-tedarik-kaynaklari-icin-orta-dogunun-otesine-bakiyor-12","status":"publish","type":"post","link":"https:\/\/fajr.news\/?p=14396&lang=tr","title":{"rendered":"Petrol \u015firketleri yeni tedarik kaynaklar\u0131 i\u00e7in Orta Do\u011fu&#8217;nun \u00f6tesine bak\u0131yor."},"content":{"rendered":"<p>De\u011ferli izleyicilerimiz, Denver7 Haber ve Scripps Haber kanallar\u0131n\u0131n bug\u00fcnk\u00fc yay\u0131n ak\u0131\u015f\u0131n\u0131 sizlere sunuyoruz. G\u00fcn boyu s\u00fcrecek kapsaml\u0131 haber yay\u0131nlar\u0131m\u0131zla g\u00fcndemi yak\u0131ndan takip edebilirsiniz.<\/p>\n<p>Gece yar\u0131s\u0131 saat 00:00&#8217;da Denver7 Haber Gece Yay\u0131n\u0131 ile g\u00fcne ba\u015fl\u0131yoruz. Sabah saat 07:00&#8217;de Denver7 Haber, Denver 3&#8217;ten canl\u0131 yay\u0131nla 07:00-09:00 aras\u0131nda ekranlar\u0131n\u0131zda olacak. Saat 09:00&#8217;dan 11:00&#8217;e kadar Denver7 Haber&#8217;in sabah ku\u015fa\u011f\u0131 devam edecek. Saat 11:00&#8217;de ve 11:30&#8217;da Denver7 Haber&#8217;in \u00f6\u011fle b\u00fcltenleri yay\u0131nlanacak. \u00d6\u011flen 12:00&#8217;de ise Scripps Haber&#8217;den ulusal haberler ile kar\u015f\u0131n\u0131zda olaca\u011f\u0131z. \u00d6\u011fleden sonra saat 13:00&#8217;te Denver7 Haber&#8217;in \u00f6\u011fle sonras\u0131 b\u00fclteni, ard\u0131ndan saat 14:00&#8217;ten 16:00&#8217;ya kadar Denver7 Haber&#8217;in geni\u015f kapsaml\u0131 yay\u0131n\u0131 devam edecek. Ak\u015fam ku\u015fa\u011f\u0131nda ise saat 16:00&#8217;da, 17:00&#8217;de, 17:30&#8217;da, 18:00&#8217;de ve 19:00&#8217;da Denver7 Haber&#8217;in ak\u015fam b\u00fcltenleri ile g\u00fcn\u00fcn \u00f6nemli geli\u015fmelerini aktaraca\u011f\u0131z. Gece saat 22:00&#8217;de, 22:30&#8217;da ve 23:00&#8217;te Denver7 Haber&#8217;in gece b\u00fcltenleri ile g\u00fcn\u00fc tamamlayaca\u011f\u0131z. G\u00fcndemdeki t\u00fcm geli\u015fmeler i\u00e7in bizi takip etmeye devam edin.<\/p>\n<p>#Denver7Haber #ScrippsHaber #Canl\u0131Yay\u0131n #HaberAk\u0131\u015f\u0131 #G\u00fcndem #G\u00fcncelHaberler #TelevizyonProgramlar\u0131 #HaberB\u00fclteni #UlusalHaberler #HaberTakibi<\/p>\n","protected":false},"excerpt":{"rendered":"<p>De\u011ferli izleyicilerimiz, Denver7 Haber ve Scripps Haber kanallar\u0131n\u0131n bug\u00fcnk\u00fc yay\u0131n ak\u0131\u015f\u0131n\u0131 sizlere sunuyoruz. G\u00fcn boyu s\u00fcrecek kapsaml\u0131 haber yay\u0131nlar\u0131m\u0131zla g\u00fcndemi yak\u0131ndan takip edebilirsiniz. Gece yar\u0131s\u0131 saat 00:00&#8217;da Denver7 Haber Gece Yay\u0131n\u0131 ile g\u00fcne ba\u015fl\u0131yoruz. Sabah saat 07:00&#8217;de Denver7 Haber, Denver 3&#8217;ten canl\u0131 yay\u0131nla 07:00-09:00 aras\u0131nda ekranlar\u0131n\u0131zda olacak. Saat 09:00&#8217;dan 11:00&#8217;e kadar Denver7 Haber&#8217;in sabah ku\u015fa\u011f\u0131 [&hellip;]<\/p>\n","protected":false},"author":2,"featured_media":14397,"comment_status":"open","ping_status":"open","sticky":false,"template":"","format":"standard","meta":{"footnotes":""},"categories":[37],"tags":[],"class_list":["post-14396","post","type-post","status-publish","format-standard","has-post-thumbnail","hentry","category-orta-dogu-haberleri"],"_links":{"self":[{"href":"https:\/\/fajr.news\/index.php?rest_route=\/wp\/v2\/posts\/14396","targetHints":{"allow":["GET"]}}],"collection":[{"href":"https:\/\/fajr.news\/index.php?rest_route=\/wp\/v2\/posts"}],"about":[{"href":"https:\/\/fajr.news\/index.php?rest_route=\/wp\/v2\/types\/post"}],"author":[{"embeddable":true,"href":"https:\/\/fajr.news\/index.php?rest_route=\/wp\/v2\/users\/2"}],"replies":[{"embeddable":true,"href":"https:\/\/fajr.news\/index.php?rest_route=%2Fwp%2Fv2%2Fcomments&post=14396"}],"version-history":[{"count":0,"href":"https:\/\/fajr.news\/index.php?rest_route=\/wp\/v2\/posts\/14396\/revisions"}],"wp:featuredmedia":[{"embeddable":true,"href":"https:\/\/fajr.news\/index.php?rest_route=\/wp\/v2\/media\/14397"}],"wp:attachment":[{"href":"https:\/\/fajr.news\/index.php?rest_route=%2Fwp%2Fv2%2Fmedia&parent=14396"}],"wp:term":[{"taxonomy":"category","embeddable":true,"href":"https:\/\/fajr.news\/index.php?rest_route=%2Fwp%2Fv2%2Fcategories&post=14396"},{"taxonomy":"post_tag","embeddable":true,"href":"https:\/\/fajr.news\/index.php?rest_route=%2Fwp%2Fv2%2Ftags&post=14396"}],"curies":[{"name":"wp","href":"https:\/\/api.w.org\/{rel}","templated":true}]}}