{"id":14372,"date":"2026-05-01T13:21:16","date_gmt":"2026-05-01T09:51:16","guid":{"rendered":"https:\/\/fajr.news\/?p=14372"},"modified":"2026-05-01T13:21:16","modified_gmt":"2026-05-01T09:51:16","slug":"apo-group-2026-orta-dogu-ve-kuzey-afrika-stevie-odullerinde-altin-stevie-odulu-kazandi","status":"publish","type":"post","link":"https:\/\/fajr.news\/?p=14372&lang=tr","title":{"rendered":"APO Group, 2026 Orta Do\u011fu ve Kuzey Afrika Stevie\u00ae \u00d6d\u00fclleri&#8217;nde Alt\u0131n Stevie\u00ae \u00d6d\u00fcl\u00fc Kazand\u0131"},"content":{"rendered":"<p>APO Group (www.APO-opa.com), Afrika genelinde dan\u0131\u015fmanl\u0131k, uygulama ve tescilli haber da\u011f\u0131t\u0131m\u0131n\u0131 bir araya getiren ileti\u015fim dan\u0131\u015fmanl\u0131\u011f\u0131 \u015firketi, RAK Ticaret ve Sanayi Odas\u0131 sponsorlu\u011funda d\u00fczenlenen yedinci y\u0131ll\u0131k Orta Do\u011fu ve Kuzey Afrika Stevie \u00d6d\u00fclleri&#8217;nde &#8216;Y\u0131l\u0131n En Yenilik\u00e7i Halkla \u0130li\u015fkiler Ajans\u0131&#8217; kategorisinde Alt\u0131n Stevie\u00ae \u00d6d\u00fcl\u00fc&#8217;ne lay\u0131k g\u00f6r\u00fcld\u00fc.<\/p>\n<p>Stevie \u00d6d\u00fclleri, Orta Do\u011fu ve Kuzey Afrika&#8217;daki 18 \u00fclkede i\u015f yerindeki yenili\u011fi takdir eden tek i\u015f \u00f6d\u00fclleri program\u0131 olup, d\u00fcnya \u00e7ap\u0131nda i\u015f d\u00fcnyas\u0131n\u0131n en prestijli \u00f6d\u00fclleri aras\u0131nda yer almaktad\u0131r. Bu y\u0131l, Orta Do\u011fu ve Kuzey Afrika&#8217;daki kurulu\u015flardan 1.400&#8217;den fazla adayl\u0131k de\u011ferlendirildi. APO Group, bu g\u00fc\u00e7l\u00fc rekabette &#8216;Y\u0131l\u0131n En Yenilik\u00e7i Halkla \u0130li\u015fkiler Ajans\u0131&#8217; kategorisinde zirveye \u00e7\u0131karak \u00f6d\u00fcl\u00fc kazand\u0131.<\/p>\n<p>APO Group&#8217;un \u00f6d\u00fcll\u00fc ba\u015fvurusu, uluslararas\u0131 markalar, insani yard\u0131m kurulu\u015flar\u0131 ve k\u00fcresel teknoloji ile i\u015f yat\u0131r\u0131m platformlar\u0131 i\u00e7in y\u00fcr\u00fctt\u00fc\u011f\u00fc kapsaml\u0131 \u00e7al\u0131\u015fmalar\u0131 i\u00e7eriyordu. Bu \u00e7al\u0131\u015fmalar, 1,2 milyar dolar\u0131n \u00fczerinde PR de\u011feri, 1.500&#8217;den fazla medya haberi ve r\u00f6portaj\u0131 ile 20 milyonun \u00fczerinde sosyal medya etkile\u015fimi gibi etkileyici sonu\u00e7lar do\u011furdu. Bu ba\u015far\u0131lar, strateji, saha PR&#8217;\u0131 ve garantili g\u00f6r\u00fcn\u00fcrl\u00fc\u011f\u00fcn tek bir y\u00fcksek etkili sistem olarak entegre edildi\u011fi bir ileti\u015fim modelinin g\u00fcc\u00fcn\u00fc ortaya koymaktad\u0131r.<\/p>\n<p>APO Group CEO&#8217;su Bas Wijne yapt\u0131\u011f\u0131 a\u00e7\u0131klamada, &#8220;Bu \u00f6d\u00fcl, dan\u0131\u015fmanl\u0131k, uygulama ve da\u011f\u0131t\u0131m\u0131 \u00fc\u00e7 ayr\u0131 disiplin yerine tek bir sistem olarak ele alan \u00f6zg\u00fcn ileti\u015fim modelimizi tescil etmektedir. MENA Stevie\u00ae \u00d6d\u00fclleri, APO Group&#8217;un Afrika genelinde faaliyet g\u00f6stermenin ger\u00e7eklerine uygun PR ve ileti\u015fim stratejileri sunma konusundaki kararl\u0131l\u0131\u011f\u0131n\u0131 yans\u0131tmaktad\u0131r&#8221; dedi.<\/p>\n<p>Alt\u0131n, G\u00fcm\u00fc\u015f ve Bronz Stevie \u00d6d\u00fcl\u00fc sahipleri, d\u00fcnya genelinden 150&#8217;den fazla y\u00f6neticinin alt\u0131 j\u00fcri grubunda g\u00f6rev alarak verdi\u011fi ortalama puanlarla belirlendi. Stevie \u00d6d\u00fclleri Ba\u015fkan\u0131 Maggie Miller, &#8220;2026 Orta Do\u011fu ve Kuzey Afrika Stevie \u00d6d\u00fclleri&#8217;nde MENA b\u00f6lgesindeki bu kadar \u00e7e\u015fitli kurulu\u015flar\u0131n ba\u015far\u0131lar\u0131n\u0131 takdir etmekten b\u00fcy\u00fck memnuniyet duyuyoruz. Bu y\u0131l al\u0131nan adayl\u0131klar\u0131n kalitesi ola\u011fan\u00fcst\u00fcyd\u00fc ve program her y\u0131l b\u00fcy\u00fcyerek MENA b\u00f6lgesindeki muazzam yenilik potansiyelini g\u00f6zler \u00f6n\u00fcne seriyor&#8221; \u015feklinde konu\u015ftu. \u00d6d\u00fcl t\u00f6reni 11 Eyl\u00fcl&#8217;de \u0130stanbul, T\u00fcrkiye&#8217;deki InterContinental Hotel&#8217;de ger\u00e7ekle\u015ftirilecek.<\/p>\n<p>APO Group, son bir y\u0131l i\u00e7inde stratejik ileti\u015fim ve kampanya y\u00fcr\u00fctmedeki m\u00fckemmelli\u011fi nedeniyle \u00fcst \u00fcste Alt\u0131n Sabre \u00d6d\u00fclleri ve Davos \u0130leti\u015fim \u00d6d\u00fclleri&#8217;nde Alt\u0131n dahil olmak \u00fczere bir\u00e7ok prestijli sekt\u00f6r \u00f6d\u00fcl\u00fcne lay\u0131k g\u00f6r\u00fcld\u00fc. \u015eirket ayr\u0131ca Brands Review Magazine taraf\u0131ndan &#8216;Afrika&#8217;n\u0131n \u00d6nde Gelen PR Ajans\u0131 \u2013 2025&#8217; ve World Business Outlook taraf\u0131ndan &#8216;Y\u0131l\u0131n En \u0130yi Halkla \u0130li\u015fkiler ve Medya Dan\u0131\u015fmanl\u0131k Ajans\u0131 \u2013 2025&#8217; olarak adland\u0131r\u0131ld\u0131.<\/p>\n<p>54 Afrika \u00fclkesinde faaliyet g\u00f6steren APO Group, tescilli haber ajans\u0131 Africa Newsroom arac\u0131l\u0131\u011f\u0131yla ileti\u015fim dan\u0131\u015fmanl\u0131\u011f\u0131 hizmetleri, halkla ili\u015fkiler ve medya da\u011f\u0131t\u0131m\u0131 sa\u011flamakta, i\u00e7eri\u011fi d\u00fcnya \u00e7ap\u0131nda 250&#8217;den fazla Afrika odakl\u0131 haber platformunda yay\u0131nlamaktad\u0131r. Bu son ba\u015far\u0131, APO Group&#8217;un bu sayg\u0131n \u00f6d\u00fcllerdeki parlak ge\u00e7mi\u015fine yeni bir halka ekliyor. Daha \u00f6nce, 2025 y\u0131l\u0131nda Halkla \u0130li\u015fkiler ve Stratejik \u0130leti\u015fim Ba\u015fkan Yard\u0131mc\u0131s\u0131 Rania El-Rafie, &#8216;Y\u0131l\u0131n En Yenilik\u00e7i Kad\u0131n\u0131&#8217; kategorisinde Bronz Stevie\u00ae \u00d6d\u00fcl\u00fc&#8217;n\u00fc kazanm\u0131\u015ft\u0131.<\/p>\n<p>#APOGroup #StevieAwards #Halkla\u0130li\u015fkiler #PR\u00d6d\u00fcl\u00fc #OrtaDo\u011fu #KuzeyAfrika #\u0130leti\u015fimDan\u0131\u015fmanl\u0131\u011f\u0131 #Yenilik\u00e7iPR #Afrika\u0130leti\u015fim #Alt\u0131n\u00d6d\u00fcl<\/p>\n","protected":false},"excerpt":{"rendered":"<p>APO Group (www.APO-opa.com), Afrika genelinde dan\u0131\u015fmanl\u0131k, uygulama ve tescilli haber da\u011f\u0131t\u0131m\u0131n\u0131 bir araya getiren ileti\u015fim dan\u0131\u015fmanl\u0131\u011f\u0131 \u015firketi, RAK Ticaret ve Sanayi Odas\u0131 sponsorlu\u011funda d\u00fczenlenen yedinci y\u0131ll\u0131k Orta Do\u011fu ve Kuzey Afrika Stevie \u00d6d\u00fclleri&#8217;nde &#8216;Y\u0131l\u0131n En Yenilik\u00e7i Halkla \u0130li\u015fkiler Ajans\u0131&#8217; kategorisinde Alt\u0131n Stevie\u00ae \u00d6d\u00fcl\u00fc&#8217;ne lay\u0131k g\u00f6r\u00fcld\u00fc. Stevie \u00d6d\u00fclleri, Orta Do\u011fu ve Kuzey Afrika&#8217;daki 18 \u00fclkede i\u015f [&hellip;]<\/p>\n","protected":false},"author":2,"featured_media":14373,"comment_status":"open","ping_status":"open","sticky":false,"template":"","format":"standard","meta":{"footnotes":""},"categories":[37],"tags":[],"class_list":["post-14372","post","type-post","status-publish","format-standard","has-post-thumbnail","hentry","category-orta-dogu-haberleri"],"_links":{"self":[{"href":"https:\/\/fajr.news\/index.php?rest_route=\/wp\/v2\/posts\/14372","targetHints":{"allow":["GET"]}}],"collection":[{"href":"https:\/\/fajr.news\/index.php?rest_route=\/wp\/v2\/posts"}],"about":[{"href":"https:\/\/fajr.news\/index.php?rest_route=\/wp\/v2\/types\/post"}],"author":[{"embeddable":true,"href":"https:\/\/fajr.news\/index.php?rest_route=\/wp\/v2\/users\/2"}],"replies":[{"embeddable":true,"href":"https:\/\/fajr.news\/index.php?rest_route=%2Fwp%2Fv2%2Fcomments&post=14372"}],"version-history":[{"count":0,"href":"https:\/\/fajr.news\/index.php?rest_route=\/wp\/v2\/posts\/14372\/revisions"}],"wp:featuredmedia":[{"embeddable":true,"href":"https:\/\/fajr.news\/index.php?rest_route=\/wp\/v2\/media\/14373"}],"wp:attachment":[{"href":"https:\/\/fajr.news\/index.php?rest_route=%2Fwp%2Fv2%2Fmedia&parent=14372"}],"wp:term":[{"taxonomy":"category","embeddable":true,"href":"https:\/\/fajr.news\/index.php?rest_route=%2Fwp%2Fv2%2Fcategories&post=14372"},{"taxonomy":"post_tag","embeddable":true,"href":"https:\/\/fajr.news\/index.php?rest_route=%2Fwp%2Fv2%2Ftags&post=14372"}],"curies":[{"name":"wp","href":"https:\/\/api.w.org\/{rel}","templated":true}]}}