{"id":14360,"date":"2026-05-01T13:04:59","date_gmt":"2026-05-01T09:34:59","guid":{"rendered":"https:\/\/fajr.news\/?p=14360"},"modified":"2026-05-01T13:04:59","modified_gmt":"2026-05-01T09:34:59","slug":"trump-iranin-teklifini-reddetti-pentagon-savasin-maliyetini-acikladi","status":"publish","type":"post","link":"https:\/\/fajr.news\/?p=14360&lang=tr","title":{"rendered":"Trump \u0130ran&#8217;\u0131n Teklifini Reddetti, Pentagon Sava\u015f\u0131n Maliyetini A\u00e7\u0131klad\u0131"},"content":{"rendered":"<p>Amerika Birle\u015fik Devletleri Ba\u015fkan\u0131 Donald Trump, \u00c7ar\u015famba g\u00fcn\u00fc Axios&#8217;a yapt\u0131\u011f\u0131 a\u00e7\u0131klamada, \u0130ran&#8217;\u0131n H\u00fcrm\u00fcz Bo\u011faz\u0131&#8217;n\u0131 a\u00e7ma kar\u015f\u0131l\u0131\u011f\u0131nda ABD&#8217;nin ablukay\u0131 kald\u0131rmas\u0131 ve n\u00fckleer program sorununu ask\u0131ya almas\u0131 y\u00f6n\u00fcndeki son teklifini reddedece\u011fini bildirdi. Trump ayr\u0131ca, yard\u0131mc\u0131lar\u0131na daha uzun s\u00fcreli bir abluka i\u00e7in haz\u0131rl\u0131k yapmalar\u0131 talimat\u0131n\u0131 verdi. Bu arada, ABD Merkez Komutanl\u0131\u011f\u0131 \u00c7ar\u015famba g\u00fcn\u00fc ablukan\u0131n ba\u015flamas\u0131ndan bu yana 42. gemiyi y\u00f6nlendirmeyi kutlad\u0131 ve Amiral Brad Cooper bunu &#8220;\u00f6nemli bir d\u00f6n\u00fcm noktas\u0131&#8221; olarak nitelendirdi. Cooper, daha \u00f6nce al\u0131konulan 41 geminin toplam 69 milyon varil petrol ta\u015f\u0131d\u0131\u011f\u0131n\u0131 ve bunun \u0130ran h\u00fck\u00fcmetine tahmini 6 milyar dolarl\u0131k bir kay\u0131p ya\u015fatt\u0131\u011f\u0131n\u0131 ekledi.<\/p>\n<p>Ate\u015fkes devam ederken, Amerikan kamuoyu \u00e7at\u0131\u015fman\u0131n maliyetini \u00f6\u011frendi. Pentagon Mali \u0130\u015fler Direkt\u00f6r\u00fc Jules W. Hurst III, ABD&#8217;nin \u015fu ana kadar \u00e7o\u011funlukla m\u00fchimmat olmak \u00fczere 25 milyar dolar harcad\u0131\u011f\u0131n\u0131 tahmin etti. \u00c7ar\u015famba g\u00fcn\u00fc Capitol Hill&#8217;de yakla\u015f\u0131k alt\u0131 saat s\u00fcren bir duru\u015fmada, Savunma Bakan\u0131 Pete Hegseth, bir kongre \u00fcyesinin sava\u015f\u0131n ne kadar s\u00fcrebilece\u011fi veya nihai faturan\u0131n ne olabilece\u011fi hakk\u0131ndaki sorular\u0131n\u0131 yan\u0131tlamay\u0131 reddetti.<\/p>\n<p>**Per\u015fembe g\u00fcn\u00fc ya\u015fananlara bir bak\u0131\u015f:**<\/p>\n<p>**Hegseth: Ate\u015fkes, \u0130ran Sava\u015f\u0131 i\u00e7in 60 g\u00fcnl\u00fck s\u00fcreyi duraklat\u0131yor**<br \/>\nDo\u011fu Saati ile 14:00: Trump&#8217;\u0131n \u0130ran&#8217;daki sava\u015f\u0131, 1970&#8217;lerin ba\u015f\u0131nda Kongre ile ba\u015fkan aras\u0131ndaki askeri eylem yetkisini b\u00f6lmek amac\u0131yla \u00e7\u0131kar\u0131lan Sava\u015f Yetkileri Yasas\u0131 uyar\u0131nca Cuma g\u00fcn\u00fc \u00f6nemli bir son teslim tarihiyle kar\u015f\u0131 kar\u015f\u0131ya. ABD ve \u0130srail, \u0130ran&#8217;a kar\u015f\u0131 sava\u015f\u0131 28 \u015eubat&#8217;ta ba\u015flatt\u0131. Bir Sava\u015f \u0130lan\u0131 zaten ge\u00e7irilmediyse veya Kongre g\u00fc\u00e7lerin konu\u015fland\u0131r\u0131lmas\u0131na izin vermediyse, ba\u015fkan\u0131n birlikleri konu\u015fland\u0131rd\u0131ktan sonra 48 saat i\u00e7inde karar\u0131 a\u00e7\u0131klayan yaz\u0131l\u0131 bir raporu kongre liderli\u011fine g\u00f6ndermesi gerekiyor. Trump y\u00f6netimi bu raporu 2 Mart&#8217;ta Kongre&#8217;ye g\u00f6nderdi ve bu da 60 g\u00fcnl\u00fck s\u00fcreyi Cuma g\u00fcn\u00fcne kadar belirledi. Kongre 60 g\u00fcn i\u00e7inde daha fazla eyleme izin vermezse, yasa ba\u015fkan\u0131n silahl\u0131 kuvvetlerin &#8220;her t\u00fcrl\u00fc kullan\u0131m\u0131n\u0131 sona erdirmesini&#8221; gerektiriyor. Yasa, ba\u015fkan\u0131n g\u00fc\u00e7leri d\u00fc\u015fmanl\u0131klardan g\u00fcvenli bir \u015fekilde \u00e7ekmek i\u00e7in s\u00fcreyi ek 30 g\u00fcn uzatmas\u0131na izin veriyor, ancak bir sald\u0131r\u0131 kampanyas\u0131na devam etme yetkisi vermiyor. Per\u015fembe g\u00fcn\u00fc bu s\u00fcre hakk\u0131nda sorulan Sava\u015f Bakan\u0131 Pete Hegseth, s\u00fcresiz ate\u015fkesin 60 g\u00fcnl\u00fck s\u00fcreyi duraklatt\u0131\u011f\u0131na inand\u0131\u011f\u0131n\u0131 belirterek, y\u00f6netimin Cuma g\u00fcn\u00fc g\u00fc\u00e7leri \u00e7ekmeye ba\u015flama plan\u0131 olmad\u0131\u011f\u0131n\u0131 ima etti. Virginia Demokrat\u0131 Senat\u00f6r Tim Kaine, Hegseth&#8217;in iddialar\u0131n\u0131n yasall\u0131\u011f\u0131n\u0131 sorgulad\u0131.<\/p>\n<p>**Hegseth, Caine Kongre \u00d6n\u00fcnde Bir G\u00fcn Daha Haz\u0131rlan\u0131yor**<br \/>\nDo\u011fu Saati ile 08:11: Sava\u015f Bakan\u0131 Pete Hegseth ve Genelkurmay Ba\u015fkan\u0131 Dan Caine&#8217;in bug\u00fcn Senato Silahl\u0131 Hizmetler Komitesi \u00f6n\u00fcne \u00e7\u0131kmas\u0131 bekleniyor. Milletvekillerinin \u0130ran sava\u015f\u0131ndaki y\u00f6netimlerini ve 2027 i\u00e7in \u00f6nerilen askeri b\u00fct\u00e7elerini sorgulamalar\u0131 bekleniyor.<\/p>\n<p>**USS Ford Eve D\u00f6n\u00fcyor**<br \/>\nDo\u011fu Saati ile 06:18: USS Gerald Ford, deniza\u015f\u0131r\u0131 rekor bir g\u00f6rev s\u00fcresinin ard\u0131ndan eve d\u00f6n\u00fcyor. Ford, \u0130ran sava\u015f\u0131nda ve eski Venezuela Devlet Ba\u015fkan\u0131 Nicol\u00e1s Maduro&#8217;nun yakalanmas\u0131nda yer alarak 300 g\u00fcnden fazla denizde kald\u0131. Gemi, Vietnam Sava\u015f\u0131 sonras\u0131 en uzun konu\u015fland\u0131rma rekorunu k\u0131rd\u0131. \u00d6n\u00fcm\u00fczdeki birka\u00e7 g\u00fcn i\u00e7inde Orta Do\u011fu&#8217;dan ayr\u0131lacak ve Haziran ay\u0131nda Norfolk, Virginia&#8217;daki ana liman\u0131na geri d\u00f6nmesi bekleniyor.<\/p>\n<p>#Trump #\u0130ran #H\u00fcrm\u00fczBo\u011faz\u0131 #ABD\u0130ranGerilimi #Pentagon #Sava\u015fMaliyeti #Sava\u015fYetkileriYasas\u0131 #Ate\u015fkes #OrtaDo\u011fu #USSFord<\/p>\n","protected":false},"excerpt":{"rendered":"<p>Amerika Birle\u015fik Devletleri Ba\u015fkan\u0131 Donald Trump, \u00c7ar\u015famba g\u00fcn\u00fc Axios&#8217;a yapt\u0131\u011f\u0131 a\u00e7\u0131klamada, \u0130ran&#8217;\u0131n H\u00fcrm\u00fcz Bo\u011faz\u0131&#8217;n\u0131 a\u00e7ma kar\u015f\u0131l\u0131\u011f\u0131nda ABD&#8217;nin ablukay\u0131 kald\u0131rmas\u0131 ve n\u00fckleer program sorununu ask\u0131ya almas\u0131 y\u00f6n\u00fcndeki son teklifini reddedece\u011fini bildirdi. Trump ayr\u0131ca, yard\u0131mc\u0131lar\u0131na daha uzun s\u00fcreli bir abluka i\u00e7in haz\u0131rl\u0131k yapmalar\u0131 talimat\u0131n\u0131 verdi. Bu arada, ABD Merkez Komutanl\u0131\u011f\u0131 \u00c7ar\u015famba g\u00fcn\u00fc ablukan\u0131n ba\u015flamas\u0131ndan bu yana 42. [&hellip;]<\/p>\n","protected":false},"author":2,"featured_media":14361,"comment_status":"open","ping_status":"open","sticky":false,"template":"","format":"standard","meta":{"footnotes":""},"categories":[31],"tags":[],"class_list":["post-14360","post","type-post","status-publish","format-standard","has-post-thumbnail","hentry","category-iran-haberleri"],"_links":{"self":[{"href":"https:\/\/fajr.news\/index.php?rest_route=\/wp\/v2\/posts\/14360","targetHints":{"allow":["GET"]}}],"collection":[{"href":"https:\/\/fajr.news\/index.php?rest_route=\/wp\/v2\/posts"}],"about":[{"href":"https:\/\/fajr.news\/index.php?rest_route=\/wp\/v2\/types\/post"}],"author":[{"embeddable":true,"href":"https:\/\/fajr.news\/index.php?rest_route=\/wp\/v2\/users\/2"}],"replies":[{"embeddable":true,"href":"https:\/\/fajr.news\/index.php?rest_route=%2Fwp%2Fv2%2Fcomments&post=14360"}],"version-history":[{"count":0,"href":"https:\/\/fajr.news\/index.php?rest_route=\/wp\/v2\/posts\/14360\/revisions"}],"wp:featuredmedia":[{"embeddable":true,"href":"https:\/\/fajr.news\/index.php?rest_route=\/wp\/v2\/media\/14361"}],"wp:attachment":[{"href":"https:\/\/fajr.news\/index.php?rest_route=%2Fwp%2Fv2%2Fmedia&parent=14360"}],"wp:term":[{"taxonomy":"category","embeddable":true,"href":"https:\/\/fajr.news\/index.php?rest_route=%2Fwp%2Fv2%2Fcategories&post=14360"},{"taxonomy":"post_tag","embeddable":true,"href":"https:\/\/fajr.news\/index.php?rest_route=%2Fwp%2Fv2%2Ftags&post=14360"}],"curies":[{"name":"wp","href":"https:\/\/api.w.org\/{rel}","templated":true}]}}