{"id":14324,"date":"2026-05-01T11:50:36","date_gmt":"2026-05-01T08:20:36","guid":{"rendered":"https:\/\/fajr.news\/?p=14324"},"modified":"2026-05-01T11:50:36","modified_gmt":"2026-05-01T08:20:36","slug":"abd-iran-gerilimi-avrupayi-vurdu-avrupa-merkez-bankasi-faiz-artirimina-zorlaniyor","status":"publish","type":"post","link":"https:\/\/fajr.news\/?p=14324&lang=tr","title":{"rendered":"ABD-\u0130ran Gerilimi Avrupa&#8217;y\u0131 Vurdu: Avrupa Merkez Bankas\u0131 Faiz Art\u0131r\u0131m\u0131na Zorlan\u0131yor"},"content":{"rendered":"<article>\n<header>\n<h1>ABD-\u0130ran Gerilimi Avrupa&#8217;y\u0131 Vurdu: Avrupa Merkez Bankas\u0131 Faiz Art\u0131r\u0131m\u0131na Zorlan\u0131yor<\/h1>\n<\/header>\n<section>\n<p><strong>Avrupa Merkez Bankas\u0131 (AMB), Haziran ay\u0131ndaki toplant\u0131s\u0131nda faiz oranlar\u0131n\u0131 art\u0131rma karar\u0131na hi\u00e7 olmad\u0131\u011f\u0131 kadar yak\u0131n.<\/strong> Analistler, bu karar\u0131n arkas\u0131ndaki temel itici g\u00fcc\u00fcn, i\u00e7 enflasyon dinamiklerinden ziyade, Ortado\u011fu&#8217;da t\u0131rmanan ABD-\u0130ran gerilimi ve bunun Avrupa enerji maliyetleri ile tedarik zincirleri \u00fczerindeki y\u0131k\u0131c\u0131 etkileri oldu\u011funu belirtiyor.<\/p>\n<p>Uzmanlar, AMB&#8217;nin zorlu bir ikilemle kar\u015f\u0131 kar\u015f\u0131ya oldu\u011funu vurguluyor: Faiz art\u0131r\u0131mlar\u0131, ithal bir enerji \u015fokuna kar\u015f\u0131 kaba bir ara\u00e7 olman\u0131n \u00f6tesinde, ayn\u0131 \u015fokun b\u00fcy\u00fcme ve istihdam\u0131 tehdit etmesi nedeniyle agresif s\u0131k\u0131la\u015ft\u0131rmay\u0131 ters teptirebilir. Bu durum, Avrupa ekonomisinin d\u0131\u015far\u0131dan gelen bask\u0131larla ne denli k\u0131r\u0131lgan bir zeminde oldu\u011funu g\u00f6zler \u00f6n\u00fcne seriyor.<\/p>\n<h2><span style=\"color:#0056b3\">Enerji \u015eokunun G\u00f6lgesinde Politika Belirsizli\u011fi<\/span><\/h2>\n<p>Piyasa g\u00f6zlemcileri, enerji fiyatlar\u0131ndaki ani y\u00fckseli\u015fi g\u00f6z ard\u0131 etme penceresinin kapanmakta oldu\u011funu ifade ediyor. Haziran ay\u0131ndaki g\u00fcncellenmi\u015f projeksiyonlar ve enflasyon senaryolar\u0131n\u0131n, AMB&#8217;yi harekete ge\u00e7mek i\u00e7in daha g\u00fc\u00e7l\u00fc bir konuma getirmesi bekleniyor. Enflasyon beklentileri ve ileriye d\u00f6n\u00fck \u00fccret geli\u015fmeleri, AMB&#8217;nin yak\u0131ndan izleyece\u011fi kilit de\u011fi\u015fkenler olarak \u00f6ne \u00e7\u0131karken, 2026 y\u0131l\u0131 enflasyon g\u00f6r\u00fcn\u00fcm\u00fcn\u00fcn Mart ay\u0131 tahmin patikas\u0131n\u0131n \u00fczerinde seyretti\u011fi g\u00f6r\u00fcl\u00fcyor.<\/p>\n<p>Analistler genel olarak, AMB&#8217;nin piyasalarda halihaz\u0131rda fiyatlanan seviyenin \u00f6tesine ge\u00e7erek faiz art\u0131r\u0131m\u0131 yapmas\u0131n\u0131 beklemiyor. \u0130ki adet 25 baz puanl\u0131k art\u0131\u015f\u0131n, politika faizini AMB&#8217;nin n\u00f6tr oran tahmini aral\u0131\u011f\u0131 olan %1.75 ila %2.5&#8217;in \u00fcst s\u0131n\u0131r\u0131na ta\u015f\u0131yaca\u011f\u0131 d\u00fc\u015f\u00fcn\u00fcl\u00fcyor. Bu art\u0131\u015flar\u0131n, ekonomiyi agresif bir \u015fekilde k\u0131s\u0131tlamaktan ziyade, enflasyon beklentilerini y\u00f6netmeye hizmet edece\u011fi belirtiliyor.<\/p>\n<p>E\u011fer \u00e7at\u0131\u015fmadan kaynaklanan ekonomik aksakl\u0131klar yeterince uzun s\u00fcrerse, odak noktas\u0131n\u0131n enflasyondan b\u00fcy\u00fcmeye kaymas\u0131 ve dolay\u0131s\u0131yla uzun s\u00fcreli bir faiz art\u0131r\u0131m d\u00f6ng\u00fcs\u00fcne olan ihtiyac\u0131n azalmas\u0131 muhtemel. Bu durum, k\u00fcresel jeopolitik gerilimlerin ekonomik politikalar \u00fczerindeki belirleyici etkisini bir kez daha kan\u0131tl\u0131yor.<\/p>\n<h2><span style=\"color:#0056b3\">Avrupal\u0131 Liderlerden Washington&#8217;a Sert Mesaj<\/span><\/h2>\n<p>Avrupal\u0131 liderler, Ortado\u011fu&#8217;daki \u00e7at\u0131\u015fmaya g\u00fcvenilir bir \u00e7\u00f6z\u00fcm yolu sunulmamas\u0131 nedeniyle Washington&#8217;a kar\u015f\u0131 a\u00e7\u0131k\u00e7a hayal k\u0131r\u0131kl\u0131klar\u0131n\u0131 dile getiriyor. Bu durum, hanehalk\u0131 finansman\u0131 \u00fczerindeki bask\u0131ya siyasi bir boyut kat\u0131yor ve ABD&#8217;nin b\u00f6lgedeki politikalar\u0131n\u0131n k\u00fcresel yans\u0131malar\u0131n\u0131 g\u00f6zler \u00f6n\u00fcne seriyor. Asya&#8217;n\u0131n baz\u0131 b\u00f6lgelerinde \u015fimdiden yak\u0131t karnesi uygulamalar\u0131 ya\u015fan\u0131rken, analistler Avrupa&#8217;y\u0131 benzer bir aksakl\u0131ktan koruyan tamponun s\u00fcresiz olarak dayanamayabilece\u011fi konusunda uyar\u0131yor.<\/p>\n<h2><span style=\"color:#0056b3\">Varl\u0131k Tahsisinde Enflasyon Korumas\u0131 \u00d6n Planda<\/span><\/h2>\n<p>Varl\u0131k tahsisi konusunda ise, analistler alt\u0131n, geni\u015f emtialar ve enflasyona endeksli tahviller gibi enflasyon koruyucular\u0131n\u0131 tercih ediyor. Hisse senetleri i\u00e7inde Avrupa, jeopolitik r\u00fczgarlar g\u00f6z \u00f6n\u00fcne al\u0131nd\u0131\u011f\u0131nda \u00e7ekici olmaktan ziyade dengeli olarak g\u00f6r\u00fcl\u00fcyor. Sabit getirili menkul k\u0131ymetlerde ise kaliteli krediler ve se\u00e7ici geli\u015fmekte olan piyasa yerel para birimi tahvilleri, d\u00fc\u015f\u00fck dereceli ka\u011f\u0131tlara tercih ediliyor. Bu durum, yat\u0131r\u0131mc\u0131lar\u0131n artan belirsizlik kar\u015f\u0131s\u0131nda g\u00fcvenli limanlara y\u00f6neldi\u011fini g\u00f6steriyor.<\/p>\n<p>Haziran ay\u0131nda AMB&#8217;den bir faiz art\u0131r\u0131m\u0131 beklentisi, birka\u00e7 ay \u00f6ncesine g\u00f6re \u00f6nemli bir de\u011fi\u015fimi temsil ediyor. Bu yeniden fiyatlama, tahvil getirilerini y\u00fckseltirken, faize duyarl\u0131 hisse senedi sekt\u00f6rleri \u00fczerinde bask\u0131 olu\u015fturuyor. Alt\u0131n, geni\u015f emtialar ve enflasyona endeksli tahviller ise kal\u0131c\u0131 enerji aksakl\u0131klar\u0131na kar\u015f\u0131 birer korunma arac\u0131 olarak yeniden talep g\u00f6r\u00fcyor.<\/p>\n<\/section>\n<footer>\n<p>#AMB #FaizArt\u0131r\u0131m\u0131 #Ortado\u011fuGerilimi #ABD\u0130ran\u00c7at\u0131\u015fmas\u0131 #Enerji\u015eoku #Enflasyon #AvrupaEkonomisi #JeopolitikRisk #Varl\u0131kTahsisi #EkonomikKriz<\/p>\n<\/footer>\n<\/article>\n","protected":false},"excerpt":{"rendered":"<p>ABD-\u0130ran Gerilimi Avrupa&#8217;y\u0131 Vurdu: Avrupa Merkez Bankas\u0131 Faiz Art\u0131r\u0131m\u0131na Zorlan\u0131yor Avrupa Merkez Bankas\u0131 (AMB), Haziran ay\u0131ndaki toplant\u0131s\u0131nda faiz oranlar\u0131n\u0131 art\u0131rma karar\u0131na hi\u00e7 olmad\u0131\u011f\u0131 kadar yak\u0131n. Analistler, bu karar\u0131n arkas\u0131ndaki temel itici g\u00fcc\u00fcn, i\u00e7 enflasyon dinamiklerinden ziyade, Ortado\u011fu&#8217;da t\u0131rmanan ABD-\u0130ran gerilimi ve bunun Avrupa enerji maliyetleri ile tedarik zincirleri \u00fczerindeki y\u0131k\u0131c\u0131 etkileri oldu\u011funu belirtiyor. Uzmanlar, AMB&#8217;nin [&hellip;]<\/p>\n","protected":false},"author":2,"featured_media":14325,"comment_status":"open","ping_status":"open","sticky":false,"template":"","format":"standard","meta":{"footnotes":""},"categories":[37],"tags":[],"class_list":["post-14324","post","type-post","status-publish","format-standard","has-post-thumbnail","hentry","category-orta-dogu-haberleri"],"_links":{"self":[{"href":"https:\/\/fajr.news\/index.php?rest_route=\/wp\/v2\/posts\/14324","targetHints":{"allow":["GET"]}}],"collection":[{"href":"https:\/\/fajr.news\/index.php?rest_route=\/wp\/v2\/posts"}],"about":[{"href":"https:\/\/fajr.news\/index.php?rest_route=\/wp\/v2\/types\/post"}],"author":[{"embeddable":true,"href":"https:\/\/fajr.news\/index.php?rest_route=\/wp\/v2\/users\/2"}],"replies":[{"embeddable":true,"href":"https:\/\/fajr.news\/index.php?rest_route=%2Fwp%2Fv2%2Fcomments&post=14324"}],"version-history":[{"count":0,"href":"https:\/\/fajr.news\/index.php?rest_route=\/wp\/v2\/posts\/14324\/revisions"}],"wp:featuredmedia":[{"embeddable":true,"href":"https:\/\/fajr.news\/index.php?rest_route=\/wp\/v2\/media\/14325"}],"wp:attachment":[{"href":"https:\/\/fajr.news\/index.php?rest_route=%2Fwp%2Fv2%2Fmedia&parent=14324"}],"wp:term":[{"taxonomy":"category","embeddable":true,"href":"https:\/\/fajr.news\/index.php?rest_route=%2Fwp%2Fv2%2Fcategories&post=14324"},{"taxonomy":"post_tag","embeddable":true,"href":"https:\/\/fajr.news\/index.php?rest_route=%2Fwp%2Fv2%2Ftags&post=14324"}],"curies":[{"name":"wp","href":"https:\/\/api.w.org\/{rel}","templated":true}]}}