{"id":14316,"date":"2026-05-01T11:40:06","date_gmt":"2026-05-01T08:10:06","guid":{"rendered":"https:\/\/fajr.news\/?p=14316"},"modified":"2026-05-01T11:40:06","modified_gmt":"2026-05-01T08:10:06","slug":"orta-dogu-petrol-soku-yeni-zelandayi-vururken-tuketici-guveni-uc-yilin-en-dusugune-geriledi","status":"publish","type":"post","link":"https:\/\/fajr.news\/?p=14316&lang=tr","title":{"rendered":"Orta Do\u011fu Petrol \u015eoku Yeni Zelanda&#8217;y\u0131 Vururken T\u00fcketici G\u00fcveni \u00dc\u00e7 Y\u0131l\u0131n En D\u00fc\u015f\u00fc\u011f\u00fcne Geriledi"},"content":{"rendered":"<p><strong>Yeni Zelanda ekonomisi, Orta Do\u011fu&#8217;daki gerilimin tetikledi\u011fi enerji fiyatlar\u0131ndaki art\u0131\u015fla sars\u0131l\u0131rken, t\u00fcketici g\u00fcveni son \u00fc\u00e7 y\u0131l\u0131n en d\u00fc\u015f\u00fck seviyesine indi.<\/strong> ANZ-Roy Morgan T\u00fcketici G\u00fcveni endeksi, Nisan ay\u0131nda 11 puanl\u0131k keskin bir d\u00fc\u015f\u00fc\u015fle 80.3 seviyesine gerileyerek, Orta Do\u011fu&#8217;daki \u00e7at\u0131\u015fmalar\u0131n ba\u015flamas\u0131ndan bu yana ge\u00e7en iki ayda toplamda 20 puanl\u0131k bir kay\u0131p ya\u015fad\u0131. Bu durum, \u00fclkenin perakende sekt\u00f6r\u00fc i\u00e7in zorlu bir d\u00f6nemin habercisi olarak yorumlan\u0131yor.<\/p>\n<h2><span style=\"color:#0056b3\">Hanehalk\u0131 B\u00fct\u00e7eleri B\u00fcy\u00fck Bask\u0131 Alt\u0131nda<\/span><\/h2>\n<p>Anketin detaylar\u0131, Yeni Zelanda hanehalklar\u0131n\u0131n artan ya\u015fam maliyetleri kar\u015f\u0131s\u0131nda ne denli zorland\u0131\u011f\u0131n\u0131 g\u00f6zler \u00f6n\u00fcne seriyor. <strong>Enflasyon beklentileri %6.6&#8217;ya s\u0131\u00e7rarken, ki\u015fisel finansal durum alg\u0131s\u0131 2008 ortalar\u0131ndan bu yana en zay\u0131f seviyesine ula\u015ft\u0131.<\/strong> Bu k\u00f6t\u00fcle\u015fme, \u00f6zellikle benzin fiyatlar\u0131n\u0131n y\u0131ll\u0131k bazda yakla\u015f\u0131k %30 artmas\u0131yla do\u011frudan ili\u015fkilendiriliyor. T\u00fcketiciler, gelirlerinde hen\u00fcz anlaml\u0131 bir d\u00fc\u015f\u00fc\u015f olmamas\u0131na ra\u011fmen, artan harcamalar nedeniyle b\u00fct\u00e7elerinin ciddi bask\u0131 alt\u0131nda oldu\u011funu hissediyor.<\/p>\n<h3><span style=\"color:#0056b3\">Perakende Sekt\u00f6r\u00fc \u0130\u00e7in Kara Bulutlar<\/span><\/h3>\n<p>Perakende sekt\u00f6r\u00fc i\u00e7in g\u00f6r\u00fcn\u00fcm olduk\u00e7a kasvetli. B\u00fcy\u00fck hanehalk\u0131 \u00fcr\u00fcnleri sat\u0131n almak i\u00e7in &#8220;iyi bir zaman&#8221; oldu\u011funu d\u00fc\u015f\u00fcnenlerin oran\u0131 11 puan d\u00fc\u015ferek -%25&#8217;e geriledi ki bu, Eyl\u00fcl 2024&#8217;ten bu yana g\u00f6r\u00fclen en d\u00fc\u015f\u00fck seviye. Bu g\u00f6sterge, perakende harcamalar\u0131nda yak\u0131n vadede \u00f6nemli bir d\u00fc\u015f\u00fc\u015f riskine i\u015faret ediyor. Ayr\u0131ca, ANZ&#8217;nin ayr\u0131 \u0130\u015f G\u00f6r\u00fcn\u00fcm\u00fc anketine g\u00f6re perakende sekt\u00f6r\u00fc kat\u0131l\u0131mc\u0131lar\u0131, gelecekteki faaliyetler konusunda en karamsar grup olarak \u00f6ne \u00e7\u0131k\u0131yor.<\/p>\n<h4><span style=\"color:#0056b3\">Merkez Bankas\u0131 Zorda: Enflasyon ve \u00dccret Beklentileri Aras\u0131ndaki U\u00e7urum<\/span><\/h4>\n<p>Yeni Zelanda Merkez Bankas\u0131 (RBNZ), t\u00fcketicilerin %6.6&#8217;l\u0131k enflasyon beklentileri ile firmalar\u0131n %2.5&#8217;lik \u00fccret art\u0131\u015f\u0131 beklentileri aras\u0131ndaki giderek a\u00e7\u0131lan makasla kar\u015f\u0131 kar\u015f\u0131ya. Bu \u00f6nemli farkl\u0131l\u0131k, RBNZ&#8217;nin para politikas\u0131 yol haritas\u0131n\u0131 karma\u015f\u0131kla\u015ft\u0131r\u0131yor. Faiz art\u0131r\u0131m\u0131 beklentilerinin bile t\u00fcketici moralini olumsuz etkiledi\u011fi bir geri bildirim d\u00f6ng\u00fcs\u00fc olu\u015fmu\u015f durumda. G\u00fcvenin bu denli h\u0131zl\u0131 ve b\u00fcy\u00fck \u00f6l\u00e7ekli \u00e7\u00f6k\u00fc\u015f\u00fc, Merkez Bankas\u0131 i\u00e7in ciddi bir uyar\u0131 niteli\u011fi ta\u015f\u0131yor.<\/p>\n<p>Ekonomik g\u00f6r\u00fcn\u00fcmdeki bu keskin bozulma, Yeni Zelanda&#8217;n\u0131n \u00f6n\u00fcm\u00fczdeki d\u00f6nemde ciddi ekonomik zorluklarla kar\u015f\u0131la\u015fabilece\u011finin sinyallerini veriyor. Hanehalklar\u0131n\u0131n i\u015f g\u00fcvencesi ve genel ekonomik ko\u015fullar hakk\u0131ndaki endi\u015feleri artarken, \u00fclkenin dayan\u0131kl\u0131l\u0131\u011f\u0131 test ediliyor.<\/p>\n<p>#YeniZelandaEkonomisi #T\u00fcketiciG\u00fcveni #Petrol\u015eoku #OrtaDo\u011fuGerilimi #EnflasyonBeklentileri #MerkezBankas\u0131 #PerakendeSekt\u00f6r\u00fc #HaneHalk\u0131B\u00fct\u00e7eleri #EkonomikKriz #Ya\u015famMaliyeti<\/p>\n","protected":false},"excerpt":{"rendered":"<p>Yeni Zelanda ekonomisi, Orta Do\u011fu&#8217;daki gerilimin tetikledi\u011fi enerji fiyatlar\u0131ndaki art\u0131\u015fla sars\u0131l\u0131rken, t\u00fcketici g\u00fcveni son \u00fc\u00e7 y\u0131l\u0131n en d\u00fc\u015f\u00fck seviyesine indi. ANZ-Roy Morgan T\u00fcketici G\u00fcveni endeksi, Nisan ay\u0131nda 11 puanl\u0131k keskin bir d\u00fc\u015f\u00fc\u015fle 80.3 seviyesine gerileyerek, Orta Do\u011fu&#8217;daki \u00e7at\u0131\u015fmalar\u0131n ba\u015flamas\u0131ndan bu yana ge\u00e7en iki ayda toplamda 20 puanl\u0131k bir kay\u0131p ya\u015fad\u0131. Bu durum, \u00fclkenin perakende sekt\u00f6r\u00fc [&hellip;]<\/p>\n","protected":false},"author":2,"featured_media":14317,"comment_status":"open","ping_status":"open","sticky":false,"template":"","format":"standard","meta":{"footnotes":""},"categories":[37],"tags":[],"class_list":["post-14316","post","type-post","status-publish","format-standard","has-post-thumbnail","hentry","category-orta-dogu-haberleri"],"_links":{"self":[{"href":"https:\/\/fajr.news\/index.php?rest_route=\/wp\/v2\/posts\/14316","targetHints":{"allow":["GET"]}}],"collection":[{"href":"https:\/\/fajr.news\/index.php?rest_route=\/wp\/v2\/posts"}],"about":[{"href":"https:\/\/fajr.news\/index.php?rest_route=\/wp\/v2\/types\/post"}],"author":[{"embeddable":true,"href":"https:\/\/fajr.news\/index.php?rest_route=\/wp\/v2\/users\/2"}],"replies":[{"embeddable":true,"href":"https:\/\/fajr.news\/index.php?rest_route=%2Fwp%2Fv2%2Fcomments&post=14316"}],"version-history":[{"count":0,"href":"https:\/\/fajr.news\/index.php?rest_route=\/wp\/v2\/posts\/14316\/revisions"}],"wp:featuredmedia":[{"embeddable":true,"href":"https:\/\/fajr.news\/index.php?rest_route=\/wp\/v2\/media\/14317"}],"wp:attachment":[{"href":"https:\/\/fajr.news\/index.php?rest_route=%2Fwp%2Fv2%2Fmedia&parent=14316"}],"wp:term":[{"taxonomy":"category","embeddable":true,"href":"https:\/\/fajr.news\/index.php?rest_route=%2Fwp%2Fv2%2Fcategories&post=14316"},{"taxonomy":"post_tag","embeddable":true,"href":"https:\/\/fajr.news\/index.php?rest_route=%2Fwp%2Fv2%2Ftags&post=14316"}],"curies":[{"name":"wp","href":"https:\/\/api.w.org\/{rel}","templated":true}]}}