{"id":14286,"date":"2026-05-01T11:11:00","date_gmt":"2026-05-01T07:41:00","guid":{"rendered":"https:\/\/fajr.news\/?p=14286"},"modified":"2026-05-01T11:11:00","modified_gmt":"2026-05-01T07:41:00","slug":"orta-dogudaki-dususe-ragmen-kuresel-hava-talebi-21-artti","status":"publish","type":"post","link":"https:\/\/fajr.news\/?p=14286&lang=tr","title":{"rendered":"Orta Do\u011fu&#8217;daki D\u00fc\u015f\u00fc\u015fe Ra\u011fmen K\u00fcresel Hava Talebi %2,1 Artt\u0131"},"content":{"rendered":"<p>Uluslararas\u0131 Hava Ta\u015f\u0131mac\u0131l\u0131\u011f\u0131 Birli\u011fi (IATA) verilerine g\u00f6re, Mart 2026&#8217;da k\u00fcresel hava yolu yolcu talebi bir \u00f6nceki y\u0131la g\u00f6re %2,1 art\u0131\u015f g\u00f6sterdi. Ancak, Orta Do\u011fu&#8217;daki hava trafi\u011findeki keskin d\u00fc\u015f\u00fc\u015f, bu b\u00fcy\u00fcmeyi s\u0131n\u0131rlad\u0131.<\/p>\n<p>28 \u015eubat 2026&#8217;da b\u00f6lgede ya\u015fanan gerilimlerin ard\u0131ndan uygulanan hava sahas\u0131 k\u0131s\u0131tlamalar\u0131 nedeniyle havayolu \u015firketleri seferlerini azalt\u0131rken, toplam koltuk kapasitesi y\u0131ll\u0131k bazda %1,7 d\u00fc\u015ft\u00fc. K\u00fcresel doluluk oranlar\u0131 ise %83,6&#8217;ya y\u00fckseldi.<\/p>\n<p>Uluslararas\u0131 talep, Mart 2021&#8217;den bu yana ilk kez y\u0131ll\u0131k bazda %0,6 azald\u0131; bu d\u00fc\u015f\u00fc\u015f, k\u00fcresel seyahatin pandemi kaynakl\u0131 aksakl\u0131klardan toparland\u0131\u011f\u0131 d\u00f6nemin ard\u0131ndan geldi. D\u00fc\u015f\u00fc\u015f\u00fcn ana nedeni, Orta Do\u011fu&#8217;daki yayg\u0131n hava sahas\u0131 kapan\u0131\u015flar\u0131n\u0131n ard\u0131ndan b\u00f6lge havayollar\u0131n\u0131n trafi\u011finde ya\u015fanan %60,8&#8217;lik azalmayd\u0131. Uluslararas\u0131 rotalardaki kapasite %6,2 d\u00fc\u015ferken, azalan arz nedeniyle doluluk oranlar\u0131 %84,1&#8217;e y\u00fckseldi.<\/p>\n<p>\u0130\u00e7 pazarlar, talebin y\u0131ll\u0131k %6,5 artmas\u0131 ve kapasitenin %5,6 y\u00fckselmesiyle d\u00fc\u015f\u00fc\u015f\u00fcn bir k\u0131sm\u0131n\u0131 telafi etti. \u00c7in, Brezilya, Avustralya ve Japonya&#8217;daki g\u00fc\u00e7l\u00fc b\u00fcy\u00fcmenin deste\u011fiyle doluluk oranlar\u0131 %83,0&#8217;a ula\u015ft\u0131; ancak Hindistan&#8217;daki i\u00e7 trafik %1,0 d\u00fc\u015ft\u00fc.<\/p>\n<p>B\u00f6lgesel performans farkl\u0131l\u0131k g\u00f6sterdi. Asya-Pasifik havayollar\u0131, 17 \u015eubat &#8211; 3 Mart 2026 tarihleri aras\u0131ndaki Ay Yeni Y\u0131l\u0131 seyahatlerinin son d\u00f6neminin deste\u011fiyle talepte %11,5&#8217;lik bir art\u0131\u015f kaydetti. Avrupal\u0131 ta\u015f\u0131y\u0131c\u0131lar %7,7 b\u00fcy\u00fcrken, havayollar\u0131n\u0131n b\u00f6lgeden uzakla\u015farak rotalar\u0131n\u0131 de\u011fi\u015ftirmesiyle Avrupa ile Asya aras\u0131ndaki trafik %29,3 artt\u0131.<\/p>\n<p>Kuzey Amerikal\u0131 ta\u015f\u0131y\u0131c\u0131lar %3,7 b\u00fcy\u00fcme bildirirken, Latin Amerika ve Afrika s\u0131ras\u0131yla %12,1 ve %19,2&#8217;lik art\u0131\u015flar ya\u015fad\u0131. Buna kar\u015f\u0131l\u0131k, Orta Do\u011fu havayollar\u0131 talepte %60,8&#8217;lik bir d\u00fc\u015f\u00fc\u015f ve kapasitede %56,9&#8217;luk bir azalma kaydetti; doluluk oranlar\u0131 %67,8&#8217;e geriledi. Bu durum, b\u00f6lge genelindeki uzun s\u00fcreli hava sahas\u0131 k\u0131s\u0131tlamalar\u0131n\u0131n etkisini a\u00e7\u0131k\u00e7a yans\u0131tmaktad\u0131r.<\/p>\n<p>IATA Genel Direkt\u00f6r\u00fc Willie Walsh, &#8220;Orta Do\u011fu&#8217;daki aksakl\u0131klara ra\u011fmen Mart ay\u0131nda hava yolculu\u011fu talebi artmaya devam etti. Ancak, Orta Do\u011fu&#8217;daki ta\u015f\u0131y\u0131c\u0131lar\u0131n uluslararas\u0131 trafi\u011findeki yakla\u015f\u0131k %61&#8217;lik d\u00fc\u015f\u00fc\u015f, k\u00fcresel b\u00fcy\u00fcmeyi %2,1 ile s\u0131n\u0131rlad\u0131. Orta Do\u011fu d\u0131\u015f\u0131ndaki talep ise %8 oran\u0131nda b\u00fcy\u00fcd\u00fc&#8221; dedi.<\/p>\n<p>Bu veriler, havayolu \u015firketlerinin Orta Do\u011fu&#8217;daki tedarik rotalar\u0131nda hem hava sahas\u0131 eri\u015fimini hem de k\u00fcresel yak\u0131t lojisti\u011fini etkileyen aksakl\u0131klara yan\u0131t vermeye devam etti\u011fi bir d\u00f6nemde ortaya \u00e7\u0131kt\u0131. Bloomberg verilerine g\u00f6re, jet yak\u0131t\u0131 fiyatlar\u0131 \u00e7at\u0131\u015fma \u00f6ncesi ton ba\u015f\u0131na yakla\u015f\u0131k 831 ABD dolar\u0131ndan, Nisan 2026 ba\u015f\u0131nda 1.838 ABD dolar\u0131na kadar y\u00fckseldi ve ard\u0131ndan yakla\u015f\u0131k 1.560 ABD dolar\u0131na geriledi. Tedarik devam etse de, y\u00fcksek fiyatlar havayolu marjlar\u0131 ve rota ekonomileri \u00fczerinde bask\u0131 olu\u015fturuyor. EasyJet, Mart 2026&#8217;da yakla\u015f\u0131k 25 milyon ABD dolar\u0131 ek yak\u0131t maliyeti bildirdi.<\/p>\n<p>Walsh ayr\u0131ca, talep ve ileriye d\u00f6n\u00fck rezervasyonlar istikrarl\u0131 kalsa bile artan yak\u0131t maliyetlerinin yolcu davran\u0131\u015flar\u0131n\u0131 etkilemeye ba\u015flayabilece\u011fi konusunda uyard\u0131. &#8220;Herkes jet yak\u0131t\u0131nda hem arz hem de fiyatland\u0131rma a\u00e7\u0131s\u0131ndan neler oldu\u011funu izliyor&#8221; diyen Walsh, &#8220;Bu durum Mart ay\u0131 trafi\u011fini veya bug\u00fcne kadarki ileriye d\u00f6n\u00fck rezervasyonlar\u0131 etkilememi\u015f olsa da, y\u00fcksek fiyatlar\u0131n yolcu davran\u0131\u015flar\u0131n\u0131 ne zaman de\u011fi\u015ftirmeye ba\u015flayaca\u011f\u0131 hen\u00fcz belirsizli\u011fini koruyor&#8221; ifadelerini kulland\u0131.<\/p>\n<p>Havayolu \u015firketleri, aksakl\u0131klara yan\u0131t olarak operasyonlar\u0131n\u0131 \u015fimdiden ayarl\u0131yor. Cathay Pacific, Dubai ve Riyad&#8217;a olan u\u00e7u\u015flar\u0131n\u0131 30 Haziran 2026&#8217;ya kadar ask\u0131ya al\u0131rken, May\u0131s ve Haziran aylar\u0131 aras\u0131nda yolcu kapasitesinin yakla\u015f\u0131k %2&#8217;sini azaltt\u0131. British Airways de, 1 Temmuz&#8217;dan itibaren Dubai, Doha ve Tel Aviv&#8217;e olan u\u00e7u\u015flar\u0131n\u0131 g\u00fcnde bire d\u00fc\u015f\u00fcrmek ve May\u0131s ortas\u0131ndan itibaren Riyad seferlerini g\u00fcnde ikiden bire indirmek de dahil olmak \u00fczere a\u011f de\u011fi\u015fikliklerini duyurdu.<\/p>\n<p>Daha fazla bilgi i\u00e7in www.iata.org adresini ziyaret edebilirsiniz.<\/p>\n<p>#HavaYoluTalebi #OrtaDo\u011fuHavaTrafi\u011fi #IATA #K\u00fcreselHavac\u0131l\u0131k #Yak\u0131tFiyatlar\u0131 #HavaSahas\u0131K\u0131s\u0131tlamalar\u0131 #Uluslararas\u0131U\u00e7u\u015flar #B\u00f6lgeselGerilimler #Havayolu\u015eirketleri #SeyahatSekt\u00f6r\u00fc<\/p>\n","protected":false},"excerpt":{"rendered":"<p>Uluslararas\u0131 Hava Ta\u015f\u0131mac\u0131l\u0131\u011f\u0131 Birli\u011fi (IATA) verilerine g\u00f6re, Mart 2026&#8217;da k\u00fcresel hava yolu yolcu talebi bir \u00f6nceki y\u0131la g\u00f6re %2,1 art\u0131\u015f g\u00f6sterdi. Ancak, Orta Do\u011fu&#8217;daki hava trafi\u011findeki keskin d\u00fc\u015f\u00fc\u015f, bu b\u00fcy\u00fcmeyi s\u0131n\u0131rlad\u0131. 28 \u015eubat 2026&#8217;da b\u00f6lgede ya\u015fanan gerilimlerin ard\u0131ndan uygulanan hava sahas\u0131 k\u0131s\u0131tlamalar\u0131 nedeniyle havayolu \u015firketleri seferlerini azalt\u0131rken, toplam koltuk kapasitesi y\u0131ll\u0131k bazda %1,7 d\u00fc\u015ft\u00fc. K\u00fcresel [&hellip;]<\/p>\n","protected":false},"author":2,"featured_media":14287,"comment_status":"open","ping_status":"open","sticky":false,"template":"","format":"standard","meta":{"footnotes":""},"categories":[37],"tags":[],"class_list":["post-14286","post","type-post","status-publish","format-standard","has-post-thumbnail","hentry","category-orta-dogu-haberleri"],"_links":{"self":[{"href":"https:\/\/fajr.news\/index.php?rest_route=\/wp\/v2\/posts\/14286","targetHints":{"allow":["GET"]}}],"collection":[{"href":"https:\/\/fajr.news\/index.php?rest_route=\/wp\/v2\/posts"}],"about":[{"href":"https:\/\/fajr.news\/index.php?rest_route=\/wp\/v2\/types\/post"}],"author":[{"embeddable":true,"href":"https:\/\/fajr.news\/index.php?rest_route=\/wp\/v2\/users\/2"}],"replies":[{"embeddable":true,"href":"https:\/\/fajr.news\/index.php?rest_route=%2Fwp%2Fv2%2Fcomments&post=14286"}],"version-history":[{"count":0,"href":"https:\/\/fajr.news\/index.php?rest_route=\/wp\/v2\/posts\/14286\/revisions"}],"wp:featuredmedia":[{"embeddable":true,"href":"https:\/\/fajr.news\/index.php?rest_route=\/wp\/v2\/media\/14287"}],"wp:attachment":[{"href":"https:\/\/fajr.news\/index.php?rest_route=%2Fwp%2Fv2%2Fmedia&parent=14286"}],"wp:term":[{"taxonomy":"category","embeddable":true,"href":"https:\/\/fajr.news\/index.php?rest_route=%2Fwp%2Fv2%2Fcategories&post=14286"},{"taxonomy":"post_tag","embeddable":true,"href":"https:\/\/fajr.news\/index.php?rest_route=%2Fwp%2Fv2%2Ftags&post=14286"}],"curies":[{"name":"wp","href":"https:\/\/api.w.org\/{rel}","templated":true}]}}