{"id":14142,"date":"2026-05-01T07:40:01","date_gmt":"2026-05-01T04:10:01","guid":{"rendered":"https:\/\/fajr.news\/?p=14142"},"modified":"2026-05-01T07:40:01","modified_gmt":"2026-05-01T04:10:01","slug":"orta-dogu-krizi-asyanin-elektrifikasyon-hamlesini-hizlandiriyor","status":"publish","type":"post","link":"https:\/\/fajr.news\/?p=14142&lang=tr","title":{"rendered":"Orta Do\u011fu Krizi Asya&#8217;n\u0131n Elektrifikasyon Hamlesini H\u0131zland\u0131r\u0131yor"},"content":{"rendered":"<p>Orta Do\u011fu krizi, Asya genelinde yak\u0131t k\u0131tl\u0131klar\u0131na, rafineri kesintilerine ve acil durum \u00f6nlemlerine yol a\u00e7arak, ithal petrol ve gaza olan yo\u011fun ba\u011f\u0131ml\u0131l\u0131\u011f\u0131 ortaya \u00e7\u0131kard\u0131. Y\u00fcksek yak\u0131t fiyatlar\u0131, \u00fclkeler uzun vadeli enerji g\u00fcvenli\u011fi ve daha d\u00fc\u015f\u00fck ithalat faturalar\u0131 aray\u0131\u015f\u0131nda oldu\u011fundan, elektrikli ara\u00e7 (EV) benimsenmesinde bir art\u0131\u015fa ve yenilenebilir enerjilerin daha h\u0131zl\u0131 yay\u0131lmas\u0131na neden oluyor. Asya&#8217;n\u0131n enerji kar\u0131\u015f\u0131m\u0131 fosil yak\u0131tlardan uzakla\u015fmaya ba\u015fl\u0131yor; elektrifikasyon ve bataryalar gelecekteki petrol talebi b\u00fcy\u00fcmesini dizginlemeye haz\u0131rlan\u0131yor.<\/p>\n<p>Asya&#8217;n\u0131n Orta Do\u011fu&#8217;dan gelen ham petrol tedarikindeki \u015fok kayb\u0131na ilk tepkisi, k\u00f6m\u00fcr santrallerini \u00e7al\u0131\u015ft\u0131rmak, yak\u0131t tasarrufu yapmak ve alternatif petrol teslimatlar\u0131 i\u00e7in k\u00fcresel piyasalar\u0131 taramak oldu. \u0130ran sava\u015f\u0131 ve H\u00fcrm\u00fcz Bo\u011faz\u0131 krizi, petrol ve gaz t\u00fcketimini azaltmak i\u00e7in acil \u00f6nlemleri tetiklerken, man\u015fetlere \u00e7\u0131kan \u00c7in&#8217;in yenilenebilir enerji ve elektrikli ara\u00e7 patlamas\u0131n\u0131n d\u0131\u015f\u0131nda, G\u00fcney ve G\u00fcneydo\u011fu Asya&#8217;daki sessiz elektrifikasyon devrimi \u015fimdi ivme kazan\u0131yor. Asya mevcut krizi ilk hisseden oldu ve bu kriz sert vurdu.<\/p>\n<p>\u0130ran Krizi, enerji g\u00fcvenli\u011fi aray\u0131\u015f\u0131n\u0131 h\u0131zland\u0131rd\u0131. Rafineriler \u00e7al\u0131\u015fma oranlar\u0131n\u0131 d\u00fc\u015f\u00fcrd\u00fc, bir\u00e7ok \u00fclke yak\u0131t ihracat\u0131n\u0131 yasaklad\u0131 ve baz\u0131lar\u0131 acil durum ilan ederek Covid d\u00f6neminden kalma evden \u00e7al\u0131\u015fma politikalar\u0131n\u0131 geri getirdi. Yak\u0131t fiyatlar\u0131n\u0131n f\u0131rlamas\u0131 ve k\u0131tl\u0131klar\u0131n yakla\u015fmas\u0131yla Asya, enerji kar\u0131\u015f\u0131m\u0131nda b\u00fcy\u00fck bir uzun vadeli yap\u0131sal de\u011fi\u015fime y\u00f6neliyor; yerel yenilenebilir enerjiler ve h\u0131zland\u0131r\u0131lm\u0131\u015f elektrikli ara\u00e7 benimsenmesi, petrol ve gaza olan ba\u011f\u0131ml\u0131l\u0131\u011f\u0131 azalt\u0131yor. Asya \u00fclkeleri fosil yak\u0131t tedariki i\u00e7in artan ithalat faturalar\u0131yla m\u00fccadele ederken, enerji g\u00fcvenli\u011fi her zamankinden daha \u00f6nemli hale geldi. Analistler ve iklim aktivistleri, krizin t\u00fcm Asya h\u00fck\u00fcmetleri i\u00e7in ula\u015f\u0131m ve enerji \u00fcretiminde elektrifikasyonu h\u0131zland\u0131rmak ad\u0131na bir uyand\u0131rma \u00e7a\u011fr\u0131s\u0131 oldu\u011funu belirtiyor.<\/p>\n<p>Elektrikli Ara\u00e7 Sat\u0131\u015flar\u0131 Y\u00fckseliyor<br \/>\nH\u00fcrm\u00fcz Bo\u011faz\u0131&#8217;ndan gelen ham petrol tedarikindeki ani kay\u0131p ve ard\u0131ndan gelen yak\u0131t fiyatlar\u0131ndaki art\u0131\u015f, Asya genelindeki t\u00fcketicileri elektrikli ara\u00e7lara y\u00f6neltti. \u00c7in&#8217;in elektrikli ara\u00e7 \u00fcreticileri, elektrifikasyon i\u00e7in yenilenen bu hamlenin ba\u015fl\u0131ca faydalan\u0131c\u0131lar\u0131 olurken, G\u00fcney ve G\u00fcneydo\u011fu Asya&#8217;daki sat\u0131\u015flar son iki ayda f\u0131rlad\u0131. Asl\u0131na bak\u0131l\u0131rsa, G\u00fcneydo\u011fu Asya, \u0130ran sava\u015f\u0131ndan \u00f6nce bile k\u00fcresel elektrikli ara\u00e7 benimsenmesinde ba\u015f\u0131 \u00e7ekiyordu. Enerji d\u00fc\u015f\u00fcnce kurulu\u015fu Ember&#8217;in Aral\u0131k 2025&#8217;te, Orta Do\u011fu&#8217;daki sava\u015f\u0131n enerji piyasalar\u0131n\u0131 sarsmas\u0131ndan iki ay \u00f6nce yapt\u0131\u011f\u0131 bir analiz, G\u00fcneydo\u011fu Asya \u00dclkeleri Birli\u011fi (ASEAN) blo\u011fu \u00fclkelerinin d\u00fcnyadaki herhangi bir \u00fclkeye g\u00f6re en y\u00fcksek elektrikli ara\u00e7 sat\u0131\u015f penetrasyonuna sahip oldu\u011funu g\u00f6sterdi. Singapur, Vietnam, Tayland ve Endonezya gibi \u00fclkelerde yeni binek otomobil sat\u0131\u015flar\u0131ndaki elektrikli ara\u00e7 pay\u0131, ABD, AB ve Birle\u015fik Krall\u0131k gibi geleneksel otomotiv pazarlar\u0131n\u0131 geride b\u0131rakm\u0131\u015f durumda.<\/p>\n<p>Ember&#8217;de Elektrik ve Veri Analisti Euan Graham, Aral\u0131k ay\u0131nda yapt\u0131\u011f\u0131 a\u00e7\u0131klamada, &#8220;Elektrikli ara\u00e7 b\u00fcy\u00fcmesinin Avrupa ve \u00c7in d\u0131\u015f\u0131nda duraca\u011f\u0131 varsay\u0131m\u0131 art\u0131k ge\u00e7erlili\u011fini yitirmi\u015ftir. Geli\u015fmekte olan piyasalar, k\u00fcresel otomobil pazar\u0131n\u0131n gelece\u011fini \u015fekillendirecektir,&#8221; dedi. Mart ve Nisan aylar\u0131ndaki b\u00fcy\u00fck tedarik \u015fokunun ard\u0131ndan, elektrikli ara\u00e7 sat\u0131\u015flar\u0131 t\u00fcm pazarlarda h\u0131zlan\u0131rken, Asya&#8217;da g\u00fcne\u015f ve r\u00fczgar enerjisi \u00fcretim kapasitesi eklemeleri i\u00e7in kurulumlar ve planlar da art\u0131yor.<\/p>\n<p>Petrol ve gaz krizi, Asya&#8217;n\u0131n t\u00fcketiminin \u00e7o\u011fu i\u00e7in fosil yak\u0131t ithalat\u0131na ba\u011f\u0131ml\u0131l\u0131k konusundaki k\u0131r\u0131lganl\u0131\u011f\u0131n\u0131 ortaya \u00e7\u0131kard\u0131. H\u00fcrm\u00fcz Bo\u011faz\u0131 art\u0131k g\u00fcvenilir bir enerji tedarik yolu olarak kabul edilmezken, Asya, Rusya&#8217;n\u0131n Ukrayna&#8217;y\u0131 i\u015fgalinin ard\u0131ndan \u00e7o\u011fu Avrupal\u0131 m\u00fc\u015fteriye Rus boru hatt\u0131 gaz\u0131 teslimatlar\u0131n\u0131n kesilmesiyle Avrupa&#8217;n\u0131n d\u00f6rt y\u0131l \u00f6nce y\u00fczle\u015fmek zorunda kald\u0131\u011f\u0131 &#8220;Ukrayna an\u0131&#8221; ile kar\u015f\u0131 kar\u015f\u0131ya. Ember&#8217;in Y\u00f6neticisi Daan Walter ge\u00e7en ay, &#8220;Asya&#8217;n\u0131n petrol k\u0131r\u0131lganl\u0131\u011f\u0131 mevcut krizle ortaya \u00e7\u0131kt\u0131. Bu, Asya&#8217;n\u0131n Ukrayna an\u0131d\u0131r,&#8221; dedi. Walter, &#8220;1970&#8217;lerin petrol krizlerinden farkl\u0131 olarak, art\u0131k daha iyi bir alternatif var. Elektrikli ara\u00e7lar, benzinli arabalarla giderek daha fazla maliyet rekabeti i\u00e7inde,&#8221; diye ekledi. &#8220;Petroldeki oynakl\u0131k, elektrikli ara\u00e7lar\u0131n gelecekteki \u015foklardan kendilerini korumak isteyen \u00fclkeler i\u00e7in sa\u011fduyulu bir se\u00e7im oldu\u011fu anlam\u0131na geliyor.&#8221;<\/p>\n<p>Yenilenebilir Enerjiler ve Bataryalar Y\u00fckseli\u015fe Ge\u00e7meye Haz\u0131r<br \/>\nMevcut petrol ve gaz tedarik \u015foku ortas\u0131nda, yenilenebilir elektrik ve batarya elektrik depolama sistemleri (BESS) de \u00f6nem kazan\u0131yor. Reuters k\u00f6\u015fe yazar\u0131 Clyde Russell, Fastmarkets&#8217;in Hanoi&#8217;deki son Asya Batarya Hammaddeleri ve Geri D\u00f6n\u00fc\u015f\u00fcm Konferans\u0131&#8217;ndaki tahminlerine at\u0131fta bulunarak, \u00c7in dahil Asya&#8217;daki BESS kurulumlar\u0131n\u0131n \u00f6n\u00fcm\u00fczdeki on y\u0131l i\u00e7inde s\u0131\u00e7rama yapmas\u0131n\u0131n beklendi\u011fini belirtiyor. Fastmarkets&#8217;in projeksiyonlar\u0131na g\u00f6re, k\u00fcresel olarak BESS kapasite eklemelerinin 2025 ile 2036 y\u0131llar\u0131 aras\u0131nda dokuz kat artmas\u0131 bekleniyor.<\/p>\n<p>D\u00f6rt y\u0131l i\u00e7indeki ikinci enerji krizi, \u015fimdi k\u00fcresel elektrifikasyon hamlesini h\u0131zland\u0131r\u0131yor, \u00f6zellikle de H\u00fcrm\u00fcz Bo\u011faz\u0131&#8217;n\u0131n kapanmas\u0131ndan en k\u00f6t\u00fc etkilenen b\u00f6lge olan Asya&#8217;da. 1970&#8217;lerin petrol \u015foklar\u0131yla kar\u015f\u0131la\u015ft\u0131r\u0131ld\u0131\u011f\u0131nda, bu enerji krizi enerji t\u00fcketimindeki baz\u0131 fosil yak\u0131tlar\u0131 de\u011fi\u015ftirmek ve jeopolitik \u00e7alkant\u0131lar ortas\u0131nda belirsiz petrol ve gaz tedarikine olan ba\u011f\u0131ml\u0131l\u0131\u011f\u0131 azaltmak i\u00e7in alternatifler sunuyor. Ember analistleri bu ay\u0131n ba\u015flar\u0131nda, &#8220;G\u00fcn\u00fcm\u00fcz\u00fcn elektroteknolojisi daha ucuz, daha h\u0131zl\u0131 ve daha g\u00fcvenli olup, fosil yak\u0131t talebinin daha da b\u00fcy\u00fck bir segmenti i\u00e7in geri d\u00f6nd\u00fcr\u00fclemez sonu\u00e7lar do\u011furuyor,&#8221; dedi. Mevcut krizin sonu\u00e7lar\u0131, Asya&#8217;n\u0131n elektrifikasyonu h\u0131zland\u0131raca\u011f\u0131 ve karayolu ta\u015f\u0131mac\u0131l\u0131\u011f\u0131 i\u00e7in petrol talebinin azalaca\u011f\u0131 y\u00f6n\u00fcnde olacakt\u0131r. Ember analisti, &#8220;Karayolu ta\u015f\u0131mac\u0131l\u0131\u011f\u0131 i\u00e7in petrol ithalat\u0131n\u0131 elektrikli ara\u00e7larla de\u011fi\u015ftirmek, ithalat\u00e7\u0131lara y\u0131lda 600 milyar dolardan fazla tasarruf sa\u011flayabilir \u2013 bu, herhangi bir \u00fclkenin ithalat faturas\u0131n\u0131 kesmek i\u00e7in sahip oldu\u011fu en b\u00fcy\u00fck kald\u0131ra\u00e7t\u0131r,&#8221; dedi. &#8220;Onlarca y\u0131ld\u0131r petrol talebi b\u00fcy\u00fcmesini y\u00f6nlendiren sekt\u00f6r, \u015fimdi d\u00fc\u015f\u00fc\u015f\u00fcn\u00fc y\u00f6nlendirmeye haz\u0131rlan\u0131yor.&#8221;<\/p>\n<p>Orta Do\u011fu&#8217;dan tedarik eksikli\u011fi, Katar&#8217;\u0131n tam kapasiteye ula\u015fmas\u0131 i\u00e7in beklenen \u00e7ok y\u0131ll\u0131k toparlanma ve yeni kapasite gecikmeleri nedeniyle son haftalarda Asya&#8217;ya LNG ithalat\u0131n\u0131n azalmas\u0131yla, Asya&#8217;daki LNG b\u00fcy\u00fcme hikayesi de sorgulan\u0131yor. Ember, ilk kez petrol ve gaza d\u00fc\u015f\u00fck maliyetli alternatiflerin b\u00fcy\u00fck \u00f6l\u00e7ekte mevcut oldu\u011funu savunuyor. Analistler, &#8220;Soru \u015fu ki, h\u00fck\u00fcmetler elektrik \u00e7a\u011f\u0131na m\u0131 ilerleyecekler yoksa fosil yak\u0131t \u00e7a\u011f\u0131n\u0131 yamalamak i\u00e7in geriye mi d\u00f6necekler,&#8221; diyor.<\/p>\n<p>#AsyaElektrifikasyon #EnerjiG\u00fcvenli\u011fi #ElektrikliAra\u00e7lar #YenilenebilirEnerji #OrtaDo\u011fuKrizi #FosilYak\u0131tlaraVeda #H\u00fcrm\u00fczBo\u011faz\u0131 #BataryaDepolama #\u0130klimDe\u011fi\u015fikli\u011fi #EnerjiD\u00f6n\u00fc\u015f\u00fcm\u00fc<\/p>\n","protected":false},"excerpt":{"rendered":"<p>Orta Do\u011fu krizi, Asya genelinde yak\u0131t k\u0131tl\u0131klar\u0131na, rafineri kesintilerine ve acil durum \u00f6nlemlerine yol a\u00e7arak, ithal petrol ve gaza olan yo\u011fun ba\u011f\u0131ml\u0131l\u0131\u011f\u0131 ortaya \u00e7\u0131kard\u0131. Y\u00fcksek yak\u0131t fiyatlar\u0131, \u00fclkeler uzun vadeli enerji g\u00fcvenli\u011fi ve daha d\u00fc\u015f\u00fck ithalat faturalar\u0131 aray\u0131\u015f\u0131nda oldu\u011fundan, elektrikli ara\u00e7 (EV) benimsenmesinde bir art\u0131\u015fa ve yenilenebilir enerjilerin daha h\u0131zl\u0131 yay\u0131lmas\u0131na neden oluyor. Asya&#8217;n\u0131n enerji [&hellip;]<\/p>\n","protected":false},"author":2,"featured_media":14143,"comment_status":"open","ping_status":"open","sticky":false,"template":"","format":"standard","meta":{"footnotes":""},"categories":[37],"tags":[],"class_list":["post-14142","post","type-post","status-publish","format-standard","has-post-thumbnail","hentry","category-orta-dogu-haberleri"],"_links":{"self":[{"href":"https:\/\/fajr.news\/index.php?rest_route=\/wp\/v2\/posts\/14142","targetHints":{"allow":["GET"]}}],"collection":[{"href":"https:\/\/fajr.news\/index.php?rest_route=\/wp\/v2\/posts"}],"about":[{"href":"https:\/\/fajr.news\/index.php?rest_route=\/wp\/v2\/types\/post"}],"author":[{"embeddable":true,"href":"https:\/\/fajr.news\/index.php?rest_route=\/wp\/v2\/users\/2"}],"replies":[{"embeddable":true,"href":"https:\/\/fajr.news\/index.php?rest_route=%2Fwp%2Fv2%2Fcomments&post=14142"}],"version-history":[{"count":0,"href":"https:\/\/fajr.news\/index.php?rest_route=\/wp\/v2\/posts\/14142\/revisions"}],"wp:featuredmedia":[{"embeddable":true,"href":"https:\/\/fajr.news\/index.php?rest_route=\/wp\/v2\/media\/14143"}],"wp:attachment":[{"href":"https:\/\/fajr.news\/index.php?rest_route=%2Fwp%2Fv2%2Fmedia&parent=14142"}],"wp:term":[{"taxonomy":"category","embeddable":true,"href":"https:\/\/fajr.news\/index.php?rest_route=%2Fwp%2Fv2%2Fcategories&post=14142"},{"taxonomy":"post_tag","embeddable":true,"href":"https:\/\/fajr.news\/index.php?rest_route=%2Fwp%2Fv2%2Ftags&post=14142"}],"curies":[{"name":"wp","href":"https:\/\/api.w.org\/{rel}","templated":true}]}}