{"id":14136,"date":"2026-05-01T07:34:14","date_gmt":"2026-05-01T04:04:14","guid":{"rendered":"https:\/\/fajr.news\/?p=14136"},"modified":"2026-05-01T07:34:14","modified_gmt":"2026-05-01T04:04:14","slug":"trump-yonetiminde-catlak-sesler-yukselen-danisman-iran-ve-ukrayna-gorevlerinden-uzaklastirildi-yalnizca-gazzeye-odaklanacak","status":"publish","type":"post","link":"https:\/\/fajr.news\/?p=14136&lang=tr","title":{"rendered":"Trump Y\u00f6netiminde \u00c7atlak Sesler: Y\u00fckselen Dan\u0131\u015fman \u0130ran ve Ukrayna G\u00f6revlerinden Uzakla\u015ft\u0131r\u0131ld\u0131, Yaln\u0131zca Gazze&#8217;ye Odaklanacak"},"content":{"rendered":"<h1>Trump Y\u00f6netiminde \u00c7atlak Sesler: Y\u00fckselen Dan\u0131\u015fman \u0130ran ve Ukrayna G\u00f6revlerinden Uzakla\u015ft\u0131r\u0131ld\u0131, Yaln\u0131zca Gazze&#8217;ye Odaklanacak<\/h1>\n<p><strong>\u00d6ZEL HABER:<\/strong> Trump y\u00f6netiminin \u00fcst d\u00fczey d\u0131\u015f politika \u00e7evrelerinde h\u0131zla n\u00fcfuz kazanan eski GSA tedarik yetkilisi, k\u0131demli dan\u0131\u015fmanlar\u0131n g\u00f6z\u00fcnden d\u00fc\u015ferek \u0130ran ve Ukrayna dosyalar\u0131ndan uzakla\u015ft\u0131r\u0131ld\u0131. Art\u0131k yaln\u0131zca &#8216;Bar\u0131\u015f Kurulu&#8217; arac\u0131l\u0131\u011f\u0131yla Gazze konular\u0131na odaklanacak.<\/p>\n<p>Konuya yak\u0131n iki kayna\u011fa g\u00f6re, Jared Kushner ve Steve Witkoff&#8217;un eski dan\u0131\u015fman\u0131 Josh Gruenbaum, Rusya-Ukrayna veya \u0130ran konular\u0131nda bu ikiliyle \u00e7al\u0131\u015fmayacak.<\/p>\n<p>Ayn\u0131 kaynaklar, d\u0131\u015f politika meselelerinde Gruenbaum&#8217;un yaln\u0131zca Gazze konular\u0131nda &#8216;Bar\u0131\u015f Kurulu&#8217;nda g\u00f6rev yapaca\u011f\u0131n\u0131 belirtti. Kurulun ABD h\u00fck\u00fcmetinden ba\u011f\u0131ms\u0131z \u00e7al\u0131\u015fmas\u0131 gereken uluslararas\u0131 bir kurulu\u015f oldu\u011fu vurgulansa da, bu durumun ne kadar ger\u00e7ek\u00e7i oldu\u011fu tart\u0131\u015fma konusu.<\/p>\n<p>Trump y\u00f6netimi, grubun g\u00fcnl\u00fck i\u015fleyi\u015finin ayr\u0131 olmas\u0131n\u0131 sa\u011flamak i\u00e7in ad\u0131mlar atsa da, Ba\u015fkan Donald Trump&#8217;\u0131n kurulun ba\u015fkan\u0131 olmas\u0131 ve di\u011fer k\u0131demli ABD&#8217;li yetkililerin y\u00f6netim kurulunda yer almas\u0131, ba\u011f\u0131ms\u0131zl\u0131k iddialar\u0131n\u0131 g\u00f6lgeliyor.<\/p>\n<p>Gruenbaum&#8217;un g\u00f6revden al\u0131nmas\u0131, son haftalarda Beyaz Saray ve y\u00f6netimin di\u011fer kademelerindeki baz\u0131 \u00fcst d\u00fczey dan\u0131\u015fmanlar\u0131n g\u00f6z\u00fcnden d\u00fc\u015fmesinin ard\u0131ndan geldi. Y\u00f6netimdeki personel dinamiklerini tart\u0131\u015fmak i\u00e7in isimlerinin gizli kalmas\u0131 ko\u015fuluyla konu\u015fan kaynaklar, bu durumun Trump ekibindeki i\u00e7 \u00e7at\u0131\u015fmalar\u0131n bir g\u00f6stergesi oldu\u011funu belirtti.<\/p>\n<p>40 ya\u015f\u0131ndaki eski Wall Street y\u00f6neticisi Gruenbaum, y\u00f6netimde h\u0131zl\u0131 bir y\u00fckseli\u015f ya\u015fam\u0131\u015ft\u0131. Ocak 2025&#8217;te Genel Hizmetler \u0130daresi&#8217;nin Federal Sat\u0131n Alma Hizmeti&#8217;ne liderlik etmek \u00fczere g\u00f6revlendirilen Gruenbaum, bu pozisyonu Witkoff ve Kushner ile yak\u0131n ba\u011flar kurmak i\u00e7in kulland\u0131. \u0130lk olarak Ekim 2025&#8217;te tamamlanan Gazze ate\u015fkes anla\u015fmas\u0131 \u00fczerinde onlarla birlikte \u00e7al\u0131\u015ft\u0131.<\/p>\n<p>Bu ba\u011flant\u0131lar\u0131 daha geni\u015f bir g\u00f6rev alan\u0131na ta\u015f\u0131yan Gruenbaum, kendisini y\u00f6netimin en hassas d\u0131\u015f politika \u00e7al\u0131\u015fmalar\u0131ndan baz\u0131lar\u0131n\u0131n i\u00e7ine soktu. Profili, bu y\u0131l Ocak ay\u0131nda Kushner ve Witkoff ile birlikte Kremlin&#8217;de Rusya Devlet Ba\u015fkan\u0131 Vladimir Putin ile g\u00f6r\u00fc\u015f\u00fcrken foto\u011fraflanmas\u0131yla zirveye ula\u015fm\u0131\u015ft\u0131.<\/p>\n<p>Ancak kaynaklardan biri, Gruenbaum&#8217;un kendini tan\u0131tma e\u011filimi ve agresif \u00e7al\u0131\u015fma tarz\u0131n\u0131n Trump&#8217;\u0131n di\u011fer k\u0131demli dan\u0131\u015fmanlar\u0131ndan baz\u0131lar\u0131n\u0131 rahats\u0131z etti\u011fini belirtti. \u00c7e\u015fitli y\u00f6netim yetkililerini telefon ya\u011fmuruna tuttu\u011fu ve ad\u0131n\u0131n haberlerde ve resmi ileti\u015fimlerde nas\u0131l yer ald\u0131\u011f\u0131na a\u015f\u0131r\u0131 odakland\u0131\u011f\u0131 ifade edildi.<\/p>\n<p>Kushner ve Witkoff, Gruenbaum&#8217;un m\u00fcttefiki olmaya devam etse de, kaynaklardan birine g\u00f6re ikili, onun g\u00f6revlerinin azalt\u0131lmas\u0131na engel olmad\u0131. Bu durum, Beyaz Saray&#8217;daki g\u00fc\u00e7 dengelerinin ne kadar k\u0131r\u0131lgan oldu\u011funu g\u00f6zler \u00f6n\u00fcne seriyor.<\/p>\n<p>Beyaz Saray s\u00f6zc\u00fcs\u00fc Anna Kelly, Gruenbaum&#8217;un &#8216;Bar\u0131\u015f Kurulu&#8217;ndaki rol\u00fcyle &#8216;Ba\u015fkan&#8217;\u0131n k\u00fcresel istikrar\u0131 art\u0131rma g\u00fcndemini ilerletmeye devam edece\u011fini&#8217; s\u00f6ylese de, bu a\u00e7\u0131klama, ya\u015fanan g\u00f6revden alma ve d\u0131\u015flama ger\u00e7e\u011fini \u00f6rtbas etme \u00e7abas\u0131 olarak yorumland\u0131.<\/p>\n<p>Gruenbaum ise sorular\u0131 Beyaz Saray&#8217;a y\u00f6nlendirdi.<\/p>\n<p>&#8216;Bar\u0131\u015f Kurulu&#8217; s\u00f6zc\u00fcs\u00fc Brad Klapper ise, &#8216;Josh&#8217;un, ba\u015fkan\u0131n imza niteli\u011findeki d\u0131\u015f politika hedeflerinden biri olan Orta Do\u011fu&#8217;da bar\u0131\u015f ve refah\u0131 ilerletmemize yard\u0131mc\u0131 olmas\u0131ndan dolay\u0131 \u00e7ok minnettar\u0131z&#8217; dedi ve &#8216;Josh, bu t\u00fcm \u00e7aban\u0131n kritik bir lideridir&#8217; diye ekledi. Ancak bu t\u00fcr \u00f6vg\u00fclerin, Gruenbaum&#8217;un yetkilerinin k\u0131s\u0131tlanmas\u0131 ger\u00e7e\u011fiyle \u00e7eli\u015fti\u011fi a\u015fik\u00e2r.<\/p>\n<p>Ge\u00e7en hafta POLITICO, Gruenbaum&#8217;un GSA&#8217;daki tedarik ba\u015fkanl\u0131\u011f\u0131 g\u00f6revinden ayr\u0131ld\u0131ktan sonra Beyaz Saray&#8217;a atanaca\u011f\u0131n\u0131 bildirmi\u015fti, ancak o d\u00f6nemde sonraki ad\u0131mlar\u0131n\u0131n somut olmad\u0131\u011f\u0131 belirtildi. O zamandan beri, \u00fcst d\u00fczey yetkililer onu yaln\u0131zca Gazze \u00fczerinde ve Beyaz Saray d\u0131\u015f\u0131nda \u00e7al\u0131\u015fmaya devam ettirme karar\u0131n\u0131 kesinle\u015ftirdi. \u015eu anda GSA&#8217;n\u0131n k\u0131demli dan\u0131\u015fman\u0131 olarak da g\u00f6rev yap\u0131yor.<\/p>\n<p>Kaynaklar, &#8216;Bar\u0131\u015f Kurulu&#8217; pozisyonunun Gruenbaum&#8217;u g\u00fc\u00e7 merkezlerinden uzakla\u015ft\u0131rd\u0131\u011f\u0131n\u0131, kendisinin Beyaz Saray arazisinde bir ofis ve daha resmi bir Beyaz Saray rol\u00fc arad\u0131\u011f\u0131n\u0131 ekledi. Bu durum, onun siyasi kariyerindeki belirgin bir gerilemeyi i\u015faret ediyor.<\/p>\n<p>\u0130lk kaynak, &#8216;Bu adam\u0131 birka\u00e7 ay \u00f6nce Steve ve Jared, Putin ile tan\u0131\u015fmaya g\u00f6t\u00fcrm\u00fc\u015ft\u00fc, \u015fimdi ise Kristi Noem ile bir ofisi payla\u015facak, temelde&#8217; diyerek Gruenbaum&#8217;un d\u00fc\u015f\u00fc\u015f\u00fcn\u00fcn boyutunu g\u00f6zler \u00f6n\u00fcne serdi.<\/p>\n<p>Trump, ge\u00e7en ay \u0130\u00e7 G\u00fcvenlik Bakan\u0131 olarak \u00e7alkant\u0131l\u0131 ve skandallarla dolu bir g\u00f6rev s\u00fcresinin ard\u0131ndan Noem&#8217;i g\u00f6revden alm\u0131\u015ft\u0131. Daha sonra onu uyu\u015fturucu kartellerine kar\u015f\u0131 bir koalisyon olan &#8216;Amerika Kalkan\u0131&#8217;n\u0131n ABD el\u00e7isi olarak atad\u0131. Hem onun hem de &#8216;Bar\u0131\u015f Kurulu&#8217;nun ofisleri, Beyaz Saray&#8217;dan bir mil uzakta olan ve \u015fimdi Trump&#8217;\u0131n ad\u0131n\u0131 ta\u015f\u0131yan &#8216;Bar\u0131\u015f Enstit\u00fcs\u00fc&#8217;nde bulunuyor. Bu durum, Trump&#8217;\u0131n y\u00f6netimdeki ki\u015fiselle\u015ftirilmi\u015f yakla\u015f\u0131mlar\u0131n\u0131 ve kadro de\u011fi\u015fikliklerini bir kez daha g\u00f6zler \u00f6n\u00fcne seriyor.<\/p>\n<p>Gruenbaum, g\u00f6rev alan\u0131 geni\u015fledik\u00e7e ve di\u011fer politika alanlar\u0131na dahil olduk\u00e7a Witkoff ve Kushner ile erken d\u00f6nemdeki uyumunu s\u00fcrd\u00fcremedi. Ancak Gazze ile ilgili konularda Kushner ve Witkoff&#8217;a dan\u0131\u015fmanl\u0131k yapmaya devam edecek. &#8216;Bar\u0131\u015f Kurulu&#8217;ndaki g\u00f6revine Ekim ay\u0131nda yar\u0131 zamanl\u0131 olarak ba\u015flam\u0131\u015ft\u0131.<\/p>\n<p>Ge\u00e7en y\u0131l GSA&#8217;da g\u00f6reve ba\u015flad\u0131\u011f\u0131nda Gruenbaum, Trump y\u00f6netiminin ba\u015flang\u0131c\u0131nda federal sat\u0131n alma s\u00fcrecini elden ge\u00e7irme \u00e7abas\u0131 olan DOGE giri\u015fimi kapsam\u0131nda GSA&#8217;ya yerle\u015ftirilen Elon Musk m\u00fcttefikleri grubunun bir par\u00e7as\u0131yd\u0131. Ancak Musk&#8217;\u0131n ge\u00e7en May\u0131s ay\u0131nda Washington&#8217;dan ayr\u0131lmas\u0131n\u0131n ard\u0131ndan bu \u00e7aba da ivme kaybetmi\u015fti.<\/p>\n<p>Gruenbaum, \u015eubat ay\u0131nda Wall Street Journal&#8217;da geni\u015f bir profille yer alm\u0131\u015ft\u0131. Bu profilde, GSA&#8217;dan \u00fcst d\u00fczey d\u0131\u015f politika \u00e7evrelerine s\u0131ra d\u0131\u015f\u0131 h\u0131zl\u0131 y\u00fckseli\u015fi, f\u00fcze teknolojisinin h\u00fck\u00fcmet taraf\u0131ndan sat\u0131n al\u0131nmas\u0131na y\u00f6nelik al\u0131\u015f\u0131lmad\u0131k \u00f6nerileri ve federal bir s\u00f6zle\u015fmeyle ba\u011flant\u0131l\u0131 potansiyel \u00e7\u0131kar \u00e7at\u0131\u015fmalar\u0131 vurgulanm\u0131\u015ft\u0131. Bu detaylar, onun kariyerindeki \u015faibeli noktalar\u0131 ve y\u00f6netimdeki i\u00e7 sorunlar\u0131 daha da derinle\u015ftiriyor.<\/p>\n<p>#TrumpY\u00f6netimi #ABDd\u0131\u015fpolitikas\u0131 #JoshGruenbaum #Gazze #\u0130ran #Ukrayna #BeyazSaray #\u0130\u00e7\u00c7at\u0131\u015fma #Bar\u0131\u015fKurulu #Ortado\u011fu<\/p>\n","protected":false},"excerpt":{"rendered":"<p>Trump Y\u00f6netiminde \u00c7atlak Sesler: Y\u00fckselen Dan\u0131\u015fman \u0130ran ve Ukrayna G\u00f6revlerinden Uzakla\u015ft\u0131r\u0131ld\u0131, Yaln\u0131zca Gazze&#8217;ye Odaklanacak \u00d6ZEL HABER: Trump y\u00f6netiminin \u00fcst d\u00fczey d\u0131\u015f politika \u00e7evrelerinde h\u0131zla n\u00fcfuz kazanan eski GSA tedarik yetkilisi, k\u0131demli dan\u0131\u015fmanlar\u0131n g\u00f6z\u00fcnden d\u00fc\u015ferek \u0130ran ve Ukrayna dosyalar\u0131ndan uzakla\u015ft\u0131r\u0131ld\u0131. Art\u0131k yaln\u0131zca &#8216;Bar\u0131\u015f Kurulu&#8217; arac\u0131l\u0131\u011f\u0131yla Gazze konular\u0131na odaklanacak. Konuya yak\u0131n iki kayna\u011fa g\u00f6re, Jared Kushner ve [&hellip;]<\/p>\n","protected":false},"author":2,"featured_media":0,"comment_status":"open","ping_status":"open","sticky":false,"template":"","format":"standard","meta":{"footnotes":""},"categories":[31],"tags":[],"class_list":["post-14136","post","type-post","status-publish","format-standard","hentry","category-iran-haberleri"],"_links":{"self":[{"href":"https:\/\/fajr.news\/index.php?rest_route=\/wp\/v2\/posts\/14136","targetHints":{"allow":["GET"]}}],"collection":[{"href":"https:\/\/fajr.news\/index.php?rest_route=\/wp\/v2\/posts"}],"about":[{"href":"https:\/\/fajr.news\/index.php?rest_route=\/wp\/v2\/types\/post"}],"author":[{"embeddable":true,"href":"https:\/\/fajr.news\/index.php?rest_route=\/wp\/v2\/users\/2"}],"replies":[{"embeddable":true,"href":"https:\/\/fajr.news\/index.php?rest_route=%2Fwp%2Fv2%2Fcomments&post=14136"}],"version-history":[{"count":0,"href":"https:\/\/fajr.news\/index.php?rest_route=\/wp\/v2\/posts\/14136\/revisions"}],"wp:attachment":[{"href":"https:\/\/fajr.news\/index.php?rest_route=%2Fwp%2Fv2%2Fmedia&parent=14136"}],"wp:term":[{"taxonomy":"category","embeddable":true,"href":"https:\/\/fajr.news\/index.php?rest_route=%2Fwp%2Fv2%2Fcategories&post=14136"},{"taxonomy":"post_tag","embeddable":true,"href":"https:\/\/fajr.news\/index.php?rest_route=%2Fwp%2Fv2%2Ftags&post=14136"}],"curies":[{"name":"wp","href":"https:\/\/api.w.org\/{rel}","templated":true}]}}