{"id":14130,"date":"2026-05-01T07:29:20","date_gmt":"2026-05-01T03:59:20","guid":{"rendered":"https:\/\/fajr.news\/?p=14130"},"modified":"2026-05-01T07:29:20","modified_gmt":"2026-05-01T03:59:20","slug":"engelli-filistinli-cocuga-isgalci-israil-guclerinden-saldiri-dogu-kuduste-insanlik-disi-olay","status":"publish","type":"post","link":"https:\/\/fajr.news\/?p=14130&lang=tr","title":{"rendered":"Engelli Filistinli \u00c7ocu\u011fa \u0130\u015fgalci \u0130srail G\u00fc\u00e7lerinden Sald\u0131r\u0131: Do\u011fu Kud\u00fcs&#8217;te \u0130nsanl\u0131k D\u0131\u015f\u0131 Olay"},"content":{"rendered":"<h1>Engelli Filistinli \u00c7ocu\u011fa \u0130\u015fgalci \u0130srail G\u00fc\u00e7lerinden Sald\u0131r\u0131: Do\u011fu Kud\u00fcs&#8217;te \u0130nsanl\u0131k D\u0131\u015f\u0131 Olay<\/h1>\n<p>\u0130\u015fgal alt\u0131ndaki Do\u011fu Kud\u00fcs&#8217;te, insanl\u0131k vicdan\u0131n\u0131 s\u0131zlatan bir olay ya\u015fand\u0131. <strong>\u0130\u015fgalci \u0130srail g\u00fc\u00e7leri<\/strong>, engelli bir Filistinli \u00e7ocu\u011fu ve karde\u015fini bask\u0131n s\u0131ras\u0131nda ac\u0131mas\u0131zca darp etti. Anadolu Ajans\u0131&#8217;n\u0131n yerel kaynaklara dayand\u0131rd\u0131\u011f\u0131 habere g\u00f6re, bu vah\u015fet per\u015fembe g\u00fcn\u00fc ger\u00e7ekle\u015fti.<\/p>\n<p>Sosyal medyada h\u0131zla yay\u0131lan bir video kayd\u0131, \u0130srail askerlerinin Do\u011fu Kud\u00fcs&#8217;\u00fcn kuzeydo\u011fusundaki \u015eufat m\u00fclteci kamp\u0131 sokaklar\u0131nda <em>engelli bir \u00e7ocu\u011fu kovalad\u0131\u011f\u0131n\u0131<\/em> g\u00f6zler \u00f6n\u00fcne serdi. G\u00f6r\u00fcnt\u00fclerde, korku ve \u015fa\u015fk\u0131nl\u0131k i\u00e7indeki \u00e7ocu\u011fun k\u00f6\u015feye s\u0131k\u0131\u015ft\u0131r\u0131larak fiziksel \u015fiddete maruz kald\u0131\u011f\u0131 anlar y\u00fcrekleri da\u011flad\u0131.<\/p>\n<p>Kaynaklar, Anadolu&#8217;ya yapt\u0131klar\u0131 a\u00e7\u0131klamada, &#8220;\u0130srail askerleri, \u00e7ocu\u011fun bariz t\u0131bbi durumuna ra\u011fmen onu kovalamaya devam etti&#8221; ifadelerini kullanarak i\u015fgal g\u00fc\u00e7lerinin vicdans\u0131zl\u0131\u011f\u0131n\u0131 bir kez daha g\u00f6zler \u00f6n\u00fcne serdi.<\/p>\n<p><strong>Mahdi Abu Talib<\/strong> olarak te\u015fhis edilen engelli \u00e7ocuk k\u0131sa s\u00fcreli\u011fine g\u00f6zalt\u0131na al\u0131n\u0131rken, karde\u015fi ise vah\u015fice darp edildi. Bu olay, i\u015fgal alt\u0131ndaki topraklarda Filistinlilere y\u00f6nelik sistematik zulm\u00fcn yeni bir \u00f6rne\u011fi oldu.<\/p>\n<h2>\u0130\u015fgal ve Zul\u00fcm T\u0131rman\u0131yor<\/h2>\n<p>\u0130\u015fgalci \u0130srail ordusu ve yerle\u015fimcileri, Ekim 2023&#8217;te ba\u015flayan Gazze sava\u015f\u0131ndan bu yana i\u015fgal alt\u0131ndaki Bat\u0131 \u015eeria ve Do\u011fu Kud\u00fcs&#8217;te Filistinlilere y\u00f6nelik sald\u0131r\u0131lar\u0131n\u0131 pervas\u0131zca t\u0131rmand\u0131rd\u0131. Bu sald\u0131r\u0131lar, uluslararas\u0131 hukuku hi\u00e7e sayarak masum canlara kastetmeye devam ediyor.<\/p>\n<p>Filistinli kaynaklar\u0131n tahminlerine g\u00f6re, yakla\u015f\u0131k <strong>750.000 i\u015fgalci \u0130srailli yerle\u015fimci<\/strong>, uluslararas\u0131 hukuka g\u00f6re yasa d\u0131\u015f\u0131 kabul edilen yerle\u015fim yerlerinde, Bat\u0131 \u015eeria&#8217;da ve Do\u011fu Kud\u00fcs&#8217;te yakla\u015f\u0131k 250.000&#8217;i olmak \u00fczere ya\u015f\u0131yor. Bu durum, i\u015fgalin derinli\u011fini ve Filistin topraklar\u0131ndaki haks\u0131zl\u0131\u011f\u0131 g\u00f6zler \u00f6n\u00fcne seriyor.<\/p>\n<p>Ekim 2023&#8217;ten bu yana, Filistinli rakamlara g\u00f6re, i\u015fgalci \u0130srail ordusu ve yerle\u015fimcilerin Bat\u0131 \u015eeria&#8217;daki sald\u0131r\u0131lar\u0131nda <strong>1.100&#8217;den fazla Filistinli \u015fehit edildi<\/strong> ve yakla\u015f\u0131k 12.000 ki\u015fi yaraland\u0131. Bu rakamlar, i\u015fgalin kanl\u0131 bilan\u00e7osunu g\u00f6zler \u00f6n\u00fcne seriyor ve uluslararas\u0131 toplumu harekete ge\u00e7meye \u00e7a\u011f\u0131r\u0131yor.<\/p>\n<p>#Filistin #Do\u011fuKud\u00fcs #\u0130srailZulm\u00fc #Engelli\u00c7ocuk #\u0130\u015fgalci\u0130srail #\u015eufat #\u0130nsanl\u0131kSu\u00e7u #SiyonistTer\u00f6r #Bat\u0131\u015eeria #FilistinDavas\u0131<\/p>\n","protected":false},"excerpt":{"rendered":"<p>Engelli Filistinli \u00c7ocu\u011fa \u0130\u015fgalci \u0130srail G\u00fc\u00e7lerinden Sald\u0131r\u0131: Do\u011fu Kud\u00fcs&#8217;te \u0130nsanl\u0131k D\u0131\u015f\u0131 Olay \u0130\u015fgal alt\u0131ndaki Do\u011fu Kud\u00fcs&#8217;te, insanl\u0131k vicdan\u0131n\u0131 s\u0131zlatan bir olay ya\u015fand\u0131. \u0130\u015fgalci \u0130srail g\u00fc\u00e7leri, engelli bir Filistinli \u00e7ocu\u011fu ve karde\u015fini bask\u0131n s\u0131ras\u0131nda ac\u0131mas\u0131zca darp etti. Anadolu Ajans\u0131&#8217;n\u0131n yerel kaynaklara dayand\u0131rd\u0131\u011f\u0131 habere g\u00f6re, bu vah\u015fet per\u015fembe g\u00fcn\u00fc ger\u00e7ekle\u015fti. Sosyal medyada h\u0131zla yay\u0131lan bir video kayd\u0131, [&hellip;]<\/p>\n","protected":false},"author":2,"featured_media":14131,"comment_status":"open","ping_status":"open","sticky":false,"template":"","format":"standard","meta":{"footnotes":""},"categories":[37],"tags":[],"class_list":["post-14130","post","type-post","status-publish","format-standard","has-post-thumbnail","hentry","category-orta-dogu-haberleri"],"_links":{"self":[{"href":"https:\/\/fajr.news\/index.php?rest_route=\/wp\/v2\/posts\/14130","targetHints":{"allow":["GET"]}}],"collection":[{"href":"https:\/\/fajr.news\/index.php?rest_route=\/wp\/v2\/posts"}],"about":[{"href":"https:\/\/fajr.news\/index.php?rest_route=\/wp\/v2\/types\/post"}],"author":[{"embeddable":true,"href":"https:\/\/fajr.news\/index.php?rest_route=\/wp\/v2\/users\/2"}],"replies":[{"embeddable":true,"href":"https:\/\/fajr.news\/index.php?rest_route=%2Fwp%2Fv2%2Fcomments&post=14130"}],"version-history":[{"count":0,"href":"https:\/\/fajr.news\/index.php?rest_route=\/wp\/v2\/posts\/14130\/revisions"}],"wp:featuredmedia":[{"embeddable":true,"href":"https:\/\/fajr.news\/index.php?rest_route=\/wp\/v2\/media\/14131"}],"wp:attachment":[{"href":"https:\/\/fajr.news\/index.php?rest_route=%2Fwp%2Fv2%2Fmedia&parent=14130"}],"wp:term":[{"taxonomy":"category","embeddable":true,"href":"https:\/\/fajr.news\/index.php?rest_route=%2Fwp%2Fv2%2Fcategories&post=14130"},{"taxonomy":"post_tag","embeddable":true,"href":"https:\/\/fajr.news\/index.php?rest_route=%2Fwp%2Fv2%2Ftags&post=14130"}],"curies":[{"name":"wp","href":"https:\/\/api.w.org\/{rel}","templated":true}]}}