{"id":14098,"date":"2026-05-01T06:34:27","date_gmt":"2026-05-01T03:04:27","guid":{"rendered":"https:\/\/fajr.news\/?p=14098"},"modified":"2026-05-01T06:34:27","modified_gmt":"2026-05-01T03:04:27","slug":"trumpin-iran-ablukasinin-aylarca-surebilecegi-uyarisiyla-petrol-fiyatlari-firladi","status":"publish","type":"post","link":"https:\/\/fajr.news\/?p=14098&lang=tr","title":{"rendered":"Trump&#8217;\u0131n \u0130ran Ablukas\u0131n\u0131n Aylarca S\u00fcrebilece\u011fi Uyar\u0131s\u0131yla Petrol Fiyatlar\u0131 F\u0131rlad\u0131"},"content":{"rendered":"<p>Tahran, Washington, Beyrut ve Kud\u00fcs&#8217;teki AFP ekiplerinden gelen haberlere g\u00f6re, ABD Ba\u015fkan\u0131 Donald Trump, \u0130ran&#8217;a y\u00f6nelik bir ABD deniz ablukas\u0131n\u0131n aylarca s\u00fcrebilece\u011fini belirtti. Bu a\u00e7\u0131klama, \u00c7ar\u015famba g\u00fcn\u00fc (yerel saatle) petrol fiyatlar\u0131n\u0131n son d\u00f6rt y\u0131l\u0131n en y\u00fcksek seviyesine \u00e7\u0131kmas\u0131na neden oldu.<\/p>\n<p>\u0130ran ile ABD aras\u0131ndaki diplomasinin ba\u015far\u0131s\u0131z ba\u015flang\u0131\u00e7lar\u0131n ard\u0131ndan durma noktas\u0131na gelmesiyle Trump, Rusya Devlet Ba\u015fkan\u0131 Vladimir Putin ile telefonla g\u00f6r\u00fc\u015ft\u00fc. Putin, ABD ve \u0130srail&#8217;in \u0130ran&#8217;a kar\u015f\u0131 sava\u015flar\u0131na yeniden ba\u015flamas\u0131 halinde &#8220;y\u0131k\u0131c\u0131 sonu\u00e7lar&#8221; konusunda uyard\u0131.<\/p>\n<p>Petrol y\u00f6neticileriyle bir araya gelen Trump, Tahran&#8217;\u0131n herhangi bir anla\u015fma \u00f6ncesinde sona ermesini talep etti\u011fi \u0130ran limanlar\u0131n\u0131n ablukas\u0131n\u0131n bombalamadan daha etkili oldu\u011funu savundu.<\/p>\n<p>Beyaz Saray&#8217;dan ismini vermek istemeyen bir yetkili, Sal\u0131 g\u00fcn\u00fc ger\u00e7ekle\u015fen toplant\u0131da Trump&#8217;\u0131n &#8220;k\u00fcresel petrol piyasalar\u0131n\u0131 rahatlatma \u00e7abalar\u0131n\u0131 ve gerekirse mevcut ablukay\u0131 aylarca s\u00fcrd\u00fcrmek ve Amerikal\u0131 t\u00fcketiciler \u00fczerindeki etkiyi en aza indirmek i\u00e7in at\u0131labilecek ad\u0131mlar\u0131&#8221; tart\u0131\u015ft\u0131\u011f\u0131n\u0131 s\u00f6yledi.<\/p>\n<p>Axios&#8217;a konu\u015fan Trump, \u0130ran&#8217;a y\u00f6nelik deniz harekat\u0131 hakk\u0131nda \u015funlar\u0131 s\u00f6yledi: &#8220;Doldurulmu\u015f bir domuz gibi bo\u011fuluyorlar. Ve onlar i\u00e7in daha da k\u00f6t\u00fc olacak.&#8221;<\/p>\n<p>Brent petrol vadeli i\u015flemleri y\u00fczde 7,6 daha artarak 119,69 ABD dolar\u0131na (205,16 Yeni Zelanda dolar\u0131) y\u00fckseldi; bu, 2022&#8217;deki Ukrayna sava\u015f\u0131n\u0131n ilk g\u00fcnlerinden bu yana g\u00f6r\u00fclen en y\u00fcksek fiyat oldu.<\/p>\n<p>\u0130ran, sald\u0131r\u0131ya u\u011framas\u0131n\u0131n bedelini, k\u00fcresel petrol\u00fcn be\u015fte birinin ge\u00e7ti\u011fi dar su yolu olan H\u00fcrm\u00fcz Bo\u011faz\u0131 \u00fczerindeki kontrol\u00fcn\u00fc kullanarak \u00e7\u0131karmaya \u00e7al\u0131\u015f\u0131yor.<\/p>\n<p>**Maliyetler Art\u0131yor**<\/p>\n<p>Trump, kendi taban\u0131n\u0131n bile b\u00fcy\u00fck bir k\u0131sm\u0131n\u0131n kar\u015f\u0131 \u00e7\u0131kt\u0131\u011f\u0131 ve Amerikal\u0131 t\u00fcketicilerin pompa ba\u015f\u0131nda \u00f6dedi\u011fi maliyetleri art\u0131ran sava\u015f\u0131 sona erdirmek i\u00e7in yo\u011fun siyasi bask\u0131yla kar\u015f\u0131 kar\u015f\u0131ya kald\u0131.<\/p>\n<p>Pentagon, \u00c7ar\u015famba g\u00fcn\u00fc milletvekillerine sava\u015f\u0131n ABD vergi m\u00fckelleflerine \u015fimdiden 25 milyar dolara (42,5 milyar Yeni Zelanda dolar\u0131) mal oldu\u011funu do\u011frulad\u0131.<\/p>\n<p>Ba\u015fkan Yard\u0131mc\u0131s\u0131 JD Vance da dahil olmak \u00fczere \u00fcst d\u00fczey ABD&#8217;li yetkililer, ge\u00e7en hafta \u0130ran ile m\u00fczakere etmek \u00fczere Pakistan&#8217;a yapacaklar\u0131 gezileri iki kez iptal etti. \u0130ran ise Trump&#8217;\u0131n diplomasi konusundaki samimiyetinden \u015f\u00fcphe duydu\u011funu dile getirdi.<\/p>\n<p>Trump, sosyal medyada kendisinin bir \u00e7\u00f6l kalesini y\u0131kan patlamalar\u0131n \u00f6n\u00fcnde t\u00fcfekle poz verdi\u011fi kurgulanm\u0131\u015f bir foto\u011fraf\u0131n\u0131 payla\u015farak tekrar sava\u015f tehdidinde bulundu.<\/p>\n<p>Trump, &#8220;\u0130ran kendisini toparlayam\u0131yor\u2026 Yak\u0131nda ak\u0131llanmalar\u0131 iyi olur,&#8221; diye yazd\u0131. &#8220;Art\u0131k iyi adam yok!&#8221;<\/p>\n<p>\u0130srail&#8217;in bir dizi \u00fcst d\u00fczey lideri \u00f6ld\u00fcrmesinin ard\u0131ndan, ABD&#8217;li yetkililer \u0130ran ad\u0131na kimin konu\u015ftu\u011funu, sertlik yanl\u0131s\u0131 ve giderek g\u00fc\u00e7lenen Devrim Muhaf\u0131zlar\u0131&#8217;n\u0131n m\u0131 yoksa diplomatlar\u0131n m\u0131 oldu\u011funu bilmediklerini iddia ediyorlar.<\/p>\n<p>BM Kalk\u0131nma Program\u0131 (UNDP), g\u00fcbre fiyatlar\u0131n\u0131n da f\u0131rlamas\u0131na neden olan sava\u015f\u0131n, 160 \u00fclkede 30 milyondan fazla insan\u0131 yoksullu\u011fa s\u00fcr\u00fckleyebilece\u011fi konusunda uyard\u0131.<\/p>\n<p>UNDP ba\u015fkan\u0131 Alexander De Croo, AFP&#8217;ye yapt\u0131\u011f\u0131 a\u00e7\u0131klamada, &#8220;Bu, kalk\u0131nman\u0131n tersine d\u00f6nmesi demek,&#8221; dedi.<\/p>\n<p>Din adamlar\u0131 taraf\u0131ndan y\u00f6netilen devletin meydan okumas\u0131na ra\u011fmen, \u0130ran riyali dolar kar\u015f\u0131s\u0131nda tarihi d\u00fc\u015f\u00fck seviyelere geriledi.<\/p>\n<p>Paris&#8217;te AFP muhabirleriyle konu\u015fan Tahran sakinleri bir umutsuzluk hissi bildirdi.<\/p>\n<p>\u0130sminin a\u00e7\u0131klanmas\u0131n\u0131 istemeyen 52 ya\u015f\u0131ndaki bir mimar, AFP&#8217;ye yapt\u0131\u011f\u0131 a\u00e7\u0131klamada, &#8220;Son y\u0131llarda ne zaman m\u00fczakereler yap\u0131lsa, halk\u0131n ekonomik durumu daha da k\u00f6t\u00fcle\u015fti. Yapt\u0131r\u0131mlar ya ba\u015flad\u0131 ya da yo\u011funla\u015ft\u0131,&#8221; dedi.<\/p>\n<p>&#8220;M\u00fczakereye gidiyorlar ve daha da fazla yapt\u0131r\u0131mla geri d\u00f6n\u00fcyorlar ve konu her zaman n\u00fckleer. \u0130nsanlar, ekonomi veya \u00f6zg\u00fcrl\u00fck hakk\u0131nda konu\u015fulmuyor. \u0130nsanlar\u0131n &#8216;m\u00fczakere&#8217; kelimesini bile duymak istememe hakk\u0131 var,&#8221; dedi.<\/p>\n<p>**&#8217;G\u00fcven Yok&#8217;**<\/p>\n<p>Bir \u0130ran ordusu s\u00f6zc\u00fcs\u00fc Sal\u0131 g\u00fcn\u00fc yapt\u0131\u011f\u0131 a\u00e7\u0131klamada, &#8220;sava\u015f\u0131 bitmi\u015f saym\u0131yoruz&#8221; dedi ve Tahran&#8217;\u0131n &#8220;Amerika&#8217;ya g\u00fcveni olmad\u0131\u011f\u0131n\u0131&#8221; belirtti.<\/p>\n<p>Amir Akraminia devlet televizyonuna yapt\u0131\u011f\u0131 a\u00e7\u0131klamada, &#8220;Hen\u00fcz kullanmad\u0131\u011f\u0131m\u0131z bir\u00e7ok kart\u0131m\u0131z var,&#8221; dedi.<\/p>\n<p>\u0130ran, Washington&#8217;\u0131n ablukay\u0131 kald\u0131rmas\u0131 ve daha geni\u015f m\u00fczakerelerin yap\u0131lmas\u0131 kar\u015f\u0131l\u0131\u011f\u0131nda H\u00fcrm\u00fcz Bo\u011faz\u0131 \u00fczerindeki bask\u0131s\u0131n\u0131 hafifletmeyi \u00f6nerdi. Trump y\u00f6netimi bu \u00f6neriye \u015f\u00fcpheyle yakla\u015ft\u0131.<\/p>\n<p>Sava\u015f\u0131n ba\u015flamas\u0131ndan bu yana kilit bir fig\u00fcr olarak \u00f6ne \u00e7\u0131kan \u0130ran Parlamento Ba\u015fkan\u0131 Muhammed Bak\u0131r Galibaf, \u00c7ar\u015famba g\u00fcn\u00fc yapt\u0131\u011f\u0131 a\u00e7\u0131klamada, ABD&#8217;nin \u00fclkeye y\u00f6nelik deniz ablukas\u0131n\u0131n b\u00f6l\u00fcnme yaratmay\u0131 ve &#8220;bizi i\u00e7eriden \u00e7\u00f6kertmeyi&#8221; ama\u00e7lad\u0131\u011f\u0131n\u0131 s\u00f6yledi.<\/p>\n<p>Devlet televizyonunun bildirdi\u011fine g\u00f6re, Trump&#8217;\u0131n &#8220;\u00fclkeyi sertlik yanl\u0131lar\u0131 ve \u0131l\u0131ml\u0131lar olmak \u00fczere iki gruba ay\u0131rd\u0131\u011f\u0131n\u0131 ve ard\u0131ndan ekonomik bask\u0131 ve i\u00e7 anla\u015fmazl\u0131k yoluyla \u0130ran&#8217;\u0131 boyun e\u011fdirmek i\u00e7in hemen bir deniz ablukas\u0131ndan bahsetti\u011fini&#8221; s\u00f6yledi. Buna kar\u015f\u0131l\u0131k birlik \u00e7a\u011fr\u0131s\u0131 yapt\u0131.<\/p>\n<p>**&#8217;Sald\u0131r\u0131lar S\u00fcremez&#8217;**<\/p>\n<p>\u0130srail ile \u0130ran destekli silahl\u0131 grup Hizbullah aras\u0131nda yak\u0131n zamanda uzat\u0131lan ate\u015fkese ra\u011fmen, L\u00fcbnan cephesinde \u015fiddet devam etti. Hizbullah, \u0130srail&#8217;e roket atarak L\u00fcbnan&#8217;\u0131 sava\u015fa s\u00fcr\u00fcklemi\u015fti. \u0130srail ise sald\u0131r\u0131lar ve kara i\u015fgaliyle kar\u015f\u0131l\u0131k vermi\u015fti.<\/p>\n<p>Ate\u015fkesin ba\u015flamas\u0131ndan bu yana ilk kez, L\u00fcbnan ordusu Sal\u0131 g\u00fcn\u00fc yapt\u0131\u011f\u0131 a\u00e7\u0131klamada, bir \u0130srail sald\u0131r\u0131s\u0131n\u0131n askerlerini hedef ald\u0131\u011f\u0131n\u0131 ve g\u00fcneyde iki askeri yaralad\u0131\u011f\u0131n\u0131 bildirdi. \u00c7ar\u015famba g\u00fcn\u00fc yap\u0131lan ba\u015fka bir sald\u0131r\u0131da ise bir L\u00fcbnan askerinin \u00f6ld\u00fc\u011f\u00fc belirtildi.<\/p>\n<p>L\u00fcbnan Devlet Ba\u015fkan\u0131 Joseph Aoun yapt\u0131\u011f\u0131 a\u00e7\u0131klamada, &#8220;\u0130srail nihayet g\u00fcvenli\u011fin tek yolunun m\u00fczakerelerden ge\u00e7ti\u011fini anlamal\u0131, ancak m\u00fczakerelere ge\u00e7mek i\u00e7in \u00f6ncelikle ate\u015fkese tam olarak uymal\u0131d\u0131r&#8221; dedi.<\/p>\n<p>&#8220;\u0130srail sald\u0131r\u0131lar\u0131 bu \u015fekilde devam edemez&#8221; diyen Aoun, &#8220;\u015eimdi ABD&#8217;nin do\u011frudan m\u00fczakerelere ba\u015flamak i\u00e7in bir tarih belirlemesini bekliyoruz&#8221; diye ekledi.<\/p>\n<p>BM destekli bir rapor, \u00c7ar\u015famba g\u00fcn\u00fc yapt\u0131\u011f\u0131 a\u00e7\u0131klamada, L\u00fcbnan&#8217;da 1,2 milyondan fazla insan\u0131n son sava\u015f nedeniyle \u015fiddetli a\u00e7l\u0131kla kar\u015f\u0131 kar\u015f\u0131ya kalmas\u0131n\u0131n beklendi\u011fini belirtti.<\/p>\n<p>&#8211; AFP<\/p>\n<p>#PetrolFiyatlar\u0131 #\u0130ranAblukas\u0131 #Trump #Ortado\u011fu #Jeopolitik #EnerjiPiyasas\u0131 #H\u00fcrm\u00fczBo\u011faz\u0131 #ABD\u0130ranGerilimi #K\u00fcreselEkonomi #Sava\u015fVeBar\u0131\u015f<\/p>\n","protected":false},"excerpt":{"rendered":"<p>Tahran, Washington, Beyrut ve Kud\u00fcs&#8217;teki AFP ekiplerinden gelen haberlere g\u00f6re, ABD Ba\u015fkan\u0131 Donald Trump, \u0130ran&#8217;a y\u00f6nelik bir ABD deniz ablukas\u0131n\u0131n aylarca s\u00fcrebilece\u011fini belirtti. Bu a\u00e7\u0131klama, \u00c7ar\u015famba g\u00fcn\u00fc (yerel saatle) petrol fiyatlar\u0131n\u0131n son d\u00f6rt y\u0131l\u0131n en y\u00fcksek seviyesine \u00e7\u0131kmas\u0131na neden oldu. \u0130ran ile ABD aras\u0131ndaki diplomasinin ba\u015far\u0131s\u0131z ba\u015flang\u0131\u00e7lar\u0131n ard\u0131ndan durma noktas\u0131na gelmesiyle Trump, Rusya Devlet Ba\u015fkan\u0131 [&hellip;]<\/p>\n","protected":false},"author":2,"featured_media":14099,"comment_status":"open","ping_status":"open","sticky":false,"template":"","format":"standard","meta":{"footnotes":""},"categories":[31],"tags":[],"class_list":["post-14098","post","type-post","status-publish","format-standard","has-post-thumbnail","hentry","category-iran-haberleri"],"_links":{"self":[{"href":"https:\/\/fajr.news\/index.php?rest_route=\/wp\/v2\/posts\/14098","targetHints":{"allow":["GET"]}}],"collection":[{"href":"https:\/\/fajr.news\/index.php?rest_route=\/wp\/v2\/posts"}],"about":[{"href":"https:\/\/fajr.news\/index.php?rest_route=\/wp\/v2\/types\/post"}],"author":[{"embeddable":true,"href":"https:\/\/fajr.news\/index.php?rest_route=\/wp\/v2\/users\/2"}],"replies":[{"embeddable":true,"href":"https:\/\/fajr.news\/index.php?rest_route=%2Fwp%2Fv2%2Fcomments&post=14098"}],"version-history":[{"count":0,"href":"https:\/\/fajr.news\/index.php?rest_route=\/wp\/v2\/posts\/14098\/revisions"}],"wp:featuredmedia":[{"embeddable":true,"href":"https:\/\/fajr.news\/index.php?rest_route=\/wp\/v2\/media\/14099"}],"wp:attachment":[{"href":"https:\/\/fajr.news\/index.php?rest_route=%2Fwp%2Fv2%2Fmedia&parent=14098"}],"wp:term":[{"taxonomy":"category","embeddable":true,"href":"https:\/\/fajr.news\/index.php?rest_route=%2Fwp%2Fv2%2Fcategories&post=14098"},{"taxonomy":"post_tag","embeddable":true,"href":"https:\/\/fajr.news\/index.php?rest_route=%2Fwp%2Fv2%2Ftags&post=14098"}],"curies":[{"name":"wp","href":"https:\/\/api.w.org\/{rel}","templated":true}]}}