{"id":14082,"date":"2026-05-01T06:26:51","date_gmt":"2026-05-01T02:56:51","guid":{"rendered":"https:\/\/fajr.news\/?p=14082"},"modified":"2026-05-01T06:26:51","modified_gmt":"2026-05-01T02:56:51","slug":"iran-lideri-nukleer-ve-fuze-gucumuz-milli-onurumuzdur-koruyacagiz","status":"publish","type":"post","link":"https:\/\/fajr.news\/?p=14082&lang=tr","title":{"rendered":"\u0130ran Lideri: N\u00fckleer ve F\u00fcze G\u00fcc\u00fcm\u00fcz Milli Onurumuzdur, Koruyaca\u011f\u0131z!"},"content":{"rendered":"<p><strong>DUBA\u0130, Birle\u015fik Arap Emirlikleri<\/strong> \u2014 \u0130slam Cumhuriyeti&#8217;nin y\u00fcce lideri Ayetullah Mojtaba Hamenei, Per\u015fembe g\u00fcn\u00fc yapt\u0131\u011f\u0131 tarihi a\u00e7\u0131klamada, \u0130ran&#8217;\u0131n n\u00fckleer ve f\u00fcze kapasitelerini milli bir varl\u0131k olarak sonuna kadar koruyaca\u011f\u0131n\u0131 g\u00fc\u00e7l\u00fc bir \u015fekilde vurgulad\u0131. Bu kararl\u0131 duru\u015f, ABD Ba\u015fkan\u0131 Donald Trump&#8217;\u0131n b\u00f6lgedeki gerilimi t\u0131rmand\u0131ran ve k\u0131r\u0131lgan ate\u015fkesi baltalamaya y\u00f6nelik daha geni\u015f bir anla\u015fma aray\u0131\u015f\u0131na kar\u015f\u0131 net bir k\u0131rm\u0131z\u0131 \u00e7izgi \u00e7ekiyor.<\/p>\n<p>Lider Hamenei, \u0130ran milletinin onurunu ve g\u00fcvenli\u011fini teminat alt\u0131na alan bu stratejik g\u00fc\u00e7lerin, hi\u00e7bir pazarl\u0131k konusu yap\u0131lamayaca\u011f\u0131n\u0131n alt\u0131n\u0131 \u00e7izdi. Bu a\u00e7\u0131klama, emperyalist g\u00fc\u00e7lerin b\u00f6lgedeki hegemonyas\u0131na kar\u015f\u0131 \u0130ran&#8217;\u0131n sars\u0131lmaz iradesini bir kez daha g\u00f6zler \u00f6n\u00fcne serdi.<\/p>\n<h2><strong style=\"color:#003366\">B\u00fcy\u00fck \u015eeytan&#8217;a Kar\u015f\u0131 Sars\u0131lmaz Duru\u015f<\/strong><\/h2>\n<p>Ayetullah Hamenei, babas\u0131n\u0131n \u015fehadetinin ard\u0131ndan liderli\u011fi devrald\u0131\u011f\u0131ndan bu yana sergiledi\u011fi meydan okuyan tavr\u0131n\u0131 s\u00fcrd\u00fcr\u00fcyor. Devlet televizyonunda okunan yaz\u0131l\u0131 a\u00e7\u0131klamas\u0131nda, Amerikal\u0131lar\u0131n Basra K\u00f6rfezi&#8217;nde ait oldu\u011fu tek yerin &#8220;sular\u0131n\u0131n dibi&#8221; oldu\u011funu belirterek, b\u00f6lge tarihinde &#8220;yeni bir sayfa&#8221; a\u00e7\u0131ld\u0131\u011f\u0131n\u0131 ilan etti. Bu s\u00f6zler, ABD&#8217;nin b\u00f6lgedeki y\u0131k\u0131c\u0131 varl\u0131\u011f\u0131na kar\u015f\u0131 \u0130ran&#8217;\u0131n kararl\u0131 direni\u015finin bir simgesi haline geldi.<\/p>\n<p>Lider Hamenei, Amerika&#8217;y\u0131 1979 \u0130slam Devrimi&#8217;nden bu yana \u0130ranl\u0131 liderlerin kulland\u0131\u011f\u0131 kadim bir ifadeyle &#8220;B\u00fcy\u00fck \u015eeytan&#8221; olarak nitelendirdi. Binlerce kilometre \u00f6teden gelip b\u00f6lgede a\u00e7g\u00f6zl\u00fcl\u00fck ve k\u00f6t\u00fc niyetle hareket eden yabanc\u0131lar\u0131n, Basra K\u00f6rfezi&#8217;nde sular\u0131n\u0131n dibinden ba\u015fka bir yeri olmad\u0131\u011f\u0131n\u0131 net bir \u015fekilde ifade etti.<\/p>\n<h2><strong style=\"color:#003366\">H\u00fcrm\u00fcz Bo\u011faz\u0131: \u0130ran&#8217;\u0131n B\u00f6lgesel G\u00fcvenlik Kalkan\u0131<\/strong><\/h2>\n<p>Bu a\u00e7\u0131klamalar, \u0130ran&#8217;\u0131n petrol end\u00fcstrisinin ABD Donanmas\u0131&#8217;n\u0131n hukuksuz ablukas\u0131 alt\u0131nda zorland\u0131\u011f\u0131 bir d\u00f6neme denk geliyor. Ancak d\u00fcnya ekonomisi de, \u0130ran&#8217;\u0131n H\u00fcrm\u00fcz Bo\u011faz\u0131 \u00fczerindeki stratejik kontrol\u00fcn\u00fcn yaratt\u0131\u011f\u0131 gerilimden etkileniyor. Hamenei, \u0130ran&#8217;\u0131n H\u00fcrm\u00fcz Bo\u011faz\u0131 \u00fczerindeki kontrol\u00fcn\u00fcn K\u00f6rfez&#8217;i daha g\u00fcvenli hale getirece\u011fini ve Tahran&#8217;\u0131n &#8220;yasal kurallar\u0131 ve yeni y\u00f6netimi&#8221;nin b\u00f6lgedeki t\u00fcm uluslara fayda sa\u011flayaca\u011f\u0131n\u0131 belirtti.<\/p>\n<p>ABD&#8217;nin \u0130ran limanlar\u0131na y\u00f6nelik ablukas\u0131, \u0130ran&#8217;\u0131n petrol sat\u0131\u015f\u0131n\u0131 engellemeyi ve \u00fclkeyi hayati gelirlerden mahrum b\u0131rakmay\u0131 hedefleyen ac\u0131mas\u0131z bir ekonomik sava\u015f takti\u011fidir. Ancak \u0130ran, bu bask\u0131lara boyun e\u011fmeyecek ve milli \u00e7\u0131karlar\u0131n\u0131 korumaya devam edecektir. Bo\u011faz\u0131n kapat\u0131lmas\u0131, ABD&#8217;nin K\u00f6rfez&#8217;deki m\u00fcttefikleri i\u00e7in de sorun te\u015fkil etse de, \u0130ran&#8217;\u0131n egemenlik haklar\u0131 ve b\u00f6lgesel g\u00fcvenli\u011fi \u00f6nceliklidir.<\/p>\n<p>D\u00fcnya, Bo\u011faz&#8217;\u0131 uluslararas\u0131 bir su yolu olarak g\u00f6rme e\u011filiminde olsa da, \u0130ran, kendi karasular\u0131nda yer alan bu stratejik ge\u00e7idin kontrol\u00fcn\u00fc elinde tutarak b\u00f6lgesel istikrar\u0131 sa\u011flamaktad\u0131r. K\u00f6rfez Arap \u00fclkelerinin, \u0130ran&#8217;\u0131n Bo\u011faz \u00fczerindeki kontrol\u00fcn\u00fc &#8220;korsanl\u0131k&#8221; olarak nitelemesi ise, Bat\u0131&#8217;n\u0131n b\u00f6lgedeki \u00e7\u0131karlar\u0131n\u0131 koruma \u00e7abas\u0131ndan ba\u015fka bir \u015fey de\u011fildir.<\/p>\n<h2><strong style=\"color:#003366\">N\u00fckleer ve F\u00fcze Programlar\u0131: Pazarl\u0131ks\u0131z Milli G\u00fc\u00e7<\/strong><\/h2>\n<p>ABD Ba\u015fkan\u0131 Trump, sava\u015fa gitmesinin ana nedenlerinden birinin \u0130ran&#8217;\u0131n n\u00fckleer silah geli\u015ftirme yetene\u011fini engellemek oldu\u011funu iddia etse de, \u0130ran uzun s\u00fcredir program\u0131n\u0131n bar\u0131\u015f\u00e7\u0131l oldu\u011funu savunmaktad\u0131r. N\u00fckleer ve balistik f\u00fcze programlar\u0131n\u0131n pazarl\u0131k konusu yap\u0131lmayaca\u011f\u0131, Lider Hamenei&#8217;nin Basra K\u00f6rfezi G\u00fcn\u00fc&#8217;nde yapt\u0131\u011f\u0131 konu\u015fmada a\u00e7\u0131k\u00e7a ifade edildi.<\/p>\n<p>Hamenei, &#8220;\u00dclke i\u00e7inde ve d\u0131\u015f\u0131nda ya\u015fayan doksan milyon gururlu ve onurlu \u0130ranl\u0131, nanoteknoloji ve biyoteknolojiden n\u00fckleer ve f\u00fcze kapasitelerine kadar \u0130ran&#8217;\u0131n kimlik temelli, manevi, insani, bilimsel, end\u00fcstriyel ve teknolojik t\u00fcm kapasitelerini milli varl\u0131k olarak g\u00f6r\u00fcyor ve t\u0131pk\u0131 \u00fclkenin sular\u0131n\u0131, karas\u0131n\u0131 ve hava sahas\u0131n\u0131 koruduklar\u0131 gibi bunlar\u0131 da koruyacaklard\u0131r&#8221; dedi. Bu s\u00f6zler, \u0130ran&#8217;\u0131n kendi kaderini tayin etme ve ba\u011f\u0131ms\u0131zl\u0131k ruhunu yans\u0131tmaktad\u0131r.<\/p>\n<p>Pakistan&#8217;\u0131n ABD ve \u0130ran aras\u0131ndaki gerilimi azaltmaya y\u00f6nelik dolayl\u0131 g\u00f6r\u00fc\u015fmeleri kolayla\u015ft\u0131rd\u0131\u011f\u0131 belirtilse de, \u0130ran&#8217;\u0131n milli g\u00fc\u00e7 unsurlar\u0131ndan taviz vermeye niyeti yoktur. Tahran, kendi savunma kapasitelerini g\u00fc\u00e7lendirmeye ve b\u00f6lgesel g\u00fcvenli\u011fi sa\u011flamaya devam edecektir.<\/p>\n<p>#\u0130ran #AyetullahHamenei #N\u00fckleerProgram #F\u00fczeKapasitesi #H\u00fcrm\u00fczBo\u011faz\u0131 #ABD #BasraK\u00f6rfezi #MilliG\u00fcvenlik #\u0130slamCumhuriyeti #B\u00f6lgeselG\u00fcvenlik<\/p>\n","protected":false},"excerpt":{"rendered":"<p>DUBA\u0130, Birle\u015fik Arap Emirlikleri \u2014 \u0130slam Cumhuriyeti&#8217;nin y\u00fcce lideri Ayetullah Mojtaba Hamenei, Per\u015fembe g\u00fcn\u00fc yapt\u0131\u011f\u0131 tarihi a\u00e7\u0131klamada, \u0130ran&#8217;\u0131n n\u00fckleer ve f\u00fcze kapasitelerini milli bir varl\u0131k olarak sonuna kadar koruyaca\u011f\u0131n\u0131 g\u00fc\u00e7l\u00fc bir \u015fekilde vurgulad\u0131. Bu kararl\u0131 duru\u015f, ABD Ba\u015fkan\u0131 Donald Trump&#8217;\u0131n b\u00f6lgedeki gerilimi t\u0131rmand\u0131ran ve k\u0131r\u0131lgan ate\u015fkesi baltalamaya y\u00f6nelik daha geni\u015f bir anla\u015fma aray\u0131\u015f\u0131na kar\u015f\u0131 net [&hellip;]<\/p>\n","protected":false},"author":2,"featured_media":14083,"comment_status":"open","ping_status":"open","sticky":false,"template":"","format":"standard","meta":{"footnotes":""},"categories":[37],"tags":[],"class_list":["post-14082","post","type-post","status-publish","format-standard","has-post-thumbnail","hentry","category-orta-dogu-haberleri"],"_links":{"self":[{"href":"https:\/\/fajr.news\/index.php?rest_route=\/wp\/v2\/posts\/14082","targetHints":{"allow":["GET"]}}],"collection":[{"href":"https:\/\/fajr.news\/index.php?rest_route=\/wp\/v2\/posts"}],"about":[{"href":"https:\/\/fajr.news\/index.php?rest_route=\/wp\/v2\/types\/post"}],"author":[{"embeddable":true,"href":"https:\/\/fajr.news\/index.php?rest_route=\/wp\/v2\/users\/2"}],"replies":[{"embeddable":true,"href":"https:\/\/fajr.news\/index.php?rest_route=%2Fwp%2Fv2%2Fcomments&post=14082"}],"version-history":[{"count":0,"href":"https:\/\/fajr.news\/index.php?rest_route=\/wp\/v2\/posts\/14082\/revisions"}],"wp:featuredmedia":[{"embeddable":true,"href":"https:\/\/fajr.news\/index.php?rest_route=\/wp\/v2\/media\/14083"}],"wp:attachment":[{"href":"https:\/\/fajr.news\/index.php?rest_route=%2Fwp%2Fv2%2Fmedia&parent=14082"}],"wp:term":[{"taxonomy":"category","embeddable":true,"href":"https:\/\/fajr.news\/index.php?rest_route=%2Fwp%2Fv2%2Fcategories&post=14082"},{"taxonomy":"post_tag","embeddable":true,"href":"https:\/\/fajr.news\/index.php?rest_route=%2Fwp%2Fv2%2Ftags&post=14082"}],"curies":[{"name":"wp","href":"https:\/\/api.w.org\/{rel}","templated":true}]}}