{"id":14066,"date":"2026-05-01T05:58:38","date_gmt":"2026-05-01T02:28:38","guid":{"rendered":"https:\/\/fajr.news\/?p=14066"},"modified":"2026-05-01T05:58:38","modified_gmt":"2026-05-01T02:28:38","slug":"orta-doguda-savas-son-gelismeler-7","status":"publish","type":"post","link":"https:\/\/fajr.news\/?p=14066&lang=tr","title":{"rendered":"Orta Do\u011fu&#8217;da Sava\u015f: Son Geli\u015fmeler"},"content":{"rendered":"<h1>Orta Do\u011fu&#8217;da Gerilim T\u0131rman\u0131yor: B\u00f6lgedeki Son Geli\u015fmeler<\/h1>\n<p>Orta Do\u011fu&#8217;da devam eden gerilimler, b\u00f6lgenin farkl\u0131 noktalar\u0131ndan gelen haberlerle s\u0131cakl\u0131\u011f\u0131n\u0131 koruyor. \u00d6zellikle <strong>L\u00fcbnan&#8217;\u0131n g\u00fcney b\u00f6lgeleri<\/strong> ve <strong>\u0130ran<\/strong>&#8216;dan gelen son dakika geli\u015fmeleri dikkat \u00e7ekiyor.<\/p>\n<p>L\u00fcbnan&#8217;\u0131n g\u00fcneyindeki Marjeyoun b\u00f6lgesinden \u00e7ekilen g\u00f6r\u00fcnt\u00fcler, \u0130srail top\u00e7u at\u0131\u015flar\u0131n\u0131n Yohmor k\u00f6y\u00fcnde neden oldu\u011fu yo\u011fun duman\u0131 g\u00f6zler \u00f6n\u00fcne serdi. Bu g\u00f6r\u00fcnt\u00fcler, b\u00f6lgedeki \u00e7at\u0131\u015fmalar\u0131n siviller \u00fczerindeki etkisini bir kez daha ortaya koydu.<\/p>\n<p>Di\u011fer bir \u00f6nemli geli\u015fme ise \u0130ran&#8217;dan geldi. <em>Yerel medya kaynaklar\u0131na g\u00f6re<\/em>, \u00fclkenin hava savunma sistemleri belirli b\u00f6lgelerde aktif hale getirildi. Bu durum, b\u00f6lgedeki g\u00fcvenlik endi\u015felerinin artt\u0131\u011f\u0131 bir d\u00f6nemde ya\u015fand\u0131 ve uluslararas\u0131 kamuoyunun dikkatini \u00e7ekti.<\/p>\n<p>B\u00f6lgedeki geli\u015fmeler yak\u0131ndan takip edilirken, taraflar aras\u0131nda tansiyonun d\u00fc\u015f\u00fcr\u00fclmesi y\u00f6n\u00fcndeki \u00e7a\u011fr\u0131lar devam ediyor.<\/p>\n<p>#OrtaDo\u011fuSava\u015f\u0131 #\u0130srail #L\u00fcbnan #\u0130ran #YohmorK\u00f6y\u00fc #Marjeyoun #HavaSavunma #B\u00f6lgeselGerilim #SonDakika #Ortado\u011fuGeli\u015fmeleri<\/p>\n","protected":false},"excerpt":{"rendered":"<p>Orta Do\u011fu&#8217;da Gerilim T\u0131rman\u0131yor: B\u00f6lgedeki Son Geli\u015fmeler Orta Do\u011fu&#8217;da devam eden gerilimler, b\u00f6lgenin farkl\u0131 noktalar\u0131ndan gelen haberlerle s\u0131cakl\u0131\u011f\u0131n\u0131 koruyor. \u00d6zellikle L\u00fcbnan&#8217;\u0131n g\u00fcney b\u00f6lgeleri ve \u0130ran&#8216;dan gelen son dakika geli\u015fmeleri dikkat \u00e7ekiyor. L\u00fcbnan&#8217;\u0131n g\u00fcneyindeki Marjeyoun b\u00f6lgesinden \u00e7ekilen g\u00f6r\u00fcnt\u00fcler, \u0130srail top\u00e7u at\u0131\u015flar\u0131n\u0131n Yohmor k\u00f6y\u00fcnde neden oldu\u011fu yo\u011fun duman\u0131 g\u00f6zler \u00f6n\u00fcne serdi. Bu g\u00f6r\u00fcnt\u00fcler, b\u00f6lgedeki \u00e7at\u0131\u015fmalar\u0131n siviller \u00fczerindeki [&hellip;]<\/p>\n","protected":false},"author":2,"featured_media":14067,"comment_status":"open","ping_status":"open","sticky":false,"template":"","format":"standard","meta":{"footnotes":""},"categories":[37],"tags":[],"class_list":["post-14066","post","type-post","status-publish","format-standard","has-post-thumbnail","hentry","category-orta-dogu-haberleri"],"_links":{"self":[{"href":"https:\/\/fajr.news\/index.php?rest_route=\/wp\/v2\/posts\/14066","targetHints":{"allow":["GET"]}}],"collection":[{"href":"https:\/\/fajr.news\/index.php?rest_route=\/wp\/v2\/posts"}],"about":[{"href":"https:\/\/fajr.news\/index.php?rest_route=\/wp\/v2\/types\/post"}],"author":[{"embeddable":true,"href":"https:\/\/fajr.news\/index.php?rest_route=\/wp\/v2\/users\/2"}],"replies":[{"embeddable":true,"href":"https:\/\/fajr.news\/index.php?rest_route=%2Fwp%2Fv2%2Fcomments&post=14066"}],"version-history":[{"count":0,"href":"https:\/\/fajr.news\/index.php?rest_route=\/wp\/v2\/posts\/14066\/revisions"}],"wp:featuredmedia":[{"embeddable":true,"href":"https:\/\/fajr.news\/index.php?rest_route=\/wp\/v2\/media\/14067"}],"wp:attachment":[{"href":"https:\/\/fajr.news\/index.php?rest_route=%2Fwp%2Fv2%2Fmedia&parent=14066"}],"wp:term":[{"taxonomy":"category","embeddable":true,"href":"https:\/\/fajr.news\/index.php?rest_route=%2Fwp%2Fv2%2Fcategories&post=14066"},{"taxonomy":"post_tag","embeddable":true,"href":"https:\/\/fajr.news\/index.php?rest_route=%2Fwp%2Fv2%2Ftags&post=14066"}],"curies":[{"name":"wp","href":"https:\/\/api.w.org\/{rel}","templated":true}]}}