{"id":14048,"date":"2026-05-01T05:28:50","date_gmt":"2026-05-01T01:58:50","guid":{"rendered":"https:\/\/fajr.news\/?p=14048"},"modified":"2026-05-01T05:28:50","modified_gmt":"2026-05-01T01:58:50","slug":"orta-dogudaki-catismalar-devam-ederken-komisyon-ab-ulkeleriyle-petrol-ve-gaz-arz-guvenligini-degerlendiriyor","status":"publish","type":"post","link":"https:\/\/fajr.news\/?p=14048&lang=tr","title":{"rendered":"Orta Do\u011fu&#8217;daki \u00e7at\u0131\u015fmalar devam ederken Komisyon, AB \u00fclkeleriyle petrol ve gaz arz g\u00fcvenli\u011fini de\u011ferlendiriyor"},"content":{"rendered":"<p>Bug\u00fcn d\u00fczenlenen Petrol Koordinasyon Grubu (OCG) ve Enerji Birli\u011fi G\u00f6rev G\u00fcc\u00fc G\u00fcvenlik (EUTF G\u00fcvenlik) toplant\u0131lar\u0131, Orta Do\u011fu&#8217;daki \u00e7at\u0131\u015fman\u0131n 10. haftas\u0131na yakla\u015fmas\u0131yla birlikte Avrupa&#8217;daki gaz ve petrol arz g\u00fcvenli\u011fi durumunu g\u00f6r\u00fc\u015fmek \u00fczere Avrupa Komisyonu, sanayi, AB \u00fclkeleri, Uluslararas\u0131 Enerji Ajans\u0131 (IEA) ve NATO&#8217;dan uzmanlar\u0131 bir araya getirdi.<br \/>\n\u015eu anda AB&#8217;de herhangi bir yak\u0131t s\u0131k\u0131nt\u0131s\u0131 bulunmamaktad\u0131r. Gaz arz\u0131na ili\u015fkin olarak, EUTF G\u00fcvenlik, ge\u00e7en hafta yap\u0131lan Gaz Koordinasyon Grubu toplant\u0131s\u0131nda gaz arz g\u00fcvenli\u011finin b\u00fcy\u00fck \u00f6l\u00e7\u00fcde etkilenmedi\u011fi ve gaz depolama tesislerinin doldurulmas\u0131n\u0131n zaten devam etti\u011fi y\u00f6n\u00fcndeki g\u00f6zlemleri do\u011frulad\u0131.<br \/>\nHam petrol ve petrol \u00fcr\u00fcnlerine gelince, jet yak\u0131tlar\u0131 ana odak noktas\u0131 olmaya devam etti. Piyasa arz s\u0131k\u0131\u015f\u0131kl\u0131\u011f\u0131n\u0131 y\u00f6netirken, H\u00fcrm\u00fcz Bo\u011faz\u0131&#8217;n\u0131n uzun s\u00fcreli kapanmas\u0131 nedeniyle ticari stoklar azalmaktad\u0131r. Hem OCG hem de EUTF G\u00fcvenlik, durumun May\u0131s sonundan sonra da devam etmesi halinde AB&#8217;nin olas\u0131 sonu\u00e7lara haz\u0131rlanmaya ba\u015flamas\u0131 gerekti\u011fini g\u00f6zlemledi. AB acil durum stoklar\u0131 gerekti\u011finde serbest b\u0131rak\u0131labilse de, uzmanlar bu t\u00fcr serbest b\u0131rakmalar\u0131n AB d\u00fczeyinde koordine edilmesinin ve etkili sonu\u00e7lar elde etmek i\u00e7in yeterli talep taraf\u0131 \u00f6nlemleriyle e\u015fle\u015ftirilmesinin \u00f6nemini vurgulad\u0131.<br \/>\nToplant\u0131 kat\u0131l\u0131mc\u0131lar\u0131, bu formatlarda payla\u015f\u0131lan bilgilerin faydas\u0131n\u0131 vurgulad\u0131lar. Komisyon, Orta Do\u011fu&#8217;daki durumun Avrupa \u00fczerindeki genel etkisini de\u011ferlendirmeye devam edecek, gerekti\u011finde koordineli eylemleri destekleyecek ve AB \u00fclkeleri, IEA ve piyasa kat\u0131l\u0131mc\u0131lar\u0131yla d\u00fczenli ileti\u015fimi s\u00fcrd\u00fcrecektir.<br \/>\n#ABEnerjiG\u00fcvenli\u011fi #PetrolArz\u0131 #GazArz\u0131 #OrtaDo\u011fu\u00c7at\u0131\u015fmas\u0131 #EnerjiKrizi #H\u00fcrm\u00fczBo\u011faz\u0131 #AvrupaKomisyonu #Yak\u0131tG\u00fcvenli\u011fi #EnerjiPolitikalar\u0131 #Uluslararas\u0131EnerjiAjans\u0131<\/p>\n","protected":false},"excerpt":{"rendered":"<p>Bug\u00fcn d\u00fczenlenen Petrol Koordinasyon Grubu (OCG) ve Enerji Birli\u011fi G\u00f6rev G\u00fcc\u00fc G\u00fcvenlik (EUTF G\u00fcvenlik) toplant\u0131lar\u0131, Orta Do\u011fu&#8217;daki \u00e7at\u0131\u015fman\u0131n 10. haftas\u0131na yakla\u015fmas\u0131yla birlikte Avrupa&#8217;daki gaz ve petrol arz g\u00fcvenli\u011fi durumunu g\u00f6r\u00fc\u015fmek \u00fczere Avrupa Komisyonu, sanayi, AB \u00fclkeleri, Uluslararas\u0131 Enerji Ajans\u0131 (IEA) ve NATO&#8217;dan uzmanlar\u0131 bir araya getirdi. \u015eu anda AB&#8217;de herhangi bir yak\u0131t s\u0131k\u0131nt\u0131s\u0131 bulunmamaktad\u0131r. Gaz [&hellip;]<\/p>\n","protected":false},"author":2,"featured_media":14049,"comment_status":"open","ping_status":"open","sticky":false,"template":"","format":"standard","meta":{"footnotes":""},"categories":[37],"tags":[],"class_list":["post-14048","post","type-post","status-publish","format-standard","has-post-thumbnail","hentry","category-orta-dogu-haberleri"],"_links":{"self":[{"href":"https:\/\/fajr.news\/index.php?rest_route=\/wp\/v2\/posts\/14048","targetHints":{"allow":["GET"]}}],"collection":[{"href":"https:\/\/fajr.news\/index.php?rest_route=\/wp\/v2\/posts"}],"about":[{"href":"https:\/\/fajr.news\/index.php?rest_route=\/wp\/v2\/types\/post"}],"author":[{"embeddable":true,"href":"https:\/\/fajr.news\/index.php?rest_route=\/wp\/v2\/users\/2"}],"replies":[{"embeddable":true,"href":"https:\/\/fajr.news\/index.php?rest_route=%2Fwp%2Fv2%2Fcomments&post=14048"}],"version-history":[{"count":0,"href":"https:\/\/fajr.news\/index.php?rest_route=\/wp\/v2\/posts\/14048\/revisions"}],"wp:featuredmedia":[{"embeddable":true,"href":"https:\/\/fajr.news\/index.php?rest_route=\/wp\/v2\/media\/14049"}],"wp:attachment":[{"href":"https:\/\/fajr.news\/index.php?rest_route=%2Fwp%2Fv2%2Fmedia&parent=14048"}],"wp:term":[{"taxonomy":"category","embeddable":true,"href":"https:\/\/fajr.news\/index.php?rest_route=%2Fwp%2Fv2%2Fcategories&post=14048"},{"taxonomy":"post_tag","embeddable":true,"href":"https:\/\/fajr.news\/index.php?rest_route=%2Fwp%2Fv2%2Ftags&post=14048"}],"curies":[{"name":"wp","href":"https:\/\/api.w.org\/{rel}","templated":true}]}}