{"id":14040,"date":"2026-05-01T05:19:08","date_gmt":"2026-05-01T01:49:08","guid":{"rendered":"https:\/\/fajr.news\/?p=14040"},"modified":"2026-05-01T05:19:08","modified_gmt":"2026-05-01T01:49:08","slug":"iran-cumhurbaskani-pezeskiyandan-abdye-sert-uyari-muzakereler-sirasinda-yeni-saldirilar-olabilir-guven-kalmadi","status":"publish","type":"post","link":"https:\/\/fajr.news\/?p=14040&lang=tr","title":{"rendered":"\u0130ran Cumhurba\u015fkan\u0131 Peze\u015fkiyan&#8217;dan ABD&#8217;ye Sert Uyar\u0131: M\u00fczakereler S\u0131ras\u0131nda Yeni Sald\u0131r\u0131lar Olabilir, G\u00fcven Kalmad\u0131!"},"content":{"rendered":"<p>\u0130ran Cumhurba\u015fkan\u0131 Mesud Peze\u015fkiyan, Per\u015fembe g\u00fcn\u00fc yapt\u0131\u011f\u0131 a\u00e7\u0131klamada, ABD&#8217;nin m\u00fczakereler s\u00fcrerken Tahran&#8217;a yeniden sald\u0131rabilece\u011fi konusunda <strong>sert bir uyar\u0131da bulundu<\/strong>. Anadolu Ajans\u0131&#8217;n\u0131n bildirdi\u011fine g\u00f6re Peze\u015fkiyan, Washington&#8217;a olan g\u00fcvenin <strong>&#8220;tamamen yok edildi\u011fini&#8221;<\/strong> vurgulad\u0131.<\/p>\n<h2>\u0130ran&#8217;\u0131n Diplomasiye Ba\u011fl\u0131l\u0131\u011f\u0131 ve ABD&#8217;nin \u0130haneti<\/h2>\n<p>Belaruslu mevkida\u015f\u0131 Aleksandr Luka\u015fenko ile yapt\u0131\u011f\u0131 telefon g\u00f6r\u00fc\u015fmesinde Cumhurba\u015fkan\u0131 Peze\u015fkiyan, diyalog ve diplomasinin \u0130ran&#8217;\u0131n g\u00fcndeminde her zaman \u00fcst s\u0131ralarda yer ald\u0131\u011f\u0131n\u0131 belirtti. Devlet televizyonu Press TV taraf\u0131ndan aktar\u0131lan yorumlar\u0131nda Peze\u015fkiyan \u015funlar\u0131 kaydetti:<\/p>\n<p><em>&#8220;Farkl\u0131l\u0131klar\u0131 diyalog ve diplomasi yoluyla \u00e7\u00f6zme \u00e7abalar\u0131, \u0130ran&#8217;\u0131n sorumlulu\u011funda her zaman g\u00fcndemimizde olmu\u015ftur. Ancak m\u00fczakereler s\u0131ras\u0131nda <strong>Amerika Birle\u015fik Devletleri ve Siyonist rejim (\u0130srail)<\/strong> \u0130ran&#8217;a iki kez sald\u0131rd\u0131 ve bu t\u00fcr eylemlerin tekrarlanma olas\u0131l\u0131\u011f\u0131 mevcut. Bu durum, \u0130ran&#8217;\u0131n ABD&#8217;ye olan <strong>tam g\u00fcvensizli\u011fine<\/strong> yol a\u00e7m\u0131\u015ft\u0131r.&#8221;<\/em><\/p>\n<h2>ABD ve Siyonist Rejimin K\u0131\u015fk\u0131rt\u0131c\u0131 Sald\u0131r\u0131lar\u0131<\/h2>\n<p>ABD ve \u0130srail, Washington ile Tahran aras\u0131ndaki n\u00fckleer m\u00fczakereler s\u00fcrerken Haziran 2025&#8217;te \u0130ran&#8217;a ortak sald\u0131r\u0131lar d\u00fczenlemi\u015fti. \u0130ran, n\u00fckleer program\u0131na ili\u015fkin m\u00fczakerelerin ard\u0131ndan \u015eubat ay\u0131nda da ABD ve \u0130srail&#8217;in bir ba\u015fka sald\u0131r\u0131 dalgas\u0131na maruz kalm\u0131\u015ft\u0131.<\/p>\n<h2>Luka\u015fenko&#8217;dan Gerginlik Uyar\u0131s\u0131<\/h2>\n<p>Luka\u015fenko ise K\u00f6rfez&#8217;deki artan gerilimlerden ve bunlar\u0131n b\u00f6lge ile d\u00fcnya i\u00e7in g\u00fcvenlik ve ekonomik sonu\u00e7lar\u0131ndan duydu\u011fu endi\u015feyi dile getirdi. Belarus lideri, Tahran ile Washington aras\u0131ndaki farkl\u0131l\u0131klar\u0131n diyalog ve m\u00fczakere yoluyla \u00e7\u00f6z\u00fclmesini umdu\u011funu ifade etti.<\/p>\n<h2>Ate\u015fkes \u00c7abalar\u0131 ve ABD&#8217;nin Tek Tarafl\u0131 Tutumu<\/h2>\n<p>ABD ve \u0130srail, 28 \u015eubat&#8217;ta \u0130ran&#8217;a y\u00f6nelik sald\u0131r\u0131lar ba\u015flatm\u0131\u015f, bu durum Tahran&#8217;\u0131n K\u00f6rfez&#8217;deki ABD m\u00fcttefiklerine misilleme yapmas\u0131na ve H\u00fcrm\u00fcz Bo\u011faz\u0131&#8217;n\u0131 kapatmas\u0131na yol a\u00e7m\u0131\u015ft\u0131. Pakistan arabuluculu\u011fuyla 8 Nisan&#8217;da ate\u015fkes ilan edilmi\u015f, ard\u0131ndan 11 Nisan&#8217;da \u0130slamabad&#8217;da g\u00f6r\u00fc\u015fmeler yap\u0131lm\u0131\u015f ancak bir anla\u015fmaya var\u0131lamam\u0131\u015ft\u0131. ABD Ba\u015fkan\u0131 Donald Trump daha sonra Pakistan&#8217;\u0131n talebi \u00fczerine, yeni bir zaman \u00e7er\u00e7evesi olmaks\u0131z\u0131n ate\u015fkesi tek tarafl\u0131 olarak uzatm\u0131\u015ft\u0131.<\/p>\n<p>Trump ayr\u0131ca, Tahran&#8217;\u0131n H\u00fcrm\u00fcz Bo\u011faz\u0131&#8217;n\u0131 yeniden a\u00e7may\u0131 \u00f6nerirken n\u00fckleer program\u0131yla ilgili sorular\u0131 daha sonraki m\u00fczakerelere b\u0131rakma teklifini de reddetmi\u015fti. Bu durum, ABD&#8217;nin \u00e7\u00f6z\u00fcm odakl\u0131 de\u011fil, <strong>dayatmac\u0131 bir tutum sergiledi\u011fini<\/strong> bir kez daha g\u00f6zler \u00f6n\u00fcne sermi\u015ftir.<\/p>\n<p>#\u0130ran #ABD #SiyonistRejim #M\u00fczakereler #Pezeshkian #Ortado\u011fu #N\u00fckleerProgram #H\u00fcrm\u00fczBo\u011faz\u0131 #Diplomasi #G\u00fcvenKrizi<\/p>\n","protected":false},"excerpt":{"rendered":"<p>\u0130ran Cumhurba\u015fkan\u0131 Mesud Peze\u015fkiyan, Per\u015fembe g\u00fcn\u00fc yapt\u0131\u011f\u0131 a\u00e7\u0131klamada, ABD&#8217;nin m\u00fczakereler s\u00fcrerken Tahran&#8217;a yeniden sald\u0131rabilece\u011fi konusunda sert bir uyar\u0131da bulundu. Anadolu Ajans\u0131&#8217;n\u0131n bildirdi\u011fine g\u00f6re Peze\u015fkiyan, Washington&#8217;a olan g\u00fcvenin &#8220;tamamen yok edildi\u011fini&#8221; vurgulad\u0131. \u0130ran&#8217;\u0131n Diplomasiye Ba\u011fl\u0131l\u0131\u011f\u0131 ve ABD&#8217;nin \u0130haneti Belaruslu mevkida\u015f\u0131 Aleksandr Luka\u015fenko ile yapt\u0131\u011f\u0131 telefon g\u00f6r\u00fc\u015fmesinde Cumhurba\u015fkan\u0131 Peze\u015fkiyan, diyalog ve diplomasinin \u0130ran&#8217;\u0131n g\u00fcndeminde her zaman \u00fcst [&hellip;]<\/p>\n","protected":false},"author":2,"featured_media":14041,"comment_status":"open","ping_status":"open","sticky":false,"template":"","format":"standard","meta":{"footnotes":""},"categories":[37],"tags":[],"class_list":["post-14040","post","type-post","status-publish","format-standard","has-post-thumbnail","hentry","category-orta-dogu-haberleri"],"_links":{"self":[{"href":"https:\/\/fajr.news\/index.php?rest_route=\/wp\/v2\/posts\/14040","targetHints":{"allow":["GET"]}}],"collection":[{"href":"https:\/\/fajr.news\/index.php?rest_route=\/wp\/v2\/posts"}],"about":[{"href":"https:\/\/fajr.news\/index.php?rest_route=\/wp\/v2\/types\/post"}],"author":[{"embeddable":true,"href":"https:\/\/fajr.news\/index.php?rest_route=\/wp\/v2\/users\/2"}],"replies":[{"embeddable":true,"href":"https:\/\/fajr.news\/index.php?rest_route=%2Fwp%2Fv2%2Fcomments&post=14040"}],"version-history":[{"count":0,"href":"https:\/\/fajr.news\/index.php?rest_route=\/wp\/v2\/posts\/14040\/revisions"}],"wp:featuredmedia":[{"embeddable":true,"href":"https:\/\/fajr.news\/index.php?rest_route=\/wp\/v2\/media\/14041"}],"wp:attachment":[{"href":"https:\/\/fajr.news\/index.php?rest_route=%2Fwp%2Fv2%2Fmedia&parent=14040"}],"wp:term":[{"taxonomy":"category","embeddable":true,"href":"https:\/\/fajr.news\/index.php?rest_route=%2Fwp%2Fv2%2Fcategories&post=14040"},{"taxonomy":"post_tag","embeddable":true,"href":"https:\/\/fajr.news\/index.php?rest_route=%2Fwp%2Fv2%2Ftags&post=14040"}],"curies":[{"name":"wp","href":"https:\/\/api.w.org\/{rel}","templated":true}]}}