{"id":14024,"date":"2026-05-01T05:06:54","date_gmt":"2026-05-01T01:36:54","guid":{"rendered":"https:\/\/fajr.news\/?p=14024"},"modified":"2026-05-01T05:06:54","modified_gmt":"2026-05-01T01:36:54","slug":"son-dakika-trump-iranin-baris-teklifini-reddetti-abd-icinde-savas-politikalarina-karsi-sesler-yukseliyor","status":"publish","type":"post","link":"https:\/\/fajr.news\/?p=14024&lang=tr","title":{"rendered":"Son Dakika: Trump, \u0130ran&#8217;\u0131n Bar\u0131\u015f Teklifini Reddetti; ABD \u0130\u00e7inde Sava\u015f Politikalar\u0131na Kar\u015f\u0131 Sesler Y\u00fckseliyor"},"content":{"rendered":"<h1>Son Dakika: Trump, \u0130ran&#8217;\u0131n Bar\u0131\u015f Teklifini Reddetti; ABD \u0130\u00e7inde Sava\u015f Politikalar\u0131na Kar\u015f\u0131 Sesler Y\u00fckseliyor<\/h1>\n<p><strong>Washington \u2013<\/strong> ABD Ba\u015fkan\u0131 Donald Trump, \u0130ran&#8217;\u0131n H\u00fcrm\u00fcz Bo\u011faz\u0131&#8217;n\u0131 yeniden a\u00e7ma kar\u015f\u0131l\u0131\u011f\u0131nda ABD ablukas\u0131n\u0131n kald\u0131r\u0131lmas\u0131 y\u00f6n\u00fcndeki son teklifini reddederek, b\u00f6lgedeki gerilimi t\u0131rmand\u0131rmaya devam etti. Bu geli\u015fme, ABD Savunma Bakan\u0131 Pete Hegseth&#8217;in Temsilciler Meclisi \u00fcyeleri taraf\u0131ndan \u0130ran&#8217;a kar\u015f\u0131 y\u00fcr\u00fct\u00fclen ve Demokratlarca &#8216;maliyetli bir tercih sava\u015f\u0131&#8217; olarak nitelendirilen \u00e7at\u0131\u015fma nedeniyle alt\u0131 saate yak\u0131n sorgulanmas\u0131yla e\u015f zamanl\u0131 ya\u015fand\u0131.<\/p>\n<h2>ABD&#8217;de Sava\u015f Politikalar\u0131na Kar\u015f\u0131 \u0130\u00e7 Muhalefet B\u00fcy\u00fcyor<\/h2>\n<p>Savunma Bakan\u0131 Hegseth, Ba\u015fkan Trump y\u00f6netiminin \u0130ran&#8217;a kar\u015f\u0131 ba\u015flatt\u0131\u011f\u0131 ve Kongre onay\u0131 olmaks\u0131z\u0131n y\u00fcr\u00fct\u00fclen bu \u00e7at\u0131\u015fma nedeniyle Temsilciler Meclisi&#8217;nde ilk kez sorguland\u0131. Demokratlar, sava\u015f\u0131n \u015fi\u015fen maliyetleri, ABD m\u00fchimmat stoklar\u0131ndaki b\u00fcy\u00fck d\u00fc\u015f\u00fc\u015f ve masum \u00e7ocuklar\u0131n \u00f6l\u00fcm\u00fcne yol a\u00e7an bir ilkokulun bombalanmas\u0131 gibi konulara odakland\u0131. Baz\u0131 milletvekilleri, ABD savunmas\u0131n\u0131 a\u015farak Amerikan askerlerini \u00f6ld\u00fcren veya yaralayan \u0130ran insans\u0131z hava ara\u00e7lar\u0131na kar\u015f\u0131 ordunun ne kadar haz\u0131rl\u0131kl\u0131 oldu\u011funu da sorgulad\u0131.<\/p>\n<p>Hegseth, milletvekillerinin sorular\u0131na &#8216;beceriksizce&#8217; yan\u0131tlar vermekle su\u00e7lan\u0131rken, Cumhuriyet\u00e7iler \u015fimdilik Trump&#8217;\u0131n sava\u015f zaman\u0131 liderli\u011fine g\u00fcvendiklerini belirtti. Ancak, \u00e7at\u0131\u015fman\u0131n uzamas\u0131 halinde baz\u0131 GOP milletvekillerinin gelecekteki oylamalar\u0131 ba\u015fkan i\u00e7in \u00f6nemli bir test olarak g\u00f6rd\u00fc\u011f\u00fc ifade edildi.<\/p>\n<h2>\u0130ran&#8217;dan Yo\u011fun Diplomasi Hamlesi<\/h2>\n<p>ABD&#8217;nin tek tarafl\u0131 ve yasa d\u0131\u015f\u0131 eylemlerine kar\u015f\u0131 \u0130ran, uluslararas\u0131 alanda diplomatik \u00e7abalar\u0131n\u0131 yo\u011funla\u015ft\u0131rd\u0131. \u0130ran D\u0131\u015fi\u015fleri Bakan\u0131 Abbas Araghchi, Hindistan, Kenya ve Polonya d\u0131\u015fi\u015fleri bakanlar\u0131, Uluslararas\u0131 K\u0131z\u0131lha\u00e7 Komitesi Ba\u015fkan\u0131 Mirjana Spoljaric ve L\u00fcbnan Parlamento Ba\u015fkan\u0131 Nabih Berri ile bir dizi telefon g\u00f6r\u00fc\u015fmesi ger\u00e7ekle\u015ftirdi. Araghchi, g\u00f6r\u00fc\u015fmelerde b\u00f6lgedeki durumu ve ABD&#8217;nin uluslararas\u0131 seyr\u00fcsefer \u00f6zg\u00fcrl\u00fc\u011f\u00fcn\u00fc tehdit eden yasa d\u0131\u015f\u0131 eylemlerinin sonu\u00e7lar\u0131n\u0131 muhataplar\u0131na aktard\u0131. Daha \u00f6nce Umman, Pakistan ve Rusya&#8217;y\u0131 ziyaret eden Araghchi, Tahran ile Washington aras\u0131ndaki durmu\u015f m\u00fczakereleri yeniden canland\u0131rma \u00e7abalar\u0131n\u0131 s\u00fcrd\u00fcr\u00fcyor.<\/p>\n<h2>ABD Askeri G\u00fcc\u00fcnde Gerilim ve Tart\u0131\u015fmalar<\/h2>\n<ul>\n<li><strong>USS Ford U\u00e7ak Gemisi Rekor S\u00fcre Sonras\u0131 D\u00f6n\u00fcyor:<\/strong> D\u00fcnyan\u0131n en b\u00fcy\u00fck u\u00e7ak gemisi USS Ford, \u0130ran&#8217;a kar\u015f\u0131 y\u00fcr\u00fct\u00fclen sava\u015f ve eski Venezuela Devlet Ba\u015fkan\u0131 Nicol\u00e1s Maduro&#8217;nun yakalanmas\u0131 da dahil olmak \u00fczere 300 g\u00fcnden fazla denizde kald\u0131ktan sonra evine d\u00f6n\u00fcyor. Bu rekor s\u00fcreli konu\u015fland\u0131rma, ABD askeri g\u00fcc\u00fc \u00fczerindeki bask\u0131y\u0131 g\u00f6zler \u00f6n\u00fcne serdi.<\/li>\n<li><strong>Trump, Almanya&#8217;daki Asker Say\u0131s\u0131n\u0131 Azaltmay\u0131 D\u00fc\u015f\u00fcn\u00fcyor:<\/strong> Ba\u015fkan Trump, Almanya Ba\u015fbakan\u0131 Friedrich Merz ile \u0130ran sava\u015f\u0131 konusundaki gerilimler artarken, ABD&#8217;nin Almanya&#8217;daki askeri varl\u0131\u011f\u0131n\u0131 azaltma tehdidinde bulundu. Bu durum, ABD&#8217;nin m\u00fcttefikleriyle bile stratejik konularda ya\u015fad\u0131\u011f\u0131 anla\u015fmazl\u0131klar\u0131 g\u00f6steriyor.<\/li>\n<li><strong>Hegseth&#8217;ten Tart\u0131\u015fmal\u0131 G\u00f6revden Almalar:<\/strong> Savunma Bakan\u0131 Hegseth, iki kad\u0131n ve iki siyahi subay\u0131n terfi listesinden \u00e7\u0131kar\u0131lmas\u0131 emrini verdi\u011fini do\u011frulad\u0131. Bu kararlar, askeri liderlerin g\u00f6revden al\u0131nmas\u0131 konusundaki ele\u015ftirileri art\u0131r\u0131rken, Hegseth&#8217;in &#8216;do\u011fru liderli\u011fi sa\u011flamak i\u00e7in&#8217; bu kararlar\u0131 ald\u0131\u011f\u0131n\u0131 belirtmesi, Pentagon i\u00e7indeki derin ayr\u0131l\u0131klar\u0131 ortaya koydu.<\/li>\n<li><strong>Ukrayna Yard\u0131mlar\u0131 Nihayet Serbest B\u0131rak\u0131ld\u0131:<\/strong> Hegseth, aylarca s\u00fcren gecikmenin ard\u0131ndan Pentagon&#8217;un 400 milyon dolarl\u0131k Ukrayna yard\u0131m\u0131n\u0131n harcanmas\u0131na izin verdi\u011fini a\u00e7\u0131klad\u0131. Bu durum, ABD&#8217;nin d\u0131\u015f politika \u00f6nceliklerinde dahi i\u00e7 \u00e7eki\u015fmeler ya\u015fad\u0131\u011f\u0131n\u0131 g\u00f6steriyor.<\/li>\n<\/ul>\n<h2>Sava\u015f\u0131n Ekonomik Y\u00fck\u00fc ve Halk\u0131n Tepkisi<\/h2>\n<p>\u0130ran sava\u015f\u0131 s\u0131ras\u0131nda Amerikan halk\u0131, son altm\u0131\u015f y\u0131l\u0131n en b\u00fcy\u00fck ayl\u0131k benzin fiyat\u0131 art\u0131\u015f\u0131yla kar\u015f\u0131la\u015ft\u0131. Savunma Bakan\u0131 Hegseth, bu konudaki sorular\u0131 California&#8217;daki y\u00fcksek fiyatlara at\u0131fta bulunarak ge\u00e7i\u015ftirmeye \u00e7al\u0131\u015ft\u0131. Demokratlar, sava\u015f\u0131n Amerikan vergi m\u00fckellefleri \u00fczerindeki etkisini g\u00f6rmezden geldi\u011fi i\u00e7in Hegseth&#8217;i ele\u015ftirdi. Ba\u015fkan Trump&#8217;\u0131n Birle\u015fik Arap Emirlikleri&#8217;nin OPEC&#8217;ten ayr\u0131lma plan\u0131n\u0131 &#8216;harika&#8217; olarak nitelendirmesi, petrol piyasalar\u0131ndaki dalgalanmay\u0131 kontrol alt\u0131na alma \u00e7abas\u0131 olarak yorumland\u0131.<\/p>\n<p>TotalEnergies gibi enerji devlerinin sava\u015f nedeniyle artan fiyatlardan b\u00fcy\u00fck karlar elde etmesi, iklim aktivistlerinin fosil yak\u0131t \u015firketlerine &#8216;beklenmedik kar vergisi&#8217; uygulanmas\u0131 \u00e7a\u011fr\u0131lar\u0131na yol a\u00e7t\u0131. Bu durum, sava\u015f\u0131n k\u00fcresel ekonomide yaratt\u0131\u011f\u0131 adaletsizli\u011fi ve halk\u0131n s\u0131rt\u0131na y\u00fcklenen maliyetleri vurguluyor.<\/p>\n<h2>Rusya&#8217;dan Uyar\u0131 ve Arabuluculuk Teklifi<\/h2>\n<p>Rusya Devlet Ba\u015fkan\u0131 Vladimir Putin, Trump ile yapt\u0131\u011f\u0131 telefon g\u00f6r\u00fc\u015fmesinde \u0130ran sava\u015f\u0131 hakk\u0131nda konu\u015ftu ve d\u00fc\u015fmanl\u0131klar\u0131n yeniden ba\u015flamas\u0131 halinde &#8216;vahim sonu\u00e7lar&#8217; konusunda uyard\u0131. Kremlin dan\u0131\u015fman\u0131 Yuri Ushakov, Putin&#8217;in ABD ba\u015fkan\u0131na \u0130ran topraklar\u0131nda bir kara operasyonunun tamamen &#8216;kabul edilemez ve tehlikeli&#8217; olaca\u011f\u0131n\u0131 s\u00f6yledi\u011fini aktard\u0131. Putin ayr\u0131ca, \u0130ran&#8217;\u0131n zenginle\u015ftirilmi\u015f uranyumunu ele alma konusunda Rusya&#8217;n\u0131n \u00fc\u00e7\u00fcnc\u00fc bir \u00fclke olarak hizmet verme teklifini yineledi, bu da Rusya&#8217;n\u0131n gerilimi azaltma ve diplomatik \u00e7\u00f6z\u00fcm aray\u0131\u015f\u0131ndaki rol\u00fcn\u00fc peki\u015ftiriyor.<\/p>\n<h2>\u0130ran&#8217;da \u0130nsan Haklar\u0131 Aktivisti Hakk\u0131nda Rapor<\/h2>\n<p>Bir vakf\u0131n raporuna g\u00f6re, \u0130ranl\u0131 insan haklar\u0131 aktivisti ve Nobel \u00f6d\u00fcll\u00fc Narges Mohammadi&#8217;nin sa\u011fl\u0131\u011f\u0131, y\u00fcksek tansiyon ve h\u0131zl\u0131 kilo kayb\u0131 nedeniyle &#8216;yak\u0131n tehlikede&#8217;. \u00d6l\u00fcm cezas\u0131na ve zorunlu ba\u015f\u00f6rt\u00fcs\u00fcne kar\u015f\u0131 duru\u015fu nedeniyle 2016&#8217;dan bu yana \u00e7e\u015fitli d\u00f6nemlerde hapsedilen Mohammadi, devlet g\u00fcvenli\u011fine kar\u015f\u0131 i\u015fbirli\u011fi ve propaganda su\u00e7lamalar\u0131yla 8 \u015eubat&#8217;ta 7,5 y\u0131l hapis cezas\u0131na \u00e7arpt\u0131r\u0131lm\u0131\u015ft\u0131. Raporda, Mohammadi&#8217;nin s\u00fcrekli g\u00f6\u011f\u00fcs a\u011fr\u0131s\u0131 \u00e7ekti\u011fi ve son \u00fc\u00e7 g\u00fcnd\u00fcr ila\u00e7lara yan\u0131t vermeyen y\u00fcksek tansiyon ya\u015fad\u0131\u011f\u0131 belirtildi. \u0130ran&#8217;\u0131n adli t\u0131p uzman\u0131n\u0131n en az bir ay \u00f6zel kalp bak\u0131m\u0131 ihtiyac\u0131n\u0131 onaylamas\u0131na ra\u011fmen, Tahran savc\u0131lar\u0131n\u0131n cezas\u0131n\u0131n ge\u00e7ici olarak ertelenmesini reddetti\u011fi ifade edildi. Hukuk ekibi, son ziyaretlerinin ard\u0131ndan durumunun kritik bir noktaya ula\u015ft\u0131\u011f\u0131n\u0131 bildirdi.<\/p>\n<h2>B\u00f6lgesel Geli\u015fmeler ve \u0130\u00e7 \u00c7at\u0131\u015fmalar<\/h2>\n<ul>\n<li><strong>\u0130ran&#8217;da Polis \u00c7at\u0131\u015fmas\u0131:<\/strong> \u0130ran&#8217;\u0131n Sistan ve Belucistan eyaletinde polisle silahl\u0131 bir grup aras\u0131nda \u00e7\u0131kan \u00e7at\u0131\u015fmada iki ki\u015fi hayat\u0131n\u0131 kaybetti. B\u00f6lge, uyu\u015fturucu ka\u00e7ak\u00e7\u0131lar\u0131 ve militan gruplarla g\u00fcvenlik g\u00fc\u00e7leri aras\u0131ndaki \u00e7at\u0131\u015fmalara sahne olmaya devam ediyor.<\/li>\n<li><strong>\u0130srail&#8217;de Ultra-Ortodoks Protestolar\u0131:<\/strong> \u0130srail genelinde, \u00f6zellikle Kud\u00fcs&#8217;te, ultra-Ortodoks Yahudiler askerlik yasas\u0131na kar\u015f\u0131 protestolar d\u00fczenledi. Bu protestolar, \u0130srail&#8217;in i\u00e7 siyasetindeki derin b\u00f6l\u00fcnmeleri ve toplumsal gerilimleri g\u00f6zler \u00f6n\u00fcne serdi.<\/li>\n<li><strong>L\u00fcbnan&#8217;da G\u0131da G\u00fcvensizli\u011fi:<\/strong> Birle\u015fmi\u015f Milletler raporuna g\u00f6re, L\u00fcbnan n\u00fcfusunun yakla\u015f\u0131k d\u00f6rtte biri akut g\u0131da g\u00fcvensizli\u011fiyle kar\u015f\u0131 kar\u015f\u0131ya. B\u00f6lgedeki \u00e7at\u0131\u015fmalar ve ekonomik \u00e7\u00f6k\u00fc\u015f, halk\u0131n ya\u015fam ko\u015fullar\u0131n\u0131 daha da k\u00f6t\u00fcle\u015ftiriyor.<\/li>\n<\/ul>\n<p>Bu geli\u015fmeler, ABD y\u00f6netiminin \u0130ran&#8217;a kar\u015f\u0131 izledi\u011fi politikalar\u0131n hem uluslararas\u0131 arenada hem de kendi i\u00e7inde ciddi sorunlara yol a\u00e7t\u0131\u011f\u0131n\u0131 g\u00f6steriyor. \u0130ran ise diplomatik kanallar\u0131 a\u00e7\u0131k tutarak ve uluslararas\u0131 hukuka uygun bir duru\u015f sergileyerek b\u00f6lgede bar\u0131\u015f ve istikrar\u0131 savunmaya devam ediyor.<\/p>\n<p>#\u0130ran #ABD #Trump #Hegseth #H\u00fcrm\u00fczBo\u011faz\u0131 #Diplomasi #Sava\u015fKar\u015f\u0131t\u0131 #B\u00f6lgeselG\u00fcvenlik #N\u00fckleerProgram #PetrolFiyatlar\u0131<\/p>\n","protected":false},"excerpt":{"rendered":"<p>Son Dakika: Trump, \u0130ran&#8217;\u0131n Bar\u0131\u015f Teklifini Reddetti; ABD \u0130\u00e7inde Sava\u015f Politikalar\u0131na Kar\u015f\u0131 Sesler Y\u00fckseliyor Washington \u2013 ABD Ba\u015fkan\u0131 Donald Trump, \u0130ran&#8217;\u0131n H\u00fcrm\u00fcz Bo\u011faz\u0131&#8217;n\u0131 yeniden a\u00e7ma kar\u015f\u0131l\u0131\u011f\u0131nda ABD ablukas\u0131n\u0131n kald\u0131r\u0131lmas\u0131 y\u00f6n\u00fcndeki son teklifini reddederek, b\u00f6lgedeki gerilimi t\u0131rmand\u0131rmaya devam etti. Bu geli\u015fme, ABD Savunma Bakan\u0131 Pete Hegseth&#8217;in Temsilciler Meclisi \u00fcyeleri taraf\u0131ndan \u0130ran&#8217;a kar\u015f\u0131 y\u00fcr\u00fct\u00fclen ve Demokratlarca &#8216;maliyetli [&hellip;]<\/p>\n","protected":false},"author":2,"featured_media":14025,"comment_status":"open","ping_status":"open","sticky":false,"template":"","format":"standard","meta":{"footnotes":""},"categories":[31],"tags":[],"class_list":["post-14024","post","type-post","status-publish","format-standard","has-post-thumbnail","hentry","category-iran-haberleri"],"_links":{"self":[{"href":"https:\/\/fajr.news\/index.php?rest_route=\/wp\/v2\/posts\/14024","targetHints":{"allow":["GET"]}}],"collection":[{"href":"https:\/\/fajr.news\/index.php?rest_route=\/wp\/v2\/posts"}],"about":[{"href":"https:\/\/fajr.news\/index.php?rest_route=\/wp\/v2\/types\/post"}],"author":[{"embeddable":true,"href":"https:\/\/fajr.news\/index.php?rest_route=\/wp\/v2\/users\/2"}],"replies":[{"embeddable":true,"href":"https:\/\/fajr.news\/index.php?rest_route=%2Fwp%2Fv2%2Fcomments&post=14024"}],"version-history":[{"count":0,"href":"https:\/\/fajr.news\/index.php?rest_route=\/wp\/v2\/posts\/14024\/revisions"}],"wp:featuredmedia":[{"embeddable":true,"href":"https:\/\/fajr.news\/index.php?rest_route=\/wp\/v2\/media\/14025"}],"wp:attachment":[{"href":"https:\/\/fajr.news\/index.php?rest_route=%2Fwp%2Fv2%2Fmedia&parent=14024"}],"wp:term":[{"taxonomy":"category","embeddable":true,"href":"https:\/\/fajr.news\/index.php?rest_route=%2Fwp%2Fv2%2Fcategories&post=14024"},{"taxonomy":"post_tag","embeddable":true,"href":"https:\/\/fajr.news\/index.php?rest_route=%2Fwp%2Fv2%2Ftags&post=14024"}],"curies":[{"name":"wp","href":"https:\/\/api.w.org\/{rel}","templated":true}]}}