{"id":14012,"date":"2026-05-01T04:59:01","date_gmt":"2026-05-01T01:29:01","guid":{"rendered":"https:\/\/fajr.news\/?p=14012"},"modified":"2026-05-01T04:59:01","modified_gmt":"2026-05-01T01:29:01","slug":"trump-ve-fox-news-baenin-opecten-ayrilma-kararini-ovdu","status":"publish","type":"post","link":"https:\/\/fajr.news\/?p=14012&lang=tr","title":{"rendered":"Trump ve Fox News, BAE&#8217;nin OPEC&#8217;ten Ayr\u0131lma Karar\u0131n\u0131 \u00d6vd\u00fc"},"content":{"rendered":"<p>ABD Ba\u015fkan\u0131 Donald Trump \u00c7ar\u015famba g\u00fcn\u00fc yapt\u0131\u011f\u0131 a\u00e7\u0131klamada, ABD-\u0130srail&#8217;in \u0130ran&#8217;a kar\u015f\u0131 y\u00fcr\u00fctt\u00fc\u011f\u00fc sava\u015f\u0131n sonu\u00e7lar\u0131 ortas\u0131nda Birle\u015fik Arap Emirlikleri&#8217;nin (BAE) Petrol \u0130hra\u00e7 Eden \u00dclkeler \u00d6rg\u00fct\u00fc (OPEC) \u00fcyeli\u011finden ayr\u0131lma karar\u0131n\u0131 onaylad\u0131\u011f\u0131n\u0131 belirtti.<br \/>\nTrump, BAE lideri Mohamed bin Zayed hakk\u0131nda, &#8220;Bence harika bir karar. Onu \u00e7ok iyi tan\u0131yorum. Muhammed. \u00c7ok zeki ve muhtemelen kendi yoluna gitmek istiyor,&#8221; dedi. Genellikle MBZ k\u0131saltmas\u0131yla an\u0131lan Zayed i\u00e7in Trump, &#8220;Bu iyi bir \u015fey. Bence nihayetinde benzin fiyatlar\u0131n\u0131 d\u00fc\u015f\u00fcrmek, petrol fiyatlar\u0131n\u0131 d\u00fc\u015f\u00fcrmek, her \u015feyi d\u00fc\u015f\u00fcrmek i\u00e7in iyi bir \u015fey. Her \u015feye sahipler. Asl\u0131nda harika bir lider. Yani, hay\u0131r, ben sorun g\u00f6rm\u00fcyorum. OPEC&#8217;te baz\u0131 sorunlar ya\u015f\u0131yorlar,&#8221; ifadelerini kulland\u0131.<br \/>\nOPEC d\u0131\u015f\u0131nda BAE, \u00fcretimi art\u0131rma \u00f6zg\u00fcrl\u00fc\u011f\u00fcne sahip olacak ve bu da potansiyel olarak enerji fiyatlar\u0131n\u0131n d\u00fc\u015fmesine yol a\u00e7abilir. Trump y\u00f6netimi, \u0130ran&#8217;a kar\u015f\u0131 y\u00fcr\u00fct\u00fclen sava\u015f\u0131n ortas\u0131nda daha d\u00fc\u015f\u00fck enerji fiyatlar\u0131n\u0131 memnuniyetle kar\u015f\u0131layacakt\u0131r.<br \/>\n#Trump #BAE #OPEC #PetrolFiyatlar\u0131 #EnerjiPiyasas\u0131 #Ortado\u011fu #MohamedBinZayed #ABD\u0130ranGerilimi #Ekonomi #Siyaset<\/p>\n","protected":false},"excerpt":{"rendered":"<p>ABD Ba\u015fkan\u0131 Donald Trump \u00c7ar\u015famba g\u00fcn\u00fc yapt\u0131\u011f\u0131 a\u00e7\u0131klamada, ABD-\u0130srail&#8217;in \u0130ran&#8217;a kar\u015f\u0131 y\u00fcr\u00fctt\u00fc\u011f\u00fc sava\u015f\u0131n sonu\u00e7lar\u0131 ortas\u0131nda Birle\u015fik Arap Emirlikleri&#8217;nin (BAE) Petrol \u0130hra\u00e7 Eden \u00dclkeler \u00d6rg\u00fct\u00fc (OPEC) \u00fcyeli\u011finden ayr\u0131lma karar\u0131n\u0131 onaylad\u0131\u011f\u0131n\u0131 belirtti. Trump, BAE lideri Mohamed bin Zayed hakk\u0131nda, &#8220;Bence harika bir karar. Onu \u00e7ok iyi tan\u0131yorum. Muhammed. \u00c7ok zeki ve muhtemelen kendi yoluna gitmek istiyor,&#8221; dedi. [&hellip;]<\/p>\n","protected":false},"author":2,"featured_media":14013,"comment_status":"open","ping_status":"open","sticky":false,"template":"","format":"standard","meta":{"footnotes":""},"categories":[37],"tags":[],"class_list":["post-14012","post","type-post","status-publish","format-standard","has-post-thumbnail","hentry","category-orta-dogu-haberleri"],"_links":{"self":[{"href":"https:\/\/fajr.news\/index.php?rest_route=\/wp\/v2\/posts\/14012","targetHints":{"allow":["GET"]}}],"collection":[{"href":"https:\/\/fajr.news\/index.php?rest_route=\/wp\/v2\/posts"}],"about":[{"href":"https:\/\/fajr.news\/index.php?rest_route=\/wp\/v2\/types\/post"}],"author":[{"embeddable":true,"href":"https:\/\/fajr.news\/index.php?rest_route=\/wp\/v2\/users\/2"}],"replies":[{"embeddable":true,"href":"https:\/\/fajr.news\/index.php?rest_route=%2Fwp%2Fv2%2Fcomments&post=14012"}],"version-history":[{"count":0,"href":"https:\/\/fajr.news\/index.php?rest_route=\/wp\/v2\/posts\/14012\/revisions"}],"wp:featuredmedia":[{"embeddable":true,"href":"https:\/\/fajr.news\/index.php?rest_route=\/wp\/v2\/media\/14013"}],"wp:attachment":[{"href":"https:\/\/fajr.news\/index.php?rest_route=%2Fwp%2Fv2%2Fmedia&parent=14012"}],"wp:term":[{"taxonomy":"category","embeddable":true,"href":"https:\/\/fajr.news\/index.php?rest_route=%2Fwp%2Fv2%2Fcategories&post=14012"},{"taxonomy":"post_tag","embeddable":true,"href":"https:\/\/fajr.news\/index.php?rest_route=%2Fwp%2Fv2%2Ftags&post=14012"}],"curies":[{"name":"wp","href":"https:\/\/api.w.org\/{rel}","templated":true}]}}