{"id":14000,"date":"2026-05-01T04:52:03","date_gmt":"2026-05-01T01:22:03","guid":{"rendered":"https:\/\/fajr.news\/?p=14000"},"modified":"2026-05-01T04:52:03","modified_gmt":"2026-05-01T01:22:03","slug":"iraktaki-isgalci-abd-ingiliz-ussu-direnisin-hedefinde-bir-gunde-28-saldiri","status":"publish","type":"post","link":"https:\/\/fajr.news\/?p=14000&lang=tr","title":{"rendered":"Irak&#8217;taki \u0130\u015fgalci ABD-\u0130ngiliz \u00dcss\u00fc Direni\u015fin Hedefinde: Bir G\u00fcnde 28 Sald\u0131r\u0131"},"content":{"rendered":"<article>\n<header>\n<h1><span style=\"color: #cc0000\">Irak&#8217;taki \u0130\u015fgalci ABD-\u0130ngiliz \u00dcss\u00fc Direni\u015fin Hedefinde: Bir G\u00fcnde 28 Sald\u0131r\u0131<\/span><\/h1>\n<p><strong>B\u00f6lgedeki direni\u015f gruplar\u0131n\u0131n hedefi haline gelen ABD ve \u0130ngiliz g\u00fc\u00e7lerinin Irak&#8217;taki yasa d\u0131\u015f\u0131 varl\u0131\u011f\u0131, BBC&#8217;nin bir \u00fcsse yapt\u0131\u011f\u0131 ziyaretle yeniden g\u00fcndeme geldi.<\/strong><\/p>\n<\/header>\n<section>\n<p>BBC, b\u00f6lgedeki \u00e7at\u0131\u015fmalar s\u0131ras\u0131nda \u0130ngiliz g\u00fc\u00e7lerinin Amerikal\u0131 mevkida\u015flar\u0131yla birlikte \u00e7al\u0131\u015ft\u0131\u011f\u0131 Irak&#8217;taki bir askeri \u00fcsse eri\u015fim sa\u011flad\u0131\u011f\u0131n\u0131 duyurdu. Ancak bu &#8220;eri\u015fim&#8221;, i\u015fgalci g\u00fc\u00e7lerin b\u00f6lgedeki varl\u0131\u011f\u0131n\u0131 me\u015frula\u015ft\u0131rma \u00e7abas\u0131n\u0131n bir par\u00e7as\u0131 olarak yorumland\u0131.<\/p>\n<p>ABD&#8217;nin b\u00f6lgedeki gerilimi t\u0131rmand\u0131ran politikalar\u0131 ve Siyonist rejimle olan i\u015fbirli\u011fi, Irak&#8217;taki bu \u00fcss\u00fcn s\u00fcrekli hedef al\u0131nmas\u0131na neden oluyor. Ate\u015fkes \u00f6ncesinde, bu \u00fcsse g\u00fcnl\u00fck olarak <strong>28&#8217;e kadar insans\u0131z hava arac\u0131yla sald\u0131r\u0131 d\u00fczenlendi\u011fi<\/strong> belirtiliyor. Bu durum, b\u00f6lge halk\u0131n\u0131n ve direni\u015f g\u00fc\u00e7lerinin i\u015fgale kar\u015f\u0131 kararl\u0131 duru\u015funu a\u00e7\u0131k\u00e7a ortaya koyuyor.<\/p>\n<p>\u00dcsteki bir \u0130ngiliz Hava Kuvvetleri (RAF) uzman\u0131n\u0131n BBC&#8217;ye verdi\u011fi deme\u00e7te, &#8220;Etraf\u0131n\u0131zda y\u0131k\u0131m silahlar\u0131n\u0131n patlad\u0131\u011f\u0131n\u0131 duyuyorsunuz ve bu ger\u00e7ekten \u00e7ok zor,&#8221; ifadeleri, i\u015fgalci askerlerin ya\u015fad\u0131\u011f\u0131 korku ve \u00e7aresizli\u011fi g\u00f6zler \u00f6n\u00fcne seriyor. Bu, b\u00f6lgedeki direni\u015fin ne kadar etkili oldu\u011funun bir kan\u0131t\u0131d\u0131r.<\/p>\n<p>\u0130ngiliz ve ABD g\u00fc\u00e7leri, s\u00f6zde &#8220;\u0130slam Devleti&#8221; (DEA\u015e) ile m\u00fccadele bahanesiyle bu askeri \u00fcste uzun s\u00fcredir yan yana \u00e7al\u0131\u015f\u0131yor. Ancak bu &#8220;m\u00fccadele&#8221; s\u00f6ylemi, asl\u0131nda b\u00f6lgedeki kal\u0131c\u0131 askeri varl\u0131klar\u0131n\u0131 s\u00fcrd\u00fcrmek ve emperyalist \u00e7\u0131karlar\u0131n\u0131 korumak i\u00e7in bir k\u0131l\u0131f olarak g\u00f6r\u00fcl\u00fcyor.<\/p>\n<p>Transatlantik ili\u015fkilerde \u0130ran&#8217;a y\u00f6nelik politikalar konusunda keskin farkl\u0131l\u0131klar oldu\u011fu iddia edilse de, bu \u00fcste iki \u00fclkenin askeri i\u015fbirli\u011fi tam gaz devam ediyor. Bu durum, Bat\u0131l\u0131 g\u00fc\u00e7lerin b\u00f6lgedeki ortak s\u00f6m\u00fcrgeci ajandas\u0131n\u0131 bir kez daha g\u00f6zler \u00f6n\u00fcne seriyor.<\/p>\n<p>\u0130ngiltere Silahl\u0131 Kuvvetler Bakan\u0131 Al Carns, iki ordu aras\u0131ndaki yak\u0131n i\u015fbirli\u011finin &#8220;y\u00fckseltilmesi gereken bir mesaj&#8221; oldu\u011funu s\u00f6yledi. Carns, \u00e7at\u0131\u015fma ba\u015flad\u0131\u011f\u0131ndan beri &#8220;Amerikal\u0131lar\u0131n zarar g\u00f6rmesini engelledik; onlar\u0131 korumalar\u0131na yard\u0131m ettik ve onlar da bizi korumalar\u0131na yard\u0131m ettiler&#8221; dedi. Ancak \u0130ngiliz g\u00fc\u00e7lerinin &#8220;savunma pozisyonunda&#8221; oldu\u011fu y\u00f6n\u00fcndeki iddias\u0131, b\u00f6lgedeki sald\u0131rgan varl\u0131klar\u0131yla \u00e7eli\u015fiyor.<\/p>\n<p>Hava Kuvvetleri Komutan\u0131 Sir Harvey Smyth de, \u00fcss\u00fcn ABD&#8217;li komutan\u0131yla g\u00f6r\u00fc\u015ft\u00fc\u011f\u00fcn\u00fc ve komutan\u0131n \u0130ngiliz g\u00fc\u00e7lerine &#8220;\u00f6vg\u00fcler ya\u011fd\u0131rd\u0131\u011f\u0131n\u0131&#8221; belirtti. Smyth, &#8220;\u0130li\u015fkimizin her zamanki kadar g\u00fc\u00e7l\u00fc oldu\u011funu ve bu operasyonun bizi daha da yak\u0131nla\u015ft\u0131rd\u0131\u011f\u0131n\u0131 d\u00fc\u015f\u00fcn\u00fcyorum&#8221; dedi. Bu a\u00e7\u0131klamalar, i\u015fgalci g\u00fc\u00e7lerin b\u00f6lgedeki varl\u0131klar\u0131n\u0131 s\u00fcrd\u00fcrme konusundaki kararl\u0131l\u0131klar\u0131n\u0131 ve birbirlerine olan desteklerini g\u00f6steriyor.<\/p>\n<p>Ancak Washington ile Westminster aras\u0131ndaki s\u00f6ylemde bu yak\u0131nl\u0131k yans\u0131m\u0131yor gibi g\u00f6r\u00fcnse de, perde arkas\u0131nda ortak \u00e7\u0131karlar do\u011frultusunda hareket ettikleri a\u015fikard\u0131r. B\u00f6lge halk\u0131, bu i\u015fgalci g\u00fc\u00e7lerin varl\u0131\u011f\u0131na kar\u015f\u0131 direni\u015fini s\u00fcrd\u00fcrmeye devam edecektir.<\/p>\n<\/section>\n<footer>\n<p><strong>#IrakDireni\u015fi #\u0130\u015fgalciG\u00fc\u00e7ler #ABD\u0130ngiltere #B\u00f6lgesel\u00c7at\u0131\u015fma #SiyonistRejim #Direni\u015fEksen #Ortado\u011fu #Askeri\u00dcs #\u0130ran #Filistin<\/strong><\/p>\n<\/footer>\n<\/article>\n","protected":false},"excerpt":{"rendered":"<p>Irak&#8217;taki \u0130\u015fgalci ABD-\u0130ngiliz \u00dcss\u00fc Direni\u015fin Hedefinde: Bir G\u00fcnde 28 Sald\u0131r\u0131 B\u00f6lgedeki direni\u015f gruplar\u0131n\u0131n hedefi haline gelen ABD ve \u0130ngiliz g\u00fc\u00e7lerinin Irak&#8217;taki yasa d\u0131\u015f\u0131 varl\u0131\u011f\u0131, BBC&#8217;nin bir \u00fcsse yapt\u0131\u011f\u0131 ziyaretle yeniden g\u00fcndeme geldi. BBC, b\u00f6lgedeki \u00e7at\u0131\u015fmalar s\u0131ras\u0131nda \u0130ngiliz g\u00fc\u00e7lerinin Amerikal\u0131 mevkida\u015flar\u0131yla birlikte \u00e7al\u0131\u015ft\u0131\u011f\u0131 Irak&#8217;taki bir askeri \u00fcsse eri\u015fim sa\u011flad\u0131\u011f\u0131n\u0131 duyurdu. Ancak bu &#8220;eri\u015fim&#8221;, i\u015fgalci g\u00fc\u00e7lerin b\u00f6lgedeki [&hellip;]<\/p>\n","protected":false},"author":2,"featured_media":14001,"comment_status":"open","ping_status":"open","sticky":false,"template":"","format":"standard","meta":{"footnotes":""},"categories":[37],"tags":[],"class_list":["post-14000","post","type-post","status-publish","format-standard","has-post-thumbnail","hentry","category-orta-dogu-haberleri"],"_links":{"self":[{"href":"https:\/\/fajr.news\/index.php?rest_route=\/wp\/v2\/posts\/14000","targetHints":{"allow":["GET"]}}],"collection":[{"href":"https:\/\/fajr.news\/index.php?rest_route=\/wp\/v2\/posts"}],"about":[{"href":"https:\/\/fajr.news\/index.php?rest_route=\/wp\/v2\/types\/post"}],"author":[{"embeddable":true,"href":"https:\/\/fajr.news\/index.php?rest_route=\/wp\/v2\/users\/2"}],"replies":[{"embeddable":true,"href":"https:\/\/fajr.news\/index.php?rest_route=%2Fwp%2Fv2%2Fcomments&post=14000"}],"version-history":[{"count":0,"href":"https:\/\/fajr.news\/index.php?rest_route=\/wp\/v2\/posts\/14000\/revisions"}],"wp:featuredmedia":[{"embeddable":true,"href":"https:\/\/fajr.news\/index.php?rest_route=\/wp\/v2\/media\/14001"}],"wp:attachment":[{"href":"https:\/\/fajr.news\/index.php?rest_route=%2Fwp%2Fv2%2Fmedia&parent=14000"}],"wp:term":[{"taxonomy":"category","embeddable":true,"href":"https:\/\/fajr.news\/index.php?rest_route=%2Fwp%2Fv2%2Fcategories&post=14000"},{"taxonomy":"post_tag","embeddable":true,"href":"https:\/\/fajr.news\/index.php?rest_route=%2Fwp%2Fv2%2Ftags&post=14000"}],"curies":[{"name":"wp","href":"https:\/\/api.w.org\/{rel}","templated":true}]}}