{"id":13995,"date":"2026-05-01T04:39:08","date_gmt":"2026-05-01T01:09:08","guid":{"rendered":"https:\/\/fajr.news\/?p=13995"},"modified":"2026-05-01T04:39:08","modified_gmt":"2026-05-01T01:09:08","slug":"orta-doguda-savasin-yaralarini-sarma-cabasi-kiliselerden-diyakonal-hizmet-semineri","status":"publish","type":"post","link":"https:\/\/fajr.news\/?p=13995&lang=tr","title":{"rendered":"Orta Do\u011fu&#8217;da Sava\u015f\u0131n Yaralar\u0131n\u0131 Sarma \u00c7abas\u0131: Kiliselerden Diyakonal Hizmet Semineri"},"content":{"rendered":"<h1>Orta Do\u011fu&#8217;da Sava\u015f\u0131n Yaralar\u0131n\u0131 Sarma \u00c7abas\u0131: Kiliselerden Diyakonal Hizmet Semineri<\/h1>\n<p>Orta Do\u011fu co\u011frafyas\u0131, uzun s\u00fcreli \u00e7at\u0131\u015fmalar\u0131n, derinle\u015fen insani krizlerin ve y\u0131k\u0131c\u0131 sosyal-ekonomik \u00e7alkant\u0131lar\u0131n pen\u00e7esinde k\u0131vranmaya devam ediyor. B\u00f6lgedeki topluluklar, yerinden edilme, ge\u00e7im kaynaklar\u0131n\u0131 kaybetme, temel hizmetlere eri\u015fimde k\u0131s\u0131tlamalar ve artan savunmas\u0131zl\u0131k gibi a\u011f\u0131r sorunlarla bo\u011fu\u015fuyor.<\/p>\n<p>Bu zorlu ko\u015fullarda, kiliseler ve kiliseye ba\u011fl\u0131 kurulu\u015flar, hizmet sa\u011flay\u0131c\u0131lar ve topluluklar\u0131n dayana\u011f\u0131 olarak hayati bir rol \u00fcstlenmi\u015f, di\u011fer sistemlerin \u00e7\u00f6kt\u00fc\u011f\u00fc veya eri\u015filemez hale geldi\u011fi yerlerde dahi varl\u0131klar\u0131n\u0131 s\u00fcrd\u00fcrm\u00fc\u015flerdir.<\/p>\n<p>Bu acil ihtiya\u00e7lara yan\u0131t vermek amac\u0131yla, <strong>7 May\u0131s Per\u015fembe g\u00fcn\u00fc, Orta Avrupa Yaz Saati ile 14.00&#8217;te (Beyrut saatiyle 15.00)<\/strong>, &#8216;Sava\u015f Zamanlar\u0131nda Kilisenin Rol\u00fc: Orta Do\u011fu&#8217;da Diyakonal Bir Yan\u0131t&#8217; ba\u015fl\u0131kl\u0131 \u00f6nemli bir \u00e7evrimi\u00e7i seminer d\u00fczenlenecek. Bu seminerde, sava\u015f zamanlar\u0131nda diyakonal hizmetin anlam\u0131, insani ve sosyal hizmet sunumu, sa\u011fl\u0131k ve \u015fifa hizmetleri, topluluk deste\u011fi ve sosyal uyum, psikososyal ve pastoral bak\u0131m ile k\u0131r\u0131lgan ba\u011flamlarda hizmetlerin s\u00fcrd\u00fcr\u00fclebilirli\u011fi gibi kritik konular ele al\u0131nacak.<\/p>\n<p>Seminerin moderat\u00f6rl\u00fc\u011f\u00fcn\u00fc \u00fcstlenecek olan MECC Genel Sekreteri Dr. Michel Abs&#8217;\u0131n vurgulad\u0131\u011f\u0131 gibi: <em>\u201cHristiyan diyakonia anlay\u0131\u015f\u0131na k\u00f6k salm\u0131\u015f olan kilisenin sava\u015f zamanlar\u0131ndaki misyonu, ihtiya\u00e7 sahiplerine pratik hizmet sunarak, inan\u00e7 veya k\u00f6ken fark etmeksizin t\u00fcm insanlar\u0131n onurlu bir ya\u015fam s\u00fcrmesini sa\u011flamakt\u0131r. Bu diyakonal hizmet yaln\u0131zca acil yard\u0131mla s\u0131n\u0131rl\u0131 de\u011fildir; anl\u0131k ihtiya\u00e7lara yan\u0131t verirken ayn\u0131 zamanda dayan\u0131kl\u0131l\u0131\u011f\u0131 ve iyile\u015fmeyi destekleyen s\u00fcrekli bir bak\u0131m zincirini i\u00e7erir.\u201d<\/em> Bu ifade, insani yard\u0131m\u0131n evrensel ve kapsay\u0131c\u0131 do\u011fas\u0131n\u0131 bir kez daha g\u00f6zler \u00f6n\u00fcne sermektedir.<\/p>\n<p>WCC ve MECC&#8217;nin ortak giri\u015fimi olan bu seminer, sahada ihtiya\u00e7 sahiplerine hizmet veren \u00e7e\u015fitli kurum ve ortaklar\u0131n seslerini duyurarak, b\u00f6lgedeki insani \u00e7abalar\u0131n \u00f6nemini bir kez daha vurgulayacakt\u0131r. Bu \u00f6nemli etkinli\u011fe kat\u0131lmak ve Orta Do\u011fu&#8217;da sava\u015f\u0131n yaralar\u0131n\u0131 sarmaya y\u00f6nelik diyakonal yan\u0131ta tan\u0131kl\u0131k etmek i\u00e7in \u015fimdi kaydolun.<\/p>\n<p>#OrtaDo\u011fu #Sava\u015fMa\u011fdurlar\u0131 #\u0130nsaniYard\u0131m #DiyakonalHizmet #Kiliseler #Dayan\u0131\u015fma #ToplumsalDestek #Sa\u011fl\u0131kHizmetleri #PsikososyalDestek #WebSemineri<\/p>\n","protected":false},"excerpt":{"rendered":"<p>Orta Do\u011fu&#8217;da Sava\u015f\u0131n Yaralar\u0131n\u0131 Sarma \u00c7abas\u0131: Kiliselerden Diyakonal Hizmet Semineri Orta Do\u011fu co\u011frafyas\u0131, uzun s\u00fcreli \u00e7at\u0131\u015fmalar\u0131n, derinle\u015fen insani krizlerin ve y\u0131k\u0131c\u0131 sosyal-ekonomik \u00e7alkant\u0131lar\u0131n pen\u00e7esinde k\u0131vranmaya devam ediyor. B\u00f6lgedeki topluluklar, yerinden edilme, ge\u00e7im kaynaklar\u0131n\u0131 kaybetme, temel hizmetlere eri\u015fimde k\u0131s\u0131tlamalar ve artan savunmas\u0131zl\u0131k gibi a\u011f\u0131r sorunlarla bo\u011fu\u015fuyor. Bu zorlu ko\u015fullarda, kiliseler ve kiliseye ba\u011fl\u0131 kurulu\u015flar, hizmet sa\u011flay\u0131c\u0131lar [&hellip;]<\/p>\n","protected":false},"author":2,"featured_media":0,"comment_status":"open","ping_status":"open","sticky":false,"template":"","format":"standard","meta":{"footnotes":""},"categories":[37],"tags":[],"class_list":["post-13995","post","type-post","status-publish","format-standard","hentry","category-orta-dogu-haberleri"],"_links":{"self":[{"href":"https:\/\/fajr.news\/index.php?rest_route=\/wp\/v2\/posts\/13995","targetHints":{"allow":["GET"]}}],"collection":[{"href":"https:\/\/fajr.news\/index.php?rest_route=\/wp\/v2\/posts"}],"about":[{"href":"https:\/\/fajr.news\/index.php?rest_route=\/wp\/v2\/types\/post"}],"author":[{"embeddable":true,"href":"https:\/\/fajr.news\/index.php?rest_route=\/wp\/v2\/users\/2"}],"replies":[{"embeddable":true,"href":"https:\/\/fajr.news\/index.php?rest_route=%2Fwp%2Fv2%2Fcomments&post=13995"}],"version-history":[{"count":0,"href":"https:\/\/fajr.news\/index.php?rest_route=\/wp\/v2\/posts\/13995\/revisions"}],"wp:attachment":[{"href":"https:\/\/fajr.news\/index.php?rest_route=%2Fwp%2Fv2%2Fmedia&parent=13995"}],"wp:term":[{"taxonomy":"category","embeddable":true,"href":"https:\/\/fajr.news\/index.php?rest_route=%2Fwp%2Fv2%2Fcategories&post=13995"},{"taxonomy":"post_tag","embeddable":true,"href":"https:\/\/fajr.news\/index.php?rest_route=%2Fwp%2Fv2%2Ftags&post=13995"}],"curies":[{"name":"wp","href":"https:\/\/api.w.org\/{rel}","templated":true}]}}