{"id":13981,"date":"2026-05-01T04:29:44","date_gmt":"2026-05-01T00:59:44","guid":{"rendered":"https:\/\/fajr.news\/?p=13981"},"modified":"2026-05-01T04:29:44","modified_gmt":"2026-05-01T00:59:44","slug":"orta-doguda-savas-son-gelismeler-6","status":"publish","type":"post","link":"https:\/\/fajr.news\/?p=13981&lang=tr","title":{"rendered":"Orta Do\u011fu&#8217;da Sava\u015f: Son Geli\u015fmeler"},"content":{"rendered":"<p>Orta Do\u011fu&#8217;daki sava\u015fta ya\u015fanan son geli\u015fmeler:<\/p>\n<p>\u2014 \u0130ran&#8217;da hava savunma sistemleri devreye girdi: Yerel medya \u2014<br \/>\n\u0130ran&#8217;\u0131n ba\u015fkenti Tahran&#8217;da Per\u015fembe gecesi k\u00fc\u00e7\u00fck u\u00e7ak ve dronlara kar\u015f\u0131 hava savunma sistemlerinin aktifle\u015fti\u011fi bildirildi. \u0130ran&#8217;\u0131n Tasnim ve Fars haber ajanslar\u0131, hava savunmas\u0131n\u0131n yakla\u015f\u0131k 20 dakika s\u00fcrd\u00fc\u011f\u00fcn\u00fc ve \u015fehrin &#8220;normal duruma&#8221; d\u00f6nd\u00fc\u011f\u00fcn\u00fc belirtti.<\/p>\n<p>\u2014 ABD, \u0130srail ve L\u00fcbnan liderlerini toplant\u0131ya \u00e7a\u011f\u0131rd\u0131 \u2014<br \/>\nABD&#8217;nin L\u00fcbnan B\u00fcy\u00fckel\u00e7ili\u011fi, \u0130srail&#8217;in \u00fclkenin g\u00fcneyine d\u00fczenledi\u011fi ve devam eden ate\u015fkese ra\u011fmen en az 15 ki\u015finin \u00f6l\u00fcm\u00fcne neden olan sald\u0131r\u0131lar\u0131n ard\u0131ndan L\u00fcbnan ve \u0130srail liderleri aras\u0131nda bir toplant\u0131 \u00e7a\u011fr\u0131s\u0131nda bulundu. B\u00fcy\u00fckel\u00e7ilik, &#8220;L\u00fcbnan bir yol ayr\u0131m\u0131nda. Halk\u0131, \u00fclkelerini geri alma ve geleceklerini ger\u00e7ekten egemen, ba\u011f\u0131ms\u0131z bir ulus olarak \u015fekillendirme konusunda tarihi bir f\u0131rsata sahip&#8221; a\u00e7\u0131klamas\u0131n\u0131 yaparak, &#8220;teredd\u00fct zaman\u0131n\u0131n sona erdi\u011fini&#8221; vurgulad\u0131. Trump&#8217;\u0131n, iki \u00fclke do\u011frudan m\u00fczakerelere haz\u0131rlan\u0131rken L\u00fcbnan Devlet Ba\u015fkan\u0131 Joseph Aoun ve \u0130srail Ba\u015fbakan\u0131 Binyamin Netanyahu&#8217;yu &#8220;\u00f6n\u00fcm\u00fczdeki birka\u00e7 hafta i\u00e7inde&#8221; a\u011f\u0131rlamay\u0131 umdu\u011fu belirtildi.<\/p>\n<p>\u2014 Trump, \u0130talya ve \u0130spanya&#8217;daki ABD askerlerini \u00e7ekmeyi d\u00fc\u015f\u00fcn\u00fcyor \u2014<br \/>\nBa\u015fkan Donald Trump, Per\u015fembe g\u00fcn\u00fc, \u0130ran sava\u015f\u0131na kar\u015f\u0131 muhalefetleri nedeniyle \u0130talya ve \u0130spanya&#8217;dan ABD askerlerini \u00e7ekebilece\u011fini s\u00f6yledi. Trump, Oval Ofis&#8217;te gazetecilere, \u0130spanya ve \u0130talya&#8217;daki Amerikan asker say\u0131s\u0131n\u0131 azaltmay\u0131 d\u00fc\u015f\u00fcn\u00fcp d\u00fc\u015f\u00fcnmeyece\u011fi soruldu\u011funda, &#8220;Evet, muhtemelen yapaca\u011f\u0131m. Neden yapmayay\u0131m ki?&#8221; dedi. Trump, &#8220;\u0130talya bize hi\u00e7bir faydas\u0131 olmad\u0131 ve \u0130spanya korkun\u00e7tu, kesinlikle korkun\u00e7tu&#8221; diye ekledi.<\/p>\n<p>\u2014 \u0130srail&#8217;den \u0130ran&#8217;a uyar\u0131 \u2014<br \/>\n\u0130srail Savunma Bakan\u0131, \u00fclkesinin \u0130ran&#8217;a kar\u015f\u0131 &#8220;yeniden harekete ge\u00e7mek&#8221; zorunda kalabilece\u011fini belirterek, \u0130slam Cumhuriyeti&#8217;nin &#8220;bir kez daha \u0130srail i\u00e7in bir tehdit haline gelmemesini&#8221; sa\u011flamak istediklerini ifade etti. \u0130srail Katz&#8217;\u0131n ofisinden yap\u0131lan a\u00e7\u0131klamaya g\u00f6re, &#8220;ABD Ba\u015fkan\u0131 Donald Trump, (\u0130srail) Ba\u015fbakan\u0131 Binyamin Netanyahu ile koordinasyon i\u00e7inde, \u0130ran&#8217;\u0131n gelecekte \u0130srail, Amerika Birle\u015fik Devletleri ve \u00f6zg\u00fcr d\u00fcnya i\u00e7in bir tehdit haline gelmemesini sa\u011flamak amac\u0131yla kampanyan\u0131n hedeflerine ula\u015fma \u00e7abalar\u0131na liderlik ediyor.&#8221;<\/p>\n<p>\u2014 BM: H\u00fcrm\u00fcz Bo\u011faz\u0131 ekonomiyi &#8216;bo\u011fuyor&#8217; \u2014<br \/>\nBM Genel Sekreteri Antonio Guterres, \u0130ran sava\u015f\u0131 nedeniyle H\u00fcrm\u00fcz Bo\u011faz\u0131&#8217;n\u0131n fiilen kapal\u0131 kalmas\u0131n\u0131n k\u00fcresel ekonomik etkilerinin k\u00f6t\u00fcle\u015fti\u011fi konusunda alarm verdi. Genel Sekreter, medyaya yapt\u0131\u011f\u0131 a\u00e7\u0131klamalarda, bu hayati su yolunun kapanmas\u0131n\u0131n &#8220;k\u00fcresel ekonomiyi bo\u011fdu\u011funu&#8221; uyard\u0131.<\/p>\n<p>\u2014 \u0130ran: Bo\u011fazda ABD varl\u0131\u011f\u0131 yok \u2014<\/p>\n<p>#OrtaDo\u011fuSava\u015f\u0131 #\u0130ran #\u0130srail #L\u00fcbnan #ABD #H\u00fcrm\u00fczBo\u011faz\u0131 #K\u00fcreselEkonomi #Diplomasi #AskeriGeli\u015fmeler #B\u00f6lgeselGerilim<\/p>\n","protected":false},"excerpt":{"rendered":"<p>Orta Do\u011fu&#8217;daki sava\u015fta ya\u015fanan son geli\u015fmeler: \u2014 \u0130ran&#8217;da hava savunma sistemleri devreye girdi: Yerel medya \u2014 \u0130ran&#8217;\u0131n ba\u015fkenti Tahran&#8217;da Per\u015fembe gecesi k\u00fc\u00e7\u00fck u\u00e7ak ve dronlara kar\u015f\u0131 hava savunma sistemlerinin aktifle\u015fti\u011fi bildirildi. \u0130ran&#8217;\u0131n Tasnim ve Fars haber ajanslar\u0131, hava savunmas\u0131n\u0131n yakla\u015f\u0131k 20 dakika s\u00fcrd\u00fc\u011f\u00fcn\u00fc ve \u015fehrin &#8220;normal duruma&#8221; d\u00f6nd\u00fc\u011f\u00fcn\u00fc belirtti. \u2014 ABD, \u0130srail ve L\u00fcbnan liderlerini [&hellip;]<\/p>\n","protected":false},"author":2,"featured_media":13982,"comment_status":"open","ping_status":"open","sticky":false,"template":"","format":"standard","meta":{"footnotes":""},"categories":[37],"tags":[],"class_list":["post-13981","post","type-post","status-publish","format-standard","has-post-thumbnail","hentry","category-orta-dogu-haberleri"],"_links":{"self":[{"href":"https:\/\/fajr.news\/index.php?rest_route=\/wp\/v2\/posts\/13981","targetHints":{"allow":["GET"]}}],"collection":[{"href":"https:\/\/fajr.news\/index.php?rest_route=\/wp\/v2\/posts"}],"about":[{"href":"https:\/\/fajr.news\/index.php?rest_route=\/wp\/v2\/types\/post"}],"author":[{"embeddable":true,"href":"https:\/\/fajr.news\/index.php?rest_route=\/wp\/v2\/users\/2"}],"replies":[{"embeddable":true,"href":"https:\/\/fajr.news\/index.php?rest_route=%2Fwp%2Fv2%2Fcomments&post=13981"}],"version-history":[{"count":0,"href":"https:\/\/fajr.news\/index.php?rest_route=\/wp\/v2\/posts\/13981\/revisions"}],"wp:featuredmedia":[{"embeddable":true,"href":"https:\/\/fajr.news\/index.php?rest_route=\/wp\/v2\/media\/13982"}],"wp:attachment":[{"href":"https:\/\/fajr.news\/index.php?rest_route=%2Fwp%2Fv2%2Fmedia&parent=13981"}],"wp:term":[{"taxonomy":"category","embeddable":true,"href":"https:\/\/fajr.news\/index.php?rest_route=%2Fwp%2Fv2%2Fcategories&post=13981"},{"taxonomy":"post_tag","embeddable":true,"href":"https:\/\/fajr.news\/index.php?rest_route=%2Fwp%2Fv2%2Ftags&post=13981"}],"curies":[{"name":"wp","href":"https:\/\/api.w.org\/{rel}","templated":true}]}}