{"id":13965,"date":"2026-05-01T04:09:12","date_gmt":"2026-05-01T00:39:12","guid":{"rendered":"https:\/\/fajr.news\/?p=13965"},"modified":"2026-05-01T04:09:12","modified_gmt":"2026-05-01T00:39:12","slug":"tahranda-hava-savunma-sirenleri-duyuldu-irandan-abdye-net-uyari","status":"publish","type":"post","link":"https:\/\/fajr.news\/?p=13965&lang=tr","title":{"rendered":"Tahran&#8217;da Hava Savunma Sirenleri Duyuldu: \u0130ran&#8217;dan ABD&#8217;ye Net Uyar\u0131"},"content":{"rendered":"<h1>Tahran&#8217;da Hava Savunma Sirenleri Duyuldu: \u0130ran&#8217;dan ABD&#8217;ye Net Uyar\u0131<\/h1>\n<p><strong>Tahran, \u0130ran \u0130slam Cumhuriyeti Haber Ajans\u0131 (IRNA)<\/strong> \u2013 \u0130ran&#8217;\u0131n ba\u015fkenti Tahran&#8217;da hava savunma sirenlerinin duyuldu\u011fu haberleri, b\u00f6lgedeki gerilimin yeni bir boyut kazand\u0131\u011f\u0131na i\u015faret ediyor. \u0130ran medyas\u0131 taraf\u0131ndan aktar\u0131lan bu geli\u015fme, \u00fclkenin savunma haz\u0131rl\u0131klar\u0131n\u0131 ve olas\u0131 tehditlere kar\u015f\u0131 teyakkuz halini bir kez daha g\u00f6zler \u00f6n\u00fcne serdi.<\/p>\n<h2>\u0130ran&#8217;dan ABD&#8217;ye Sert Mesaj: Sald\u0131r\u0131ya Kar\u015f\u0131 Uzun S\u00fcreli \u00c7at\u0131\u015fma Uyar\u0131s\u0131<\/h2>\n<p>Bu geli\u015fmelerin \u0131\u015f\u0131\u011f\u0131nda, \u0130ran \u0130slam Cumhuriyeti yetkilileri, Amerika Birle\u015fik Devletleri&#8217;ne y\u00f6nelik net ve kararl\u0131 bir uyar\u0131da bulundu. \u0130ran, herhangi bir sald\u0131r\u0131 durumunda uzun s\u00fcreli bir \u00e7at\u0131\u015fman\u0131n ka\u00e7\u0131n\u0131lmaz olaca\u011f\u0131n\u0131 vurgulayarak, b\u00f6lgesel ve uluslararas\u0131 akt\u00f6rlere ciddi bir mesaj g\u00f6nderdi.<\/p>\n<p>\u0130ran&#8217;\u0131n bu uyar\u0131s\u0131, \u00fclkenin ulusal g\u00fcvenli\u011fini ve egemenli\u011fini koruma konusundaki sars\u0131lmaz kararl\u0131l\u0131\u011f\u0131n\u0131 yans\u0131t\u0131yor. Yetkililer, ABD&#8217;nin b\u00f6lgedeki provokatif ad\u0131mlar\u0131na kar\u015f\u0131 \u0130ran&#8217;\u0131n her t\u00fcrl\u00fc senaryoya haz\u0131rl\u0131kl\u0131 oldu\u011funu ve topraklar\u0131na y\u00f6nelik herhangi bir tehdide misliyle kar\u015f\u0131l\u0131k verece\u011fini belirtti.<\/p>\n<h3>B\u00f6lgesel \u0130stikrar ve \u0130ran&#8217;\u0131n Savunma Doktrini<\/h3>\n<p>\u0130ran, b\u00f6lgedeki istikrar\u0131n korunmas\u0131 ve d\u0131\u015f m\u00fcdahalelerin \u00f6nlenmesi gerekti\u011fini savunurken, kendi savunma kapasitesini g\u00fc\u00e7lendirmeye devam ediyor. Hava savunma sistemlerinin aktifli\u011fi ve sirenlerin duyulmas\u0131, bu savunma doktrininin bir par\u00e7as\u0131 olarak de\u011ferlendiriliyor. \u00dclke, kendi kaderini tayin etme hakk\u0131na sahip oldu\u011funu ve d\u0131\u015f g\u00fc\u00e7lerin dayatmalar\u0131na boyun e\u011fmeyece\u011fini a\u00e7\u0131k\u00e7a ifade ediyor.<\/p>\n<p>Bu geli\u015fmeler, uluslararas\u0131 kamuoyunu b\u00f6lgedeki hassas denge konusunda bir kez daha d\u00fc\u015f\u00fcnmeye sevk ederken, \u0130ran&#8217;\u0131n kararl\u0131 duru\u015fu, \u00fclkenin egemenli\u011fini koruma konusundaki azmini ortaya koyuyor. \u0130ran, bar\u0131\u015f\u00e7\u0131l \u00e7\u00f6z\u00fcmlerden yana olmakla birlikte, ulusal \u00e7\u0131karlar\u0131n\u0131 savunmaktan asla \u00e7ekinmeyece\u011fini t\u00fcm d\u00fcnyaya ilan ediyor.<\/p>\n<p>#\u0130ran #Tahran #HavaSavunma #ABD\u0130ranGerilimi #B\u00f6lgeselG\u00fcvenlik #\u0130ranSavunma #Uluslararas\u0131\u0130li\u015fkiler #Ortado\u011fu #\u0130ranUyar\u0131 #Egemenlik<\/p>\n","protected":false},"excerpt":{"rendered":"<p>Tahran&#8217;da Hava Savunma Sirenleri Duyuldu: \u0130ran&#8217;dan ABD&#8217;ye Net Uyar\u0131 Tahran, \u0130ran \u0130slam Cumhuriyeti Haber Ajans\u0131 (IRNA) \u2013 \u0130ran&#8217;\u0131n ba\u015fkenti Tahran&#8217;da hava savunma sirenlerinin duyuldu\u011fu haberleri, b\u00f6lgedeki gerilimin yeni bir boyut kazand\u0131\u011f\u0131na i\u015faret ediyor. \u0130ran medyas\u0131 taraf\u0131ndan aktar\u0131lan bu geli\u015fme, \u00fclkenin savunma haz\u0131rl\u0131klar\u0131n\u0131 ve olas\u0131 tehditlere kar\u015f\u0131 teyakkuz halini bir kez daha g\u00f6zler \u00f6n\u00fcne serdi. \u0130ran&#8217;dan [&hellip;]<\/p>\n","protected":false},"author":2,"featured_media":13966,"comment_status":"open","ping_status":"open","sticky":false,"template":"","format":"standard","meta":{"footnotes":""},"categories":[37],"tags":[],"class_list":["post-13965","post","type-post","status-publish","format-standard","has-post-thumbnail","hentry","category-orta-dogu-haberleri"],"_links":{"self":[{"href":"https:\/\/fajr.news\/index.php?rest_route=\/wp\/v2\/posts\/13965","targetHints":{"allow":["GET"]}}],"collection":[{"href":"https:\/\/fajr.news\/index.php?rest_route=\/wp\/v2\/posts"}],"about":[{"href":"https:\/\/fajr.news\/index.php?rest_route=\/wp\/v2\/types\/post"}],"author":[{"embeddable":true,"href":"https:\/\/fajr.news\/index.php?rest_route=\/wp\/v2\/users\/2"}],"replies":[{"embeddable":true,"href":"https:\/\/fajr.news\/index.php?rest_route=%2Fwp%2Fv2%2Fcomments&post=13965"}],"version-history":[{"count":0,"href":"https:\/\/fajr.news\/index.php?rest_route=\/wp\/v2\/posts\/13965\/revisions"}],"wp:featuredmedia":[{"embeddable":true,"href":"https:\/\/fajr.news\/index.php?rest_route=\/wp\/v2\/media\/13966"}],"wp:attachment":[{"href":"https:\/\/fajr.news\/index.php?rest_route=%2Fwp%2Fv2%2Fmedia&parent=13965"}],"wp:term":[{"taxonomy":"category","embeddable":true,"href":"https:\/\/fajr.news\/index.php?rest_route=%2Fwp%2Fv2%2Fcategories&post=13965"},{"taxonomy":"post_tag","embeddable":true,"href":"https:\/\/fajr.news\/index.php?rest_route=%2Fwp%2Fv2%2Ftags&post=13965"}],"curies":[{"name":"wp","href":"https:\/\/api.w.org\/{rel}","templated":true}]}}