{"id":13957,"date":"2026-05-01T04:00:04","date_gmt":"2026-05-01T00:30:04","guid":{"rendered":"https:\/\/fajr.news\/?p=13957"},"modified":"2026-05-01T04:00:04","modified_gmt":"2026-05-01T00:30:04","slug":"ortadogudaki-savas-kuresel-enerji-sistemlerini-nasil-etkiliyor","status":"publish","type":"post","link":"https:\/\/fajr.news\/?p=13957&lang=tr","title":{"rendered":"Ortado\u011fu&#8217;daki Sava\u015f K\u00fcresel Enerji Sistemlerini Nas\u0131l Etkiliyor?"},"content":{"rendered":"<p><strong>K\u00fcresel Enerji Krizinde Yeni D\u00f6nem: Ortado\u011fu&#8217;daki \u00c7at\u0131\u015fmalar\u0131n Derinle\u015fen Etkileri<\/strong><\/p>\n<p>Uluslararas\u0131 Enerji Ajans\u0131 (IEA) \u0130cra Direkt\u00f6r\u00fc, Ortado\u011fu&#8217;daki sava\u015f\u0131n k\u00fcresel enerji sistemleri \u00fczerindeki y\u0131k\u0131c\u0131 etkilerine dikkat \u00e7ekerek, \u00f6zellikle geli\u015fmekte olan \u00fclkelerde k\u0131sa vadede enerji kesintileri ve ciddi ekonomik zararlar beklendi\u011fini vurgulad\u0131. Direkt\u00f6r, bu zorlu s\u00fcre\u00e7te daha diren\u00e7li ve s\u00fcrd\u00fcr\u00fclebilir bir enerji sistemi in\u015fa etme \u00e7a\u011fr\u0131s\u0131nda bulundu. Amerika Birle\u015fik Devletleri ve \u0130ran aras\u0131ndaki ate\u015fkes duyurusundan sadece bir g\u00fcn sonra, IEA ba\u015fkan\u0131, MIT&#8217;deki uzman bir dinleyici kitlesine Ortado\u011fu&#8217;daki sava\u015f\u0131n k\u00fcresel enerji sistemi ve d\u00fcnya ekonomisi \u00fczerindeki geni\u015f kapsaml\u0131 yans\u0131malar\u0131n\u0131 detayland\u0131rd\u0131.<\/p>\n<p><strong>Tarihin En B\u00fcy\u00fck Enerji Krizi<\/strong><\/p>\n<p>IEA \u0130cra Direkt\u00f6r\u00fc Fatih Birol, 8 Nisan&#8217;da MIT Enerji Giri\u015fimi&#8217;nin (MITEI) D\u00fcnya G\u00fcn\u00fc Kolokyumu&#8217;nda yapt\u0131\u011f\u0131 \u00e7arp\u0131c\u0131 a\u00e7\u0131klamada, mevcut durumu &#8216;d\u00fcnyada \u015fimdiye kadar ya\u015fad\u0131\u011f\u0131m\u0131z en b\u00fcy\u00fck enerji krizi&#8217; olarak nitelendirdi. Birol, d\u00fcnya enerji piyasalar\u0131ndaki mevcut aksakl\u0131\u011f\u0131 tarihi bir perspektife oturtarak, ate\u015fkesin bar\u0131\u015fa giden bir yol a\u00e7t\u0131\u011f\u0131 en iyi senaryoda bile bu sava\u015f\u0131n uzun vadeli etkilerinin neler olaca\u011f\u0131na dair \u00f6ng\u00f6r\u00fclerini payla\u015ft\u0131 ve ileriye d\u00f6n\u00fck olarak daha s\u00fcrd\u00fcr\u00fclebilir, diren\u00e7li bir sistem yaratma ihtiyac\u0131n\u0131n alt\u0131n\u0131 \u00e7izdi.<\/p>\n<p><strong>Ge\u00e7mi\u015f Krizlerden Daha B\u00fcy\u00fck Bir Tehlike<\/strong><\/p>\n<p>1973 ve 1979&#8217;da ya\u015fanan petrol krizleri d\u00fcnya ekonomisini durgunlu\u011fa s\u00fcr\u00fcklemi\u015f, bir\u00e7ok \u00fclke, \u00f6zellikle geli\u015fmekte olan ekonomiler, bor\u00e7 sarmal\u0131na girmi\u015fti. Daha yak\u0131n zamanda, Rusya&#8217;n\u0131n Ukrayna&#8217;y\u0131 i\u015fgali bir do\u011fal gaz krizine yol a\u00e7m\u0131\u015ft\u0131. Birol, &#8216;Mevcut krizde kaybetti\u011fimiz petrol ve gaz miktar\u0131, bu \u00fc\u00e7\u00fcn\u00fcn toplam\u0131ndan daha b\u00fcy\u00fck&#8217; ifadelerini kulland\u0131. Seminerden iki saat \u00f6nce al\u0131nan verilere g\u00f6re Birol, Ortado\u011fu&#8217;da 80 enerji tesisinin hasar g\u00f6rd\u00fc\u011f\u00fcn\u00fc ve bunlar\u0131n \u00fc\u00e7te birinden fazlas\u0131n\u0131n ciddi \u015fekilde zarar g\u00f6rd\u00fc\u011f\u00fcn\u00fc do\u011frulad\u0131.<\/p>\n<p><strong>IEA&#8217;n\u0131n K\u00fcresel Yan\u0131ttaki Rol\u00fc<\/strong><\/p>\n<p>IEA, sava\u015fa verilen k\u00fcresel yan\u0131tta kritik bir rol \u00fcstlendi. Birol, &#8216;\u0130\u015fimiz ger\u00e7ek d\u00fcnyada bir etki yaratmakt\u0131r&#8217; dedi. \u00c7at\u0131\u015fman\u0131n ba\u015flar\u0131nda, politika yap\u0131c\u0131lar ve bas\u0131n mensuplar\u0131na sorunun boyutunu a\u00e7\u0131k\u00e7a belirttikten sonra IEA, \u00f6nemli petrol stok rezervlerine sahip olmas\u0131 gereken \u00fcye \u00fclkelerine rezervlerini piyasaya s\u00fcrmeleri i\u00e7in ba\u015fvurdu. Birol, &#8216;Kesinti o kadar b\u00fcy\u00fckt\u00fc ki, t\u00fcm \u00fclkeleri bir araya getirdik, bu kolay de\u011fil&#8217; dedi. &#8216;\u015eimdiye kadar yapt\u0131\u011f\u0131m\u0131z en y\u00fcksek miktar olan 400 milyon varil petrol\u00fc piyasaya s\u00fcrd\u00fck. Bu, piyasalar\u0131 sakinle\u015ftirdi ve fiyatlar \u00fczerinde a\u015fa\u011f\u0131 y\u00f6nl\u00fc bask\u0131 olu\u015fturdu.&#8217; IEA ayr\u0131ca, d\u00fcnya genelindeki bir\u00e7ok \u00fclkenin zaten uygulamakta oldu\u011fu, petrol\u00fc h\u0131zl\u0131 bir \u015fekilde korumaya y\u00f6nelik bir dizi tavsiye de yay\u0131nlad\u0131.<\/p>\n<p><strong>Krizin Uzun Vadeli Etkileri ve Gaz End\u00fcstrisi<\/strong><\/p>\n<p>Birol, bu krizin sonu\u00e7lar\u0131n\u0131n geni\u015f kapsaml\u0131 oldu\u011funu ve sava\u015f\u0131n ne kadar s\u00fcrece\u011fine ve normal operasyonlar\u0131n ne kadar h\u0131zl\u0131 devam edece\u011fine ba\u011fl\u0131 olarak \u015fiddetinin de\u011fi\u015fece\u011fini belirtti. Ortado\u011fu&#8217;daki enerji altyap\u0131s\u0131na verilen hasar\u0131n boyutu g\u00f6z \u00f6n\u00fcne al\u0131nd\u0131\u011f\u0131nda, normalle\u015fmenin zaman alabilece\u011fi uyar\u0131s\u0131nda bulundu. Birol, sava\u015f\u0131n gaz end\u00fcstrisi \u00fczerindeki daha acil etkilerini de a\u00e7\u0131klad\u0131. Do\u011fal gaz end\u00fcstrisi kendini g\u00fcvenilir, uygun fiyatl\u0131 ve esnek bir enerji kayna\u011f\u0131 olarak sunsa da, Birol son d\u00f6rt y\u0131ldaki iki b\u00fcy\u00fck gaz krizinin bu iddiay\u0131 sorgulatt\u0131\u011f\u0131n\u0131 vurgulad\u0131. &#8216;Do\u011fal gaz hala g\u00fcvenilir mi? Hala esnek mi? Hala uygun fiyatl\u0131 m\u0131? Bu iki b\u00fcy\u00fck krizden sonra, do\u011fal gaz end\u00fcstrisinin markas\u0131n\u0131 yeniden kazanmak i\u00e7in \u00e7ok \u00e7al\u0131\u015fmas\u0131 gerekiyor&#8217; dedi.<\/p>\n<p><strong>Yenilenebilir Enerjiye Y\u00f6neli\u015f ve Gelecek Senaryolar\u0131<\/strong><\/p>\n<p>Birol, bu de\u011fi\u015fimin yenilenebilir enerji sekt\u00f6r\u00fcne getirebilece\u011fi \u00fc\u00e7 potansiyel sonucu da \u00f6zetledi: Birincisi, 1970&#8217;lerdeki petrol krizlerine yan\u0131t olarak n\u00fckleer santrallerin in\u015fa edilmesi i\u00e7in tarihi bir emsal bulunmaktad\u0131r. Birol, &#8216;Bug\u00fcn faaliyette olan n\u00fckleer santrallerin yakla\u015f\u0131k %45&#8217;i bu krizlere yan\u0131t olarak in\u015fa edildi&#8217; dedi ve k\u00fc\u00e7\u00fck n\u00fckleer reakt\u00f6rler de dahil olmak \u00fczere n\u00fckleer enerjiye y\u00f6nelik b\u00fcy\u00fck bir itici g\u00fc\u00e7 olaca\u011f\u0131na inan\u0131yor. \u0130kincisi, yenilenebilir enerjilerin bu durumdan en \u00e7ok fayda sa\u011flayanlar olabilece\u011fini s\u00f6yledi. &#8216;Avrupa&#8217;da, Rusya&#8217;n\u0131n Ukrayna&#8217;y\u0131 i\u015fgalinden sonra, yenilenebilir enerji y\u0131ll\u0131k kurulumlar\u0131 \u00fc\u00e7 kat artt\u0131&#8217; dedi. \u00dc\u00e7\u00fcnc\u00fcs\u00fc, \u00f6zellikle Asya&#8217;da elektrikli ara\u00e7lar\u0131n pazar penetrasyonunda bir art\u0131\u015f g\u00f6rmemiz muhtemel. Asya&#8217;n\u0131n mevcut petrol talebi b\u00fcy\u00fcmesinin merkezi olmas\u0131 nedeniyle bu \u00f6zellikle \u00f6nemli, ancak daha fazla elektrikli arac\u0131n benimsenmesinin bu durumu etkileyebilece\u011fini \u00f6ne s\u00fcrd\u00fc. \u00d6nceki krizler ayr\u0131ca otomobil \u00fcreticilerinin ara\u00e7lar\u0131n\u0131n yak\u0131t verimlili\u011fini art\u0131rmas\u0131na da yol a\u00e7t\u0131.<\/p>\n<p><strong>H\u00fcrm\u00fcz Bo\u011faz\u0131&#8217;n\u0131n Stratejik \u00d6nemi ve K\u00fcresel Riskler<\/strong><\/p>\n<p>Birol, k\u00fcresel enerji piyasas\u0131 \u00fczerindeki uzun vadeli etkiler hakk\u0131nda konu\u015furken, &#8216;Enerji g\u00fcvenli\u011fi primi, gelecekte enerji maliyetine ek olarak enerji ticaretinde bir fakt\u00f6r olacakt\u0131r&#8217; dedi. &#8216;\u00dclkeler art\u0131k kiminle ticaret yapt\u0131klar\u0131na daha dikkat edecekler.&#8217; Mevcut krizi ele almak, enerji sistemimizde ileriye d\u00f6n\u00fck de\u011fi\u015fiklikleri de gerektiriyor. T\u00fcm k\u00fcresel ekonominin, sadece petrol ve gaz sevkiyatlar\u0131 i\u00e7in de\u011fil, ayn\u0131 zamanda d\u00fcnya n\u00fcfusunu beslemek i\u00e7in gerekli olan g\u00fcbre yap\u0131m\u0131nda kullan\u0131lan malzemeler ve cep telefonlar\u0131 gibi \u00fcr\u00fcnlerin \u00fcretiminde gerekli olan helyum gibi malzemeler i\u00e7in de kritik bir yol olan H\u00fcrm\u00fcz Bo\u011faz\u0131&#8217;n\u0131n 50 kilometresi taraf\u0131ndan rehin tutuldu\u011funu a\u00e7\u0131klad\u0131.<\/p>\n<p><strong>Geli\u015fmekte Olan \u00dclkeler \u0130\u00e7in A\u011f\u0131r Y\u00fck<\/strong><\/p>\n<p>&#8216;Korkar\u0131m ki bu bittikten sonra, baz\u0131 \u00fclkeler daha g\u00fc\u00e7l\u00fc finansal kaslara, daha iyi m\u00fchendislik yeteneklerine ve daha iyi teknolojilere sahip olduklar\u0131 i\u00e7in daha h\u0131zl\u0131 geri d\u00f6necekler, di\u011fer \u00fclkeler ise ac\u0131 \u00e7ekecek&#8217; diyen Birol, &#8216;K\u00fcresel ekonomi i\u00e7in kolay olmayacak. Bu ekonomik zarardan en \u00e7ok geli\u015fmekte olan \u00fclkelerin etkilenece\u011fine inan\u0131yorum&#8217; ifadelerini kulland\u0131. Geli\u015fmekte olan \u00fclkeler \u00fczerindeki y\u00fck sadece enerji fiyatlar\u0131 \u015feklinde de\u011fil, ayn\u0131 zamanda g\u00fcbre t\u00fcketimi, g\u0131da g\u00fcvenli\u011fi ve g\u0131da fiyatlar\u0131 \u00fczerinde kal\u0131c\u0131 etkiler \u015feklinde de olacak, ki Birol bunun k\u00fcresel bir sorun oldu\u011funu vurgulad\u0131. &#8216;Herkes i\u00e7in daha g\u00fcvenli ama ayn\u0131 zamanda daha s\u00fcrd\u00fcr\u00fclebilir bir gelecek i\u00e7in yan\u0131t ne olmal\u0131?&#8217; diye sordu.<\/p>\n<p><strong>Ate\u015fkes Sonras\u0131 Belirsizlikler ve Enflasyon Riski<\/strong><\/p>\n<p>Birol, mevcut k\u00fcresel enerji ve ekonomik aksakl\u0131\u011f\u0131n en iyi olas\u0131 sonucunun, ate\u015fkesin sava\u015f\u0131n bar\u0131\u015f\u00e7\u0131l bir \u015fekilde \u00e7\u00f6z\u00fclmesine yol a\u00e7mas\u0131 olaca\u011f\u0131n\u0131 \u00f6ne s\u00fcrd\u00fc. Ancak bu &#8216;en iyi olas\u0131 sonu\u00e7&#8217; bile d\u00fcnyan\u0131n b\u00fcy\u00fck bir k\u0131sm\u0131 i\u00e7in \u00f6nemli riskler i\u00e7eriyor. Bar\u0131\u015f\u00e7\u0131l bir \u00e7\u00f6z\u00fcm olmas\u0131 durumunda, Birol b\u00f6lgedeki petrol ve gaz \u00fcretiminin yeniden ba\u015flayaca\u011f\u0131n\u0131 bekledi\u011fini s\u00f6yledi. H\u00fcrm\u00fcz Bo\u011faz\u0131 tamamen yeniden a\u00e7\u0131l\u0131rsa, K\u00f6rfez&#8217;den olduk\u00e7a h\u0131zl\u0131 bir \u015fekilde ayr\u0131labilecek yakla\u015f\u0131k 200 tam y\u00fckl\u00fc petrol tankeri ve 15 y\u00fckl\u00fc LNG gemisi oldu\u011funu belirtti. Birol, &#8216;Ancak \u00e7ok k\u0131sa bir s\u00fcre i\u00e7inde sava\u015f \u00f6ncesi duruma geri d\u00f6nece\u011fimizi sanm\u0131yorum&#8217; dedi. &#8216;Ve bu, fiyatlar\u0131 y\u00fcksek seviyelerde tutabilir. Bu kesinlikle iyi bir haber de\u011fil, \u00f6zellikle geli\u015fmekte olan d\u00fcnyada. Asya&#8217;daki geli\u015fmekte olan \u00fclkelerde, Afrika&#8217;da ve Latin Amerika&#8217;da \u00f6nemli enflasyonist bask\u0131lar g\u00f6rmezsek \u015fa\u015f\u0131r\u0131r\u0131m&#8217; dedi. &#8216;Buna ek olarak, petrokimya end\u00fcstrisi, g\u00fcbreler, bu emtialar\u0131n sahip oldu\u011fumuz tedarik zincirleri i\u00e7in ne kadar \u00f6nemli oldu\u011funu ke\u015ffedece\u011fiz\u2026 Piyasalarda biraz dalgalanma bekliyorum.&#8217;<\/p>\n<p>Kolokyum, enerji sistemlerimizi d\u00f6n\u00fc\u015ft\u00fcrmek i\u00e7in gereken bilimsel, teknolojik ve politika \u00e7\u00f6z\u00fcmlerinin \u00f6n saflar\u0131ndaki enerji uzmanlar\u0131n\u0131 ve liderlerini \u00f6ne \u00e7\u0131karan MITEI Sunar: Enerji Ge\u00e7i\u015fini \u0130lerletmek konu\u015fmac\u0131 serisinin bir par\u00e7as\u0131d\u0131r. Seri, 2026 Sonbahar&#8217;\u0131nda devam edecektir. Daha fazla bilgi i\u00e7in: energy.mit.edu\/events<\/p>\n<p>#EnerjiKrizi #Ortado\u011fuSava\u015f\u0131 #K\u00fcreselEkonomi #IEA #FatihBirol #YenilenebilirEnerji #N\u00fckleerEnerji #H\u00fcrm\u00fczBo\u011faz\u0131 #Geli\u015fmekteOlan\u00dclkeler #PetrolFiyatlar\u0131<\/p>\n","protected":false},"excerpt":{"rendered":"<p>K\u00fcresel Enerji Krizinde Yeni D\u00f6nem: Ortado\u011fu&#8217;daki \u00c7at\u0131\u015fmalar\u0131n Derinle\u015fen Etkileri Uluslararas\u0131 Enerji Ajans\u0131 (IEA) \u0130cra Direkt\u00f6r\u00fc, Ortado\u011fu&#8217;daki sava\u015f\u0131n k\u00fcresel enerji sistemleri \u00fczerindeki y\u0131k\u0131c\u0131 etkilerine dikkat \u00e7ekerek, \u00f6zellikle geli\u015fmekte olan \u00fclkelerde k\u0131sa vadede enerji kesintileri ve ciddi ekonomik zararlar beklendi\u011fini vurgulad\u0131. Direkt\u00f6r, bu zorlu s\u00fcre\u00e7te daha diren\u00e7li ve s\u00fcrd\u00fcr\u00fclebilir bir enerji sistemi in\u015fa etme \u00e7a\u011fr\u0131s\u0131nda bulundu. Amerika [&hellip;]<\/p>\n","protected":false},"author":2,"featured_media":13958,"comment_status":"open","ping_status":"open","sticky":false,"template":"","format":"standard","meta":{"footnotes":""},"categories":[37],"tags":[],"class_list":["post-13957","post","type-post","status-publish","format-standard","has-post-thumbnail","hentry","category-orta-dogu-haberleri"],"_links":{"self":[{"href":"https:\/\/fajr.news\/index.php?rest_route=\/wp\/v2\/posts\/13957","targetHints":{"allow":["GET"]}}],"collection":[{"href":"https:\/\/fajr.news\/index.php?rest_route=\/wp\/v2\/posts"}],"about":[{"href":"https:\/\/fajr.news\/index.php?rest_route=\/wp\/v2\/types\/post"}],"author":[{"embeddable":true,"href":"https:\/\/fajr.news\/index.php?rest_route=\/wp\/v2\/users\/2"}],"replies":[{"embeddable":true,"href":"https:\/\/fajr.news\/index.php?rest_route=%2Fwp%2Fv2%2Fcomments&post=13957"}],"version-history":[{"count":0,"href":"https:\/\/fajr.news\/index.php?rest_route=\/wp\/v2\/posts\/13957\/revisions"}],"wp:featuredmedia":[{"embeddable":true,"href":"https:\/\/fajr.news\/index.php?rest_route=\/wp\/v2\/media\/13958"}],"wp:attachment":[{"href":"https:\/\/fajr.news\/index.php?rest_route=%2Fwp%2Fv2%2Fmedia&parent=13957"}],"wp:term":[{"taxonomy":"category","embeddable":true,"href":"https:\/\/fajr.news\/index.php?rest_route=%2Fwp%2Fv2%2Fcategories&post=13957"},{"taxonomy":"post_tag","embeddable":true,"href":"https:\/\/fajr.news\/index.php?rest_route=%2Fwp%2Fv2%2Ftags&post=13957"}],"curies":[{"name":"wp","href":"https:\/\/api.w.org\/{rel}","templated":true}]}}