{"id":13951,"date":"2026-05-01T03:34:26","date_gmt":"2026-05-01T00:04:26","guid":{"rendered":"https:\/\/fajr.news\/?p=13951"},"modified":"2026-05-01T03:34:26","modified_gmt":"2026-05-01T00:04:26","slug":"demokratlar-catisma-basladigindan-bu-yana-ilk-kez-hegsethi-iran-savasi-hakkinda-sorguladi","status":"publish","type":"post","link":"https:\/\/fajr.news\/?p=13951&lang=tr","title":{"rendered":"Demokratlar, \u00c7at\u0131\u015fma Ba\u015flad\u0131\u011f\u0131ndan Bu Yana \u0130lk Kez Hegseth&#8217;i \u0130ran Sava\u015f\u0131 Hakk\u0131nda Sorgulad\u0131"},"content":{"rendered":"<p>WASHINGTON \u2014 Trump y\u00f6netiminin \u0130ran&#8217;da sava\u015fa girmesinden bu yana Kongre \u00f6n\u00fcnde ilk kez boy g\u00f6steren Savunma Bakan\u0131 Pete Hegseth, \u00c7ar\u015famba g\u00fcn\u00fc \u015f\u00fcpheci Demokratlardan, Kongre onay\u0131 olmadan y\u00fcr\u00fct\u00fclen maliyetli bir \u00e7at\u0131\u015fma hakk\u0131nda sert sorularla kar\u015f\u0131la\u015ft\u0131.<br \/>\nPentagon&#8217;un Temsilciler Meclisi Silahl\u0131 Hizmetler Komitesi&#8217;ne sunulan rakamlar\u0131na g\u00f6re, g\u00f6r\u00fcn\u00fc\u015fte y\u00f6netimin savunma harcamalar\u0131n\u0131 tarihi bir seviye olan 1,5 trilyon dolara \u00e7\u0131karacak 2027 askeri b\u00fct\u00e7e teklifine odaklanan tart\u0131\u015fmal\u0131 duru\u015fma s\u0131ras\u0131nda sava\u015f\u0131n maliyeti \u015fu ana kadar 25 milyar dolara ula\u015ft\u0131.<br \/>\nCumhuriyet\u00e7iler askeri b\u00fct\u00e7elemenin ayr\u0131nt\u0131lar\u0131na odaklan\u0131p operasyona destek verirken, Demokratlar sava\u015f\u0131n artan maliyetlerine, kritik ABD m\u00fchimmat\u0131n\u0131n b\u00fcy\u00fck \u00f6l\u00e7\u00fcde azalmas\u0131na ve \u00e7ocuklar\u0131n \u00f6l\u00fcm\u00fcne neden olan bir okulun bombalanmas\u0131na y\u00f6neldi. Baz\u0131 milletvekilleri ayr\u0131ca Ba\u015fkan Donald Trump&#8217;\u0131n m\u00fcttefiklerle ili\u015fkilerini ve \u00e7at\u0131\u015fma i\u00e7in de\u011fi\u015fen gerek\u00e7elerini sorgulad\u0131.<br \/>\nHegseth ele\u015ftirileri siyasi olarak reddetti ve kendisinden yan\u0131t isteyen milletvekillerini azarlad\u0131.<br \/>\nHegseth, &#8220;\u015eu anda kar\u015f\u0131la\u015ft\u0131\u011f\u0131m\u0131z en b\u00fcy\u00fck zorluk, en b\u00fcy\u00fck d\u00fc\u015fman, Kongre&#8217;deki Demokratlar\u0131n ve baz\u0131 Cumhuriyet\u00e7ilerin pervas\u0131z, etkisiz ve yenilgiye yol a\u00e7an s\u00f6zleridir,&#8221; dedi.<br \/>\nDemokratlar, Sava\u015f\u0131n Nedenleri Hakk\u0131nda Hegseth&#8217;e Bask\u0131 Yap\u0131yor<br \/>\n\u00c7ar\u015famba g\u00fcnk\u00fc duru\u015fma, Demokratlar\u0131n ve baz\u0131 Cumhuriyet\u00e7ilerin Hegseth&#8217;i sava\u015f ve birka\u00e7 \u00fcst d\u00fczey askeri lideri g\u00f6revden almas\u0131 hakk\u0131nda sorgulamas\u0131yla yakla\u015f\u0131k alt\u0131 saat s\u00fcrd\u00fc.<br \/>\nGergin bir tart\u0131\u015fmada Hegseth, Demokrat Temsilci Adam Smith&#8217;e, \u0130ran&#8217;\u0131n n\u00fckleer tesislerinin 2025&#8217;teki bir ABD sald\u0131r\u0131s\u0131nda yok edildi\u011fini s\u00f6yledi. Bu durum, Smith&#8217;in Trump y\u00f6netiminin bir y\u0131ldan k\u0131sa bir s\u00fcre sonra \u0130ran sava\u015f\u0131n\u0131 ba\u015flatma gerek\u00e7esini sorgulamas\u0131na neden oldu.<br \/>\nKomitedeki k\u0131demli Demokrat Smith, &#8220;Bu sava\u015f\u0131 ba\u015flatmak zorundayd\u0131k, daha 60 g\u00fcn \u00f6nce n\u00fckleer silah\u0131n yak\u0131n bir tehdit oldu\u011funu s\u00f6ylediniz. \u015eimdi ise tamamen yok edildi\u011fini mi s\u00f6yl\u00fcyorsunuz?&#8221; dedi.<br \/>\nHegseth, \u0130ran&#8217;\u0131n &#8220;n\u00fckleer emellerinden vazge\u00e7medi\u011fini&#8221; ve hala binlerce f\u00fczeye sahip oldu\u011funu s\u00f6yleyerek yan\u0131t verdi.<br \/>\nSmith, sava\u015f\u0131n &#8220;bizi tam olarak daha \u00f6nceki konumumuza geri getirdi\u011fini&#8221; belirtti.<br \/>\nDemokratlar, Hegseth&#8217;i \u00e7at\u0131\u015fman\u0131n nedenleri hakk\u0131nda Amerikal\u0131lar\u0131 yan\u0131ltmakla su\u00e7lad\u0131 ve artan benzin fiyatlar\u0131n\u0131n \u015fu anda ABD&#8217;deki milyonlarca insan\u0131n c\u00fczdanlar\u0131n\u0131 tehdit etti\u011fini s\u00f6yledi.<br \/>\nSava\u015f\u0131 &#8220;jeopolitik bir felaket&#8221;, &#8220;stratejik bir hata&#8221; ve &#8220;Amerika&#8217;ya kendi kendine verilen bir yara&#8221; olarak nitelendiren Kaliforniya Temsilcisi John Garamendi, &#8220;Bakan Hegseth, bu sava\u015f hakk\u0131nda ilk g\u00fcnden beri Amerikan halk\u0131na yalan s\u00f6yl\u00fcyorsunuz ve ba\u015fkan da \u00f6yle,&#8221; dedi.<br \/>\nHegseth, Garamendi&#8217;nin s\u00f6zlerini sert bir \u015fekilde ele\u015ftirdi.<br \/>\nMilletvekiline &#8220;Burada kimin i\u00e7in tezah\u00fcrat yap\u0131yorsunuz?&#8221; diye sordu. &#8220;Ba\u015fkan Trump&#8217;a olan nefretiniz sizi sava\u015f\u0131n ba\u015far\u0131s\u0131na kar\u015f\u0131 k\u00f6r ediyor.&#8221;<br \/>\nHegseth, \u00dcst D\u00fczey Askeri Subaylar\u0131n G\u00f6revden Al\u0131nmas\u0131n\u0131 Savunuyor<br \/>\nSavunma bakan\u0131, Trump&#8217;\u0131n yeniden se\u00e7ilmesinden bu yana g\u00f6revden al\u0131nan birka\u00e7 \u00fcst d\u00fczey askeri subaydan biri olan Kara Kuvvetleri&#8217;nin en \u00fcst d\u00fczey \u00fcniformal\u0131 subay\u0131 General Randy George&#8217;u g\u00f6revden alma karar\u0131 hakk\u0131nda Pensilvanyal\u0131 Demokrat Temsilci Chrissy Houlahan&#8217;dan yo\u011fun sorularla kar\u015f\u0131la\u015ft\u0131.<br \/>\nHoulahan, George&#8217;un hem askeri personel hem de Kongre \u00fcyeleri taraf\u0131ndan derinden sayg\u0131 duyulan biri oldu\u011funu s\u00f6yledi ve Hegseth&#8217;in onu neden g\u00f6revden ald\u0131\u011f\u0131n\u0131 sordu. Hegseth&#8217;in &#8220;yeni liderli\u011fe&#8221; ihtiya\u00e7 oldu\u011fu yan\u0131t\u0131 Houlahan&#8217;\u0131 tatmin etmedi.<br \/>\nHegseth onu s\u00f6z\u00fcn\u00fc kesmeden \u00f6nce Houlahan, &#8220;En \u00e7ok madalya alm\u0131\u015f ve dikkat \u00e7ekici adamlardan birini neden kovdu\u011funuzu a\u00e7\u0131klayacak hi\u00e7bir yolunuz yok,&#8221; diye ba\u015flad\u0131. Hegseth, &#8220;Yeni liderli\u011fe ihtiyac\u0131m\u0131z vard\u0131,&#8221; diye tekrarlad\u0131.<br \/>\nPentagon bu ay, Deniz Kuvvetleri Bakan\u0131 John Phelan&#8217;\u0131n g\u00f6revinden ayr\u0131ld\u0131\u011f\u0131n\u0131 duyurdu. Hegseth daha \u00f6nce Deniz Kuvvetleri&#8217;nin en \u00fcst d\u00fczey \u00fcniformal\u0131 subay\u0131 Amiral Lisa Franchetti&#8217;yi ve Hava Kuvvetleri&#8217;nin iki numaral\u0131 lideri General Jim Slife&#8217;\u0131 g\u00f6revden al\u0131rken, Trump da Genelkurmay Ba\u015fkanlar\u0131 Ortak Komitesi Ba\u015fkan\u0131 General Charles &#8220;CQ&#8221; Brown Jr.&#8217;\u0131 kovmu\u015ftu.<br \/>\nNebraska Cumhuriyet\u00e7i Temsilcisi Don Bacon, Hegseth&#8217;in personel de\u011fi\u015fiklikleri yapma yetkisine sahip olmas\u0131na ra\u011fmen, g\u00f6revden almalar hakk\u0131nda &#8220;iki partili endi\u015fe&#8221; olarak adland\u0131rd\u0131\u011f\u0131 \u015feyi payla\u015ft\u0131\u011f\u0131n\u0131 s\u00f6yledi.<br \/>\nBacon, &#8220;Burada Kara Kuvvetleri komutan\u0131na ve Deniz Kuvvetleri bakan\u0131na g\u00fcvenen b\u00fcy\u00fck bir iki partili \u00e7o\u011funluk vard\u0131,&#8221; dedi. &#8220;Ve sadece \u015funu belirtmek isterim ki anayasal olarak do\u011fru olabilir&#8230; ama bu onu do\u011fru veya ak\u0131ll\u0131 yapmaz.&#8221;<br \/>\nHegseth, de\u011fi\u015fikliklerin Pentagon&#8217;da bir &#8220;sava\u015f\u00e7\u0131 k\u00fclt\u00fcr\u00fc&#8221; in\u015fa etmenin bir par\u00e7as\u0131 oldu\u011funu s\u00f6yledi.<br \/>\nG\u00fcney Karolina Cumhuriyet\u00e7i Temsilcisi Nancy Mace, Hegseth&#8217;in personel hamlelerini savunarak, onun &#8220;yenilik yapmaya ve i\u015f yap\u0131\u015f \u015feklimizi de\u011fi\u015ftirmeye \u00e7al\u0131\u015ft\u0131\u011f\u0131n\u0131&#8221; s\u00f6yledi.<br \/>\nMace, &#8220;\u0130nsanlar\u0131 kovdu\u011funuz i\u00e7in memnunum,&#8221; dedi. &#8220;Orada yolunuza \u00e7\u0131kan insanlar var. Gitmeleri gerekiyor.&#8221;<br \/>\nDemokratlar Sava\u015f\u0131n Maliyetini Soruyor, Cumhuriyet\u00e7iler Trump&#8217;\u0131 \u0130ran Konusunda Destekliyor<br \/>\nUzun s\u00fcren duru\u015fma s\u0131ras\u0131nda Hegseth, askeri personele yap\u0131lan \u00f6demeleri art\u0131rma ve m\u00fchimmat\u0131 y\u00fckseltme planlar\u0131n\u0131 detayland\u0131r\u0131rken, Sal\u0131 g\u00fcn\u00fc itibar\u0131yla Pentagon&#8217;un Ukrayna&#8217;ya Rusya&#8217;ya kar\u015f\u0131 m\u00fccadelesinde 400 milyon dolarl\u0131k askeri yard\u0131m yetkisi verdi\u011fini de duyurdu.<br \/>\nAncak tart\u0131\u015fma ve sorulara \u0130ran&#8217;daki sava\u015f damgas\u0131n\u0131 vurdu.<br \/>\nK\u0131r\u0131lgan bir ate\u015fkes y\u00fcr\u00fcrl\u00fckte olsa da, ABD ve \u0130srail 28 \u015eubat&#8217;ta Kongre denetimi olmaks\u0131z\u0131n sava\u015f\u0131 ba\u015flatt\u0131. Temsilciler Meclisi ve Senato Demokratlar\u0131, Ba\u015fkan Donald Trump&#8217;\u0131n Kongre daha fazla eyleme izin verene kadar \u00e7at\u0131\u015fmay\u0131 durdurmas\u0131n\u0131 gerektirecek birden fazla sava\u015f yetkisi karar\u0131n\u0131 ge\u00e7irmeyi ba\u015faramad\u0131.<br \/>\nCumhuriyet\u00e7iler, \u015fimdilik Trump&#8217;\u0131n sava\u015f zaman\u0131 liderli\u011fini desteklediklerini, \u0130ran&#8217;\u0131n n\u00fckleer program\u0131n\u0131, m\u00fczakerelerin yeniden ba\u015flama potansiyelini ve geri \u00e7ekilmenin y\u00fcksek risklerini gerek\u00e7e g\u00f6stererek belirtiyorlar. Yine de, Cumhuriyet\u00e7i milletvekilleri \u00e7at\u0131\u015fman\u0131n sona ermesini istiyor ve baz\u0131lar\u0131, sava\u015f\u0131n uzamas\u0131 halinde ba\u015fkan i\u00e7in \u00f6nemli bir s\u0131nav haline gelebilecek gelecekteki oylamalar\u0131 g\u00f6z \u00f6n\u00fcnde bulunduruyor.<br \/>\nDemokratlar, Trump&#8217;\u0131n t\u00fcketici maliyetlerini d\u00fc\u015f\u00fcrme vaadini hat\u0131rlatarak, Hegseth&#8217;i sava\u015f\u0131n ekonomik etkisi ve artan benzin maliyetleri hakk\u0131nda sorgulad\u0131. Hegseth, \u0130ran&#8217;\u0131n olu\u015fturdu\u011fu tehdidi g\u00f6stererek yan\u0131t verdi.<br \/>\n&#8220;\u0130ran&#8217;\u0131n kullanabilece\u011fi bir n\u00fckleer silaha sahip olmas\u0131n\u0131n maliyeti nedir?&#8221; diye sordu.<br \/>\nCumhuriyet\u00e7iler, Trump&#8217;\u0131n \u0130ran&#8217;a sald\u0131rma karar\u0131n\u0131 desteklediklerini ifade ettiler; buna, Mart sonunda sava\u015f\u0131n gerek\u00e7esi hakk\u0131nda endi\u015felerini dile getirmi\u015f olan Mace de dahildi. Mace, bir sosyal medya g\u00f6nderisinde &#8220;Bu sava\u015f ne kadar uzun s\u00fcrerse, Kongre&#8217;nin ve Amerikan halk\u0131n\u0131n deste\u011fini o kadar h\u0131zl\u0131 kaybedecektir,&#8221; diye yazm\u0131\u015ft\u0131.<br \/>\n\u00c7ar\u015famba g\u00fcn\u00fc Mace, ge\u00e7mi\u015fteki endi\u015felerini dile getirdi ancak &#8220;bug\u00fcnk\u00fc durumdan etkilendi\u011fini&#8221; s\u00f6yledi. Hegseth&#8217;e, &#8220;G\u00f6rd\u00fc\u011f\u00fcm her \u015feyde, t\u00fcm beklentilerimi a\u015ft\u0131n\u0131z,&#8221; dedi.<br \/>\n\u0130ran&#8217;\u0131n d\u00fcnyan\u0131n petrol\u00fc i\u00e7in hayati bir nakliye koridoru olan H\u00fcrm\u00fcz Bo\u011faz\u0131&#8217;n\u0131 kapatmas\u0131, yak\u0131t fiyatlar\u0131n\u0131 f\u0131rlatt\u0131 ve ara se\u00e7imler \u00f6ncesinde Cumhuriyet\u00e7iler i\u00e7in sorunlar yaratt\u0131. ABD, \u0130ran nakliyesine deniz ablukas\u0131 uygulad\u0131 ve yirmi y\u0131l\u0131 a\u015fk\u0131n s\u00fcredir ilk kez \u00fc\u00e7 Amerikan u\u00e7ak gemisi Orta Do\u011fu&#8217;da bulunuyor.<br \/>\n\u00dclkeler bir \u00e7\u0131kmaza girmi\u015f g\u00f6r\u00fcn\u00fcyor. Trump \u00c7ar\u015famba g\u00fcn\u00fc Axios&#8217;a yapt\u0131\u011f\u0131 a\u00e7\u0131klamada, ABD ablukas\u0131n\u0131n kald\u0131r\u0131lmas\u0131 kar\u015f\u0131l\u0131\u011f\u0131nda \u0130ran&#8217;\u0131n H\u00fcrm\u00fcz Bo\u011faz\u0131&#8217;n\u0131 yeniden a\u00e7ma teklifini reddetti\u011fini s\u00f6yledi.<br \/>\n#\u0130ranSava\u015f\u0131 #PeteHegseth #ABDDemokratlar #DonaldTrump #KongreOnay\u0131 #SavunmaHarcamalar\u0131 #H\u00fcrm\u00fczBo\u011faz\u0131 #AskeriLiderler #ABDPolitikas\u0131 #Ortado\u011fu\u00c7at\u0131\u015fmas\u0131<\/p>\n","protected":false},"excerpt":{"rendered":"<p>WASHINGTON \u2014 Trump y\u00f6netiminin \u0130ran&#8217;da sava\u015fa girmesinden bu yana Kongre \u00f6n\u00fcnde ilk kez boy g\u00f6steren Savunma Bakan\u0131 Pete Hegseth, \u00c7ar\u015famba g\u00fcn\u00fc \u015f\u00fcpheci Demokratlardan, Kongre onay\u0131 olmadan y\u00fcr\u00fct\u00fclen maliyetli bir \u00e7at\u0131\u015fma hakk\u0131nda sert sorularla kar\u015f\u0131la\u015ft\u0131. Pentagon&#8217;un Temsilciler Meclisi Silahl\u0131 Hizmetler Komitesi&#8217;ne sunulan rakamlar\u0131na g\u00f6re, g\u00f6r\u00fcn\u00fc\u015fte y\u00f6netimin savunma harcamalar\u0131n\u0131 tarihi bir seviye olan 1,5 trilyon dolara \u00e7\u0131karacak [&hellip;]<\/p>\n","protected":false},"author":2,"featured_media":13952,"comment_status":"open","ping_status":"open","sticky":false,"template":"","format":"standard","meta":{"footnotes":""},"categories":[31],"tags":[],"class_list":["post-13951","post","type-post","status-publish","format-standard","has-post-thumbnail","hentry","category-iran-haberleri"],"_links":{"self":[{"href":"https:\/\/fajr.news\/index.php?rest_route=\/wp\/v2\/posts\/13951","targetHints":{"allow":["GET"]}}],"collection":[{"href":"https:\/\/fajr.news\/index.php?rest_route=\/wp\/v2\/posts"}],"about":[{"href":"https:\/\/fajr.news\/index.php?rest_route=\/wp\/v2\/types\/post"}],"author":[{"embeddable":true,"href":"https:\/\/fajr.news\/index.php?rest_route=\/wp\/v2\/users\/2"}],"replies":[{"embeddable":true,"href":"https:\/\/fajr.news\/index.php?rest_route=%2Fwp%2Fv2%2Fcomments&post=13951"}],"version-history":[{"count":0,"href":"https:\/\/fajr.news\/index.php?rest_route=\/wp\/v2\/posts\/13951\/revisions"}],"wp:featuredmedia":[{"embeddable":true,"href":"https:\/\/fajr.news\/index.php?rest_route=\/wp\/v2\/media\/13952"}],"wp:attachment":[{"href":"https:\/\/fajr.news\/index.php?rest_route=%2Fwp%2Fv2%2Fmedia&parent=13951"}],"wp:term":[{"taxonomy":"category","embeddable":true,"href":"https:\/\/fajr.news\/index.php?rest_route=%2Fwp%2Fv2%2Fcategories&post=13951"},{"taxonomy":"post_tag","embeddable":true,"href":"https:\/\/fajr.news\/index.php?rest_route=%2Fwp%2Fv2%2Ftags&post=13951"}],"curies":[{"name":"wp","href":"https:\/\/api.w.org\/{rel}","templated":true}]}}