{"id":13943,"date":"2026-05-01T03:29:47","date_gmt":"2026-04-30T23:59:47","guid":{"rendered":"https:\/\/fajr.news\/?p=13943"},"modified":"2026-05-01T03:29:47","modified_gmt":"2026-04-30T23:59:47","slug":"iran-yuce-liderinden-hurmuz-bogazina-iliskin-meydan-okuyan-aciklama","status":"publish","type":"post","link":"https:\/\/fajr.news\/?p=13943&lang=tr","title":{"rendered":"\u0130ran Y\u00fcce Lideri&#8217;nden H\u00fcrm\u00fcz Bo\u011faz\u0131&#8217;na \u0130li\u015fkin Meydan Okuyan A\u00e7\u0131klama"},"content":{"rendered":"<p>M\u00fccteba Hamenei, Tahran&#8217;\u0131n &#8216;d\u00fc\u015fman\u0131n su yolunu k\u00f6t\u00fcye kullanmas\u0131n\u0131&#8217; ortadan kald\u0131raca\u011f\u0131n\u0131 ve n\u00fckleer ile f\u00fcze programlar\u0131n\u0131 koruyaca\u011f\u0131n\u0131 belirtti.<\/p>\n<p>\u0130ran&#8217;\u0131n y\u00fcce lideri, son sessizli\u011fini bozarak H\u00fcrm\u00fcz Bo\u011faz\u0131&#8217;ndaki deniz ta\u015f\u0131mac\u0131l\u0131\u011f\u0131 \u00fczerindeki \u0130ran kontrol\u00fcn\u00fc \u00f6ven ve \u00fclkenin n\u00fckleer ile f\u00fcze programlar\u0131n\u0131 koruma s\u00f6z\u00fc veren meydan okuyucu bir a\u00e7\u0131klama yapt\u0131.<\/p>\n<p>Devlet televizyonu sunucusu taraf\u0131ndan okunan bir a\u00e7\u0131klamada M\u00fccteba Hamenei \u015funlar\u0131 s\u00f6yledi: &#8220;Bug\u00fcn, k\u00fcresel zorbalar\u0131n b\u00f6lgedeki en b\u00fcy\u00fck askeri konu\u015fland\u0131rmas\u0131 ve sald\u0131rganl\u0131\u011f\u0131n\u0131n, ayr\u0131ca Amerika Birle\u015fik Devletleri&#8217;nin planlar\u0131ndaki utan\u00e7 verici yenilgisinin \u00fczerinden iki ay ge\u00e7tikten sonra, Basra K\u00f6rfezi ve H\u00fcrm\u00fcz Bo\u011faz\u0131 i\u00e7in yeni bir sayfa a\u00e7\u0131l\u0131yor.&#8221;<\/p>\n<p>A\u00e7\u0131klamada, Tahran&#8217;\u0131n K\u00f6rfez b\u00f6lgesini g\u00fcvence alt\u0131na alaca\u011f\u0131 ve &#8220;d\u00fc\u015fman\u0131n su yolunu k\u00f6t\u00fcye kullanmas\u0131&#8221; olarak tan\u0131mlad\u0131\u011f\u0131 durumu ortadan kald\u0131raca\u011f\u0131, ayr\u0131ca &#8220;bo\u011faz\u0131n yeni y\u00f6netiminin b\u00f6lgedeki t\u00fcm uluslar\u0131n yarar\u0131na rahatl\u0131k ve ilerleme getirece\u011fi, ekonomik nimetlerin ise halk\u0131n kalplerine ne\u015fe kataca\u011f\u0131&#8221; belirtildi.<\/p>\n<p>\u0130ran, k\u00fcresel petrol\u00fcn yakla\u015f\u0131k be\u015fte birinin ge\u00e7ti\u011fi dar su yolu olan bo\u011faz \u00fczerindeki kontrol\u00fcn\u00fc kullanarak sald\u0131r\u0131ya u\u011framas\u0131n\u0131n bedelini \u00e7\u0131karmaya \u00e7al\u0131\u015fm\u0131\u015ft\u0131r.<\/p>\n<p>\u0130ran&#8217;da Basra K\u00f6rfezi G\u00fcn\u00fc&#8217;n\u00fc anmak \u00fczere konu\u015fan Hamenei, \u0130ran&#8217;\u0131n &#8220;nano teknolojiden biyoteknolojiye, n\u00fckleerden f\u00fcze teknolojisine kadar modern teknolojik kapasitelerini ulusal sermayesi olarak koruyaca\u011f\u0131n\u0131 ve deniz, kara ve hava s\u0131n\u0131rlar\u0131 gibi muhafaza edece\u011fini&#8221; de vurgulad\u0131.<\/p>\n<p>Hamenei&#8217;nin Mart ba\u015f\u0131nda y\u00fcce lider olarak atanmas\u0131ndan bu yana hi\u00e7bir kayd\u0131 veya g\u00f6rseli yay\u0131nlanmad\u0131. Raporlar, 28 \u015eubat&#8217;ta 86 ya\u015f\u0131ndaki babas\u0131 ve selefini \u00f6ld\u00fcren bombalamada a\u011f\u0131r yaraland\u0131\u011f\u0131n\u0131 \u00f6ne s\u00fcrm\u00fc\u015ft\u00fc. Yaralar\u0131n\u0131n tedavisi i\u00e7in hastanede oldu\u011fu belirtiliyor.<\/p>\n<p>Yeni a\u00e7\u0131klamas\u0131, \u0130ran&#8217;\u0131n bo\u011fazda, t\u00fcm b\u00f6lgeye fayda sa\u011flayacak ve b\u00f6lgesel egemenli\u011fin gecikmi\u015f bir teyidi olarak sunaca\u011f\u0131 yeni bir \u00fccret rejimini uygulamaya kararl\u0131 oldu\u011funu g\u00f6steriyor.<\/p>\n<p>13 Nisan&#8217;dan bu yana ABD, \u0130ran limanlar\u0131na giren veya \u00e7\u0131kan petrol tankerlerini durdurmak amac\u0131yla bir kar\u015f\u0131-abluka uygulam\u0131\u015f ve \u0130ran petrol end\u00fcstrisini fel\u00e7 etmi\u015ftir.<\/p>\n<p>Pakistan arabuluculu\u011fundaki g\u00f6r\u00fc\u015fmelerin \u00e7\u0131kmaza girmesiyle, ablukalardan herhangi birinin kald\u0131r\u0131laca\u011f\u0131na dair \u00e7ok az i\u015faret var, bu da petrol fiyat\u0131n\u0131 varil ba\u015f\u0131na 120 dolar\u0131n \u00fczerine itti. Gemi trafi\u011fi seviyeleri hala son derece d\u00fc\u015f\u00fck; normal ko\u015fullarda g\u00fcnde 120-140 gemiye k\u0131yasla bazen g\u00fcnde \u00fc\u00e7 gemiye kadar d\u00fc\u015f\u00fcyor.<\/p>\n<p>Hamenei&#8217;nin a\u00e7\u0131klamas\u0131nda, &#8220;Binlerce kilometre \u00f6teden k\u00f6t\u00fc niyetle [bo\u011faz\u0131] arzulayan yabanc\u0131lar\u0131n, sular\u0131n\u0131n dibinden ba\u015fka orada yeri yoktur,&#8221; denildi.<\/p>\n<p>Bo\u011faz\u0131n kapanmas\u0131, kritik ara se\u00e7imler \u00f6ncesinde petrol ve benzin fiyatlar\u0131n\u0131n f\u0131rlamas\u0131 nedeniyle Trump \u00fczerinde bask\u0131 yarat\u0131rken, su yolunu petrol ve gaz ihracat\u0131 i\u00e7in kullanan K\u00f6rfez m\u00fcttefikleri \u00fczerinde de bask\u0131 olu\u015fturdu.<\/p>\n<p>Trump&#8217;\u0131n \u00c7ar\u015famba g\u00fcn\u00fc \u00e7\u0131kmazdan k\u0131sa bir yol bilmedi\u011fini itiraf etmesi, petrol fiyatlar\u0131n\u0131 varil ba\u015f\u0131na 125 dolara yakla\u015ft\u0131rd\u0131; bu, Rusya&#8217;n\u0131n 2022&#8217;deki Ukrayna&#8217;y\u0131 tam \u00f6l\u00e7ekli i\u015fgalinin ilk haftalar\u0131ndaki kadar y\u00fcksekti.<\/p>\n<p>Axios haber sitesi, ABD ordusunun hala Trump&#8217;a sald\u0131r\u0131lara devam etme se\u00e7enekleri sundu\u011funu bildirdi.<\/p>\n<p>Y\u00fcce liderin askeri dan\u0131\u015fman\u0131 T\u00fcmgeneral Muhsin R\u0131zai, X hesab\u0131ndan \u015funlar\u0131 yazd\u0131: &#8220;Ku\u015fatma senaryosu ba\u015far\u0131s\u0131z olacak ve \u0130ran H\u00fcrm\u00fcz Bo\u011faz\u0131&#8217;n\u0131 asla kaybetmeyecek. Tarih, \u0130ran milletinin Amerika s\u00fcper g\u00fcc\u00fcn\u00fc Basra K\u00f6rfezi ve Umman Denizi&#8217;nde bat\u0131rd\u0131\u011f\u0131n\u0131 kaydedecektir. Hem saha hem de diplomasi, devrim liderinin koordinasyonu ve halk\u0131n deste\u011fiyle ilerliyor.&#8221;<\/p>\n<p>D\u00fcnya, bo\u011faz\u0131 ge\u00e7i\u015f \u00fccreti \u00f6demeden herkese a\u00e7\u0131k uluslararas\u0131 bir su yolu olarak g\u00f6r\u00fcrken, ba\u015fta Birle\u015fik Arap Emirlikleri olmak \u00fczere K\u00f6rfez Arap \u00fclkeleri, \u0130ran&#8217;\u0131n bo\u011faz \u00fczerindeki kontrol\u00fcn\u00fc korsanl\u0131\u011fa benzeterek k\u0131nad\u0131.<\/p>\n<p>\u0130ran, n\u00fckleer program\u0131 hakk\u0131ndaki ABD ile g\u00f6r\u00fc\u015fmelerin, her iki taraf\u0131n gemilerin bo\u011faz boyunca ge\u00e7i\u015fine izin verme ko\u015fullar\u0131 \u00fczerinde anla\u015fana kadar ask\u0131ya al\u0131nmas\u0131n\u0131 \u00f6nerdi. \u0130ran&#8217;da d\u0131\u015fi\u015fleri bakanl\u0131\u011f\u0131, parlamentoyu, Umman ile birlikte haz\u0131rlanan \u0130ran planlar\u0131n\u0131n yeni bir \u0130ran yasas\u0131na ihtiya\u00e7 duymad\u0131\u011f\u0131n\u0131 kabul etmeye \u00e7a\u011f\u0131rd\u0131. Ayr\u0131ca \u0130ran&#8217;\u0131n &#8220;ge\u00e7i\u015f \u00fccreti&#8221; gibi terimlerden ka\u00e7\u0131nmas\u0131n\u0131 ve bunun yerine verilen hizmetler i\u00e7in \u00fccret talep etme konusundaki mevcut hakk\u0131n\u0131 ileri s\u00fcrmesini talep ediyor.<\/p>\n<p>ABD D\u0131\u015fi\u015fleri Bakan\u0131 Marco Rubio ve \u0130ngiltere D\u0131\u015fi\u015fleri Bakan\u0131 Yvette Cooper, \u00c7ar\u015famba g\u00fcn\u00fc Washington&#8217;da bo\u011faz hakk\u0131nda g\u00f6r\u00fc\u015fmelerde bulundu. Wall Street Journal taraf\u0131ndan bildirilen, d\u0131\u015fi\u015fleri bakanl\u0131\u011f\u0131n\u0131n b\u00fcy\u00fckel\u00e7iliklere g\u00f6nderdi\u011fi bir e-posta, ABD&#8217;nin \u00e7at\u0131\u015fma sona erdi\u011finde bo\u011faz\u0131n denetimi i\u00e7in b\u00fcy\u00fck \u00f6l\u00e7\u00fcde Avrupa liderli\u011findeki planlara dahil olmaya \u00e7al\u0131\u015ft\u0131\u011f\u0131n\u0131 \u00f6ne s\u00fcrd\u00fc.<\/p>\n<p>ABD, \u0130ran donanmas\u0131n\u0131n deniz ta\u015f\u0131mac\u0131l\u0131\u011f\u0131na y\u00f6nelik tehditlerinden sonra kurulan, \u00f6nceden var olan 12 uluslu Uluslararas\u0131 Deniz G\u00fcvenli\u011fi Yap\u0131s\u0131&#8217;n\u0131 yeniden canland\u0131rarak ve geni\u015fleterek, bo\u011faz\u0131 kullanan \u00fclkeler aras\u0131nda diplomasi ve ileti\u015fimi koordine etmeyi teklif ediyor.<\/p>\n<p>#H\u00fcrm\u00fczBo\u011faz\u0131 #\u0130ranEgemenli\u011fi #N\u00fckleerProgram #F\u00fczeProgram\u0131 #BasraK\u00f6rfezi #K\u00fcreselZorbalar #DenizG\u00fcvenli\u011fi #ABD\u0130ranGerilimi #PetrolFiyatlar\u0131 #\u0130ranDireni\u015fi<\/p>\n","protected":false},"excerpt":{"rendered":"<p>M\u00fccteba Hamenei, Tahran&#8217;\u0131n &#8216;d\u00fc\u015fman\u0131n su yolunu k\u00f6t\u00fcye kullanmas\u0131n\u0131&#8217; ortadan kald\u0131raca\u011f\u0131n\u0131 ve n\u00fckleer ile f\u00fcze programlar\u0131n\u0131 koruyaca\u011f\u0131n\u0131 belirtti. \u0130ran&#8217;\u0131n y\u00fcce lideri, son sessizli\u011fini bozarak H\u00fcrm\u00fcz Bo\u011faz\u0131&#8217;ndaki deniz ta\u015f\u0131mac\u0131l\u0131\u011f\u0131 \u00fczerindeki \u0130ran kontrol\u00fcn\u00fc \u00f6ven ve \u00fclkenin n\u00fckleer ile f\u00fcze programlar\u0131n\u0131 koruma s\u00f6z\u00fc veren meydan okuyucu bir a\u00e7\u0131klama yapt\u0131. Devlet televizyonu sunucusu taraf\u0131ndan okunan bir a\u00e7\u0131klamada M\u00fccteba Hamenei \u015funlar\u0131 [&hellip;]<\/p>\n","protected":false},"author":2,"featured_media":13944,"comment_status":"open","ping_status":"open","sticky":false,"template":"","format":"standard","meta":{"footnotes":""},"categories":[37],"tags":[],"class_list":["post-13943","post","type-post","status-publish","format-standard","has-post-thumbnail","hentry","category-orta-dogu-haberleri"],"_links":{"self":[{"href":"https:\/\/fajr.news\/index.php?rest_route=\/wp\/v2\/posts\/13943","targetHints":{"allow":["GET"]}}],"collection":[{"href":"https:\/\/fajr.news\/index.php?rest_route=\/wp\/v2\/posts"}],"about":[{"href":"https:\/\/fajr.news\/index.php?rest_route=\/wp\/v2\/types\/post"}],"author":[{"embeddable":true,"href":"https:\/\/fajr.news\/index.php?rest_route=\/wp\/v2\/users\/2"}],"replies":[{"embeddable":true,"href":"https:\/\/fajr.news\/index.php?rest_route=%2Fwp%2Fv2%2Fcomments&post=13943"}],"version-history":[{"count":0,"href":"https:\/\/fajr.news\/index.php?rest_route=\/wp\/v2\/posts\/13943\/revisions"}],"wp:featuredmedia":[{"embeddable":true,"href":"https:\/\/fajr.news\/index.php?rest_route=\/wp\/v2\/media\/13944"}],"wp:attachment":[{"href":"https:\/\/fajr.news\/index.php?rest_route=%2Fwp%2Fv2%2Fmedia&parent=13943"}],"wp:term":[{"taxonomy":"category","embeddable":true,"href":"https:\/\/fajr.news\/index.php?rest_route=%2Fwp%2Fv2%2Fcategories&post=13943"},{"taxonomy":"post_tag","embeddable":true,"href":"https:\/\/fajr.news\/index.php?rest_route=%2Fwp%2Fv2%2Ftags&post=13943"}],"curies":[{"name":"wp","href":"https:\/\/api.w.org\/{rel}","templated":true}]}}