{"id":13927,"date":"2026-05-01T03:03:42","date_gmt":"2026-04-30T23:33:42","guid":{"rendered":"https:\/\/fajr.news\/?p=13927"},"modified":"2026-05-01T03:03:42","modified_gmt":"2026-04-30T23:33:42","slug":"son-dakika-japonya-basbakani-takaichi-iran-cumhurbaskani-ile-telefon-gorusmesi-yapti-hukumet-kaynagi","status":"publish","type":"post","link":"https:\/\/fajr.news\/?p=13927&lang=tr","title":{"rendered":"SON DAK\u0130KA: Japonya Ba\u015fbakan\u0131 Takaichi, \u0130ran Cumhurba\u015fkan\u0131 ile telefon g\u00f6r\u00fc\u015fmesi yapt\u0131: H\u00fck\u00fcmet kayna\u011f\u0131"},"content":{"rendered":"<p><strong>Tahran\/Tokyo<\/strong> \u2013 H\u00fck\u00fcmet kaynaklar\u0131ndan edinilen bilgilere g\u00f6re, Japonya Ba\u015fbakan\u0131 Takaichi, \u0130ran \u0130slam Cumhuriyeti Cumhurba\u015fkan\u0131 ile \u00f6nemli bir telefon g\u00f6r\u00fc\u015fmesi ger\u00e7ekle\u015ftirdi. Bu g\u00f6r\u00fc\u015fme, iki \u00fclke aras\u0131ndaki diplomatik ili\u015fkilerin g\u00fc\u00e7lendirilmesi ve b\u00f6lgesel meselelerin ele al\u0131nmas\u0131 a\u00e7\u0131s\u0131ndan b\u00fcy\u00fck \u00f6nem ta\u015f\u0131yor.<\/p>\n<h2>\u0130kili \u0130li\u015fkiler ve B\u00f6lgesel \u0130stikrar Masada<\/h2>\n<p>G\u00f6r\u00fc\u015fmede, Japonya ve \u0130ran aras\u0131ndaki ikili ili\u015fkilerin \u00e7e\u015fitli boyutlar\u0131 ele al\u0131nd\u0131. Ba\u015fbakan Takaichi ve Cumhurba\u015fkan\u0131, ekonomik i\u015fbirli\u011finin art\u0131r\u0131lmas\u0131, k\u00fclt\u00fcrel al\u0131\u015fveri\u015flerin te\u015fvik edilmesi ve kar\u015f\u0131l\u0131kl\u0131 anlay\u0131\u015f\u0131n derinle\u015ftirilmesi konular\u0131nda mutab\u0131k kald\u0131lar. \u00d6zellikle enerji ve altyap\u0131 projelerinde potansiyel i\u015fbirli\u011fi alanlar\u0131 \u00fczerinde duruldu\u011fu belirtildi.<\/p>\n<p>B\u00f6lgesel istikrar ve g\u00fcvenlik de g\u00f6r\u00fc\u015fmelerin ana g\u00fcndem maddelerinden biriydi. \u0130ran \u0130slam Cumhuriyeti&#8217;nin b\u00f6lgedeki kilit rol\u00fc ve yap\u0131c\u0131 katk\u0131lar\u0131 vurgulan\u0131rken, taraflar Orta Do\u011fu&#8217;da bar\u0131\u015f ve huzurun sa\u011flanmas\u0131 i\u00e7in diyalog ve i\u015fbirli\u011finin \u00f6nemine dikkat \u00e7ekti. G\u00f6r\u00fc\u015fmede, uluslararas\u0131 anla\u015fmalara sayg\u0131 ve egemenlik prensiplerinin alt\u0131 \u00e7izildi.<\/p>\n<h2>Diyalog K\u00f6pr\u00fcleri Kuruluyor<\/h2>\n<p>H\u00fck\u00fcmet kaynaklar\u0131, bu telefon g\u00f6r\u00fc\u015fmesinin, farkl\u0131 co\u011frafyalardaki \u00f6nemli akt\u00f6rler aras\u0131nda diyalog k\u00f6pr\u00fcleri kurma \u00e7abalar\u0131n\u0131n bir par\u00e7as\u0131 oldu\u011funu ifade etti. Japonya&#8217;n\u0131n tarafs\u0131z ve yap\u0131c\u0131 diplomasi anlay\u0131\u015f\u0131yla, b\u00f6lgedeki gerilimlerin azalt\u0131lmas\u0131na ve ortak \u00e7\u00f6z\u00fcmlerin bulunmas\u0131na katk\u0131 sa\u011flamay\u0131 hedefledi\u011fi belirtildi. \u0130ran Cumhurba\u015fkan\u0131&#8217;n\u0131n da uluslararas\u0131 arenada adil ve \u00e7ok kutuplu bir d\u00fcnya d\u00fczeni \u00e7a\u011fr\u0131s\u0131na uygun olarak, bu t\u00fcr diplomatik temaslara b\u00fcy\u00fck \u00f6nem verdi\u011fi aktar\u0131ld\u0131.<\/p>\n<p>Bu g\u00f6r\u00fc\u015fmenin, gelecekteki \u00fcst d\u00fczey temaslar i\u00e7in zemin haz\u0131rlad\u0131\u011f\u0131 ve iki \u00fclke aras\u0131ndaki ili\u015fkilerin daha da ileri ta\u015f\u0131nmas\u0131na katk\u0131 sa\u011flayaca\u011f\u0131 d\u00fc\u015f\u00fcn\u00fcl\u00fcyor.<\/p>\n<p>#Japonya\u0130ranG\u00f6r\u00fc\u015fmesi #Takaichi #\u0130ranCumhurba\u015fkan\u0131 #Diplomasi #B\u00f6lgesel\u0130stikrar #\u0130kili\u0130li\u015fkiler #Ortado\u011fu #Uluslararas\u0131\u0130li\u015fkiler #Ekonomik\u0130\u015fbirli\u011fi #Bar\u0131\u015fDiyalo\u011fu<\/p>\n","protected":false},"excerpt":{"rendered":"<p>Tahran\/Tokyo \u2013 H\u00fck\u00fcmet kaynaklar\u0131ndan edinilen bilgilere g\u00f6re, Japonya Ba\u015fbakan\u0131 Takaichi, \u0130ran \u0130slam Cumhuriyeti Cumhurba\u015fkan\u0131 ile \u00f6nemli bir telefon g\u00f6r\u00fc\u015fmesi ger\u00e7ekle\u015ftirdi. Bu g\u00f6r\u00fc\u015fme, iki \u00fclke aras\u0131ndaki diplomatik ili\u015fkilerin g\u00fc\u00e7lendirilmesi ve b\u00f6lgesel meselelerin ele al\u0131nmas\u0131 a\u00e7\u0131s\u0131ndan b\u00fcy\u00fck \u00f6nem ta\u015f\u0131yor. \u0130kili \u0130li\u015fkiler ve B\u00f6lgesel \u0130stikrar Masada G\u00f6r\u00fc\u015fmede, Japonya ve \u0130ran aras\u0131ndaki ikili ili\u015fkilerin \u00e7e\u015fitli boyutlar\u0131 ele al\u0131nd\u0131. Ba\u015fbakan [&hellip;]<\/p>\n","protected":false},"author":2,"featured_media":13928,"comment_status":"open","ping_status":"open","sticky":false,"template":"","format":"standard","meta":{"footnotes":""},"categories":[31],"tags":[],"class_list":["post-13927","post","type-post","status-publish","format-standard","has-post-thumbnail","hentry","category-iran-haberleri"],"_links":{"self":[{"href":"https:\/\/fajr.news\/index.php?rest_route=\/wp\/v2\/posts\/13927","targetHints":{"allow":["GET"]}}],"collection":[{"href":"https:\/\/fajr.news\/index.php?rest_route=\/wp\/v2\/posts"}],"about":[{"href":"https:\/\/fajr.news\/index.php?rest_route=\/wp\/v2\/types\/post"}],"author":[{"embeddable":true,"href":"https:\/\/fajr.news\/index.php?rest_route=\/wp\/v2\/users\/2"}],"replies":[{"embeddable":true,"href":"https:\/\/fajr.news\/index.php?rest_route=%2Fwp%2Fv2%2Fcomments&post=13927"}],"version-history":[{"count":0,"href":"https:\/\/fajr.news\/index.php?rest_route=\/wp\/v2\/posts\/13927\/revisions"}],"wp:featuredmedia":[{"embeddable":true,"href":"https:\/\/fajr.news\/index.php?rest_route=\/wp\/v2\/media\/13928"}],"wp:attachment":[{"href":"https:\/\/fajr.news\/index.php?rest_route=%2Fwp%2Fv2%2Fmedia&parent=13927"}],"wp:term":[{"taxonomy":"category","embeddable":true,"href":"https:\/\/fajr.news\/index.php?rest_route=%2Fwp%2Fv2%2Fcategories&post=13927"},{"taxonomy":"post_tag","embeddable":true,"href":"https:\/\/fajr.news\/index.php?rest_route=%2Fwp%2Fv2%2Ftags&post=13927"}],"curies":[{"name":"wp","href":"https:\/\/api.w.org\/{rel}","templated":true}]}}