{"id":13911,"date":"2026-05-01T02:48:53","date_gmt":"2026-04-30T23:18:53","guid":{"rendered":"https:\/\/fajr.news\/?p=13911"},"modified":"2026-05-01T02:48:53","modified_gmt":"2026-04-30T23:18:53","slug":"orta-dogu-catismasi-avustralyanin-uluslararasi-ucuslarinin-dortte-birini-iptal-etti","status":"publish","type":"post","link":"https:\/\/fajr.news\/?p=13911&lang=tr","title":{"rendered":"Orta Do\u011fu \u00c7at\u0131\u015fmas\u0131 Avustralya&#8217;n\u0131n Uluslararas\u0131 U\u00e7u\u015flar\u0131n\u0131n D\u00f6rtte Birini \u0130ptal Etti"},"content":{"rendered":"<p>2PAXfly seyahat sitesinden yap\u0131lan yeni bir analiz, havayollar\u0131n\u0131n K\u00f6rfez hava sahas\u0131 kapan\u0131\u015flar\u0131 ve geni\u015fleyen \u0130ran \u00e7at\u0131\u015fmas\u0131n\u0131n tetikledi\u011fi jet yak\u0131t\u0131 fiyatlar\u0131ndaki art\u0131\u015fla m\u00fccadele etmesi nedeniyle Nisan ay\u0131nda Avustralya havalimanlar\u0131ndan yap\u0131lan uluslararas\u0131 u\u00e7u\u015flar\u0131n yakla\u015f\u0131k %25&#8217;inin iptal edildi\u011fini ortaya koydu. Avrupal\u0131 Avustralyal\u0131lar i\u00e7in \u00f6nemli ba\u011flant\u0131 sa\u011flay\u0131c\u0131lar\u0131 olan Emirates, Qatar Airways ve Etihad kapasitelerini %60&#8217;a kadar azalt\u0131rken, G\u00fcneydo\u011fu Asya havayollar\u0131 Ekim ay\u0131na kadar seferlerini k\u0131s\u0131yor. Bu dalgalanma etkileri kurumsal b\u00fct\u00e7eleri derinden etkiliyor.<\/p>\n<p>Bu u\u00e7u\u015f aksakl\u0131klar\u0131n\u0131n yan\u0131 s\u0131ra s\u00fcrekli de\u011fi\u015fen vize gereksinimleriyle de bo\u011fu\u015fan \u015firketler i\u00e7in VisaHQ y\u00fck\u00fc hafifletebilir. Avustralya portal\u0131 (https:\/\/www.visahq.com\/australia\/) arac\u0131l\u0131\u011f\u0131yla bu hizmet, seyahat edenlerin ve mobilite y\u00f6neticilerinin giri\u015f kurallar\u0131n\u0131 an\u0131nda kontrol etmelerine, e-vize almalar\u0131na ve d\u00fcnya genelindeki ba\u015fvuru durumunu izlemelerine olanak tan\u0131yarak, rotalar son dakikada de\u011fi\u015fse bile ekiplerin uyumlu ve zaman\u0131nda kalmas\u0131na yard\u0131mc\u0131 oluyor.<\/p>\n<p>Fiyat takip ara\u00e7lar\u0131, Sydney-Londra business class biletlerinin ay baz\u0131nda %18 artt\u0131\u011f\u0131n\u0131 ve bir zamanlar tek bir Orta Do\u011fu aktarmas\u0131 gerektiren rotalar\u0131n art\u0131k Asya veya Kuzey Amerika \u00fczerinden dolanarak zaman ve maliyet ekledi\u011fini g\u00f6steriyor. Qatar Airways taraf\u0131ndan i\u015fletilen Virgin Australia&#8217;n\u0131n Doha seferleri en az Eyl\u00fcl ay\u0131na kadar ask\u0131ya al\u0131nd\u0131 ve Perth enerji \u015firketleri i\u00e7in pop\u00fcler bir ba\u011flant\u0131 ortadan kalkt\u0131. Qantas ve Jetstar uzun mesafeli kesintileri minimumda tutarken, baz\u0131 Tasman \u00f6tesi seferlerini sessizce azaltarak u\u00e7aklar\u0131 karl\u0131 Avrupa rotalar\u0131na y\u00f6nlendiriyor. Bu nedenle seyahat al\u0131c\u0131lar\u0131, a\u011f genelinde daha k\u0131s\u0131tl\u0131 envanter beklemeli ve Singapur veya Seul gibi alternatif merkezleri de\u011ferlendirmelidir.<\/p>\n<p>Uzun vadeli belirsizlik devam ediyor. \u00c7at\u0131\u015fma devam ederse, havayollar\u0131 Avustralya seferlerini kal\u0131c\u0131 olarak yeniden d\u00fczenleyebilir, \u015firketleri kurumsal anla\u015fmalar\u0131 yeniden m\u00fczakere etmeye ve mobilite zaman \u00e7izelgelerini ayarlamaya zorlayabilir. Bu arada, mobilite y\u00f6neticileri g\u00f6revlilerine \u00f6nceden rezervasyon yapmalar\u0131n\u0131, ekstra ba\u011flant\u0131 s\u00fcresi ay\u0131rmalar\u0131n\u0131 ve daha uzun rotalarla ili\u015fkili daha y\u00fcksek g\u00fcnl\u00fck harc\u0131rah maliyetleri i\u00e7in b\u00fct\u00e7e ay\u0131rmalar\u0131n\u0131 tavsiye etmelidir. Bu olay, jeopolitik \u015foklar\u0131n \u00f6zenle haz\u0131rlanm\u0131\u015f seyahat programlar\u0131n\u0131 bir gecede alt \u00fcst edebilece\u011finin, k\u00fcresel olarak mobil personel i\u00e7in esnek biletleme politikalar\u0131n\u0131n ve \u00e7evik tedarik zinciri planlamas\u0131n\u0131n de\u011ferini vurgulayan \u00e7arp\u0131c\u0131 bir hat\u0131rlat\u0131c\u0131d\u0131r.<\/p>\n<p>#OrtaDo\u011fu\u00c7at\u0131\u015fmas\u0131 #AvustralyaU\u00e7u\u015flar\u0131 #U\u00e7u\u015f\u0130ptalleri #JetYak\u0131t\u0131Fiyatlar\u0131 #SeyahatAksakl\u0131klar\u0131 #KurumsalSeyahat #VizeY\u00f6netimi #HavaYoluKapasitesi #K\u00fcreselMobilite #JeopolitikEtkiler<\/p>\n","protected":false},"excerpt":{"rendered":"<p>2PAXfly seyahat sitesinden yap\u0131lan yeni bir analiz, havayollar\u0131n\u0131n K\u00f6rfez hava sahas\u0131 kapan\u0131\u015flar\u0131 ve geni\u015fleyen \u0130ran \u00e7at\u0131\u015fmas\u0131n\u0131n tetikledi\u011fi jet yak\u0131t\u0131 fiyatlar\u0131ndaki art\u0131\u015fla m\u00fccadele etmesi nedeniyle Nisan ay\u0131nda Avustralya havalimanlar\u0131ndan yap\u0131lan uluslararas\u0131 u\u00e7u\u015flar\u0131n yakla\u015f\u0131k %25&#8217;inin iptal edildi\u011fini ortaya koydu. Avrupal\u0131 Avustralyal\u0131lar i\u00e7in \u00f6nemli ba\u011flant\u0131 sa\u011flay\u0131c\u0131lar\u0131 olan Emirates, Qatar Airways ve Etihad kapasitelerini %60&#8217;a kadar azalt\u0131rken, G\u00fcneydo\u011fu Asya [&hellip;]<\/p>\n","protected":false},"author":2,"featured_media":13912,"comment_status":"open","ping_status":"open","sticky":false,"template":"","format":"standard","meta":{"footnotes":""},"categories":[37],"tags":[],"class_list":["post-13911","post","type-post","status-publish","format-standard","has-post-thumbnail","hentry","category-orta-dogu-haberleri"],"_links":{"self":[{"href":"https:\/\/fajr.news\/index.php?rest_route=\/wp\/v2\/posts\/13911","targetHints":{"allow":["GET"]}}],"collection":[{"href":"https:\/\/fajr.news\/index.php?rest_route=\/wp\/v2\/posts"}],"about":[{"href":"https:\/\/fajr.news\/index.php?rest_route=\/wp\/v2\/types\/post"}],"author":[{"embeddable":true,"href":"https:\/\/fajr.news\/index.php?rest_route=\/wp\/v2\/users\/2"}],"replies":[{"embeddable":true,"href":"https:\/\/fajr.news\/index.php?rest_route=%2Fwp%2Fv2%2Fcomments&post=13911"}],"version-history":[{"count":0,"href":"https:\/\/fajr.news\/index.php?rest_route=\/wp\/v2\/posts\/13911\/revisions"}],"wp:featuredmedia":[{"embeddable":true,"href":"https:\/\/fajr.news\/index.php?rest_route=\/wp\/v2\/media\/13912"}],"wp:attachment":[{"href":"https:\/\/fajr.news\/index.php?rest_route=%2Fwp%2Fv2%2Fmedia&parent=13911"}],"wp:term":[{"taxonomy":"category","embeddable":true,"href":"https:\/\/fajr.news\/index.php?rest_route=%2Fwp%2Fv2%2Fcategories&post=13911"},{"taxonomy":"post_tag","embeddable":true,"href":"https:\/\/fajr.news\/index.php?rest_route=%2Fwp%2Fv2%2Ftags&post=13911"}],"curies":[{"name":"wp","href":"https:\/\/api.w.org\/{rel}","templated":true}]}}