{"id":13903,"date":"2026-05-01T02:38:47","date_gmt":"2026-04-30T23:08:47","guid":{"rendered":"https:\/\/fajr.news\/?p=13903"},"modified":"2026-05-01T02:38:47","modified_gmt":"2026-04-30T23:08:47","slug":"iran-hava-savunmasi-tahran-semalarinda-dusman-ihalarina-karsi-teyakkuzda","status":"publish","type":"post","link":"https:\/\/fajr.news\/?p=13903&lang=tr","title":{"rendered":"\u0130ran Hava Savunmas\u0131 Tahran Semalar\u0131nda D\u00fc\u015fman \u0130HA&#8217;lar\u0131na Kar\u015f\u0131 Teyakkuzda"},"content":{"rendered":"<h1>\u0130ran Hava Savunmas\u0131 Ba\u015fkent Tahran&#8217;da Dronlara Kar\u015f\u0131 Etkin M\u00fcdahale<\/h1>\n<p><strong>Tahran<\/strong> \u2013 \u0130ran&#8217;\u0131n g\u00fc\u00e7l\u00fc hava savunma sistemleri, Per\u015fembe g\u00fcn\u00fc ba\u015fkent Tahran&#8217;\u0131n semalar\u0131nda tespit edilen k\u00fc\u00e7\u00fck insans\u0131z hava ara\u00e7lar\u0131 (\u0130HA) ve ke\u015fif dronlar\u0131na kar\u015f\u0131 ba\u015far\u0131l\u0131 bir m\u00fcdahalede bulundu. Tasnim haber ajans\u0131n\u0131n bildirdi\u011fine g\u00f6re, \u00fclkenin ulusal g\u00fcvenli\u011fini tehdit etmeye y\u00f6nelik olas\u0131 giri\u015fimlere kar\u015f\u0131 hava savunma birimleri an\u0131nda harekete ge\u00e7ti.<\/p>\n<p>Per\u015fembe sabah\u0131 Tahran&#8217;\u0131n baz\u0131 b\u00f6lgelerinde duyulan hava savunma sesleri, halk aras\u0131nda k\u0131sa s\u00fcreli bir merak uyand\u0131r\u0131rken, yetkililer taraf\u0131ndan yap\u0131lan a\u00e7\u0131klamalarla durumun kontrol alt\u0131nda oldu\u011fu ve herhangi bir tehdidin bertaraf edildi\u011fi belirtildi. Hava savunma sistemlerinin, tan\u0131mlanamayan k\u00fc\u00e7\u00fck dronlara ve g\u00f6zetleme ama\u00e7l\u0131 olabilecek insans\u0131z hava ara\u00e7lar\u0131na kar\u015f\u0131 angajmana girdi\u011fi kaydedildi.<\/p>\n<p>Ajans\u0131n aktard\u0131\u011f\u0131 bilgilere g\u00f6re, ba\u015fkentin bat\u0131, orta ve g\u00fcneydo\u011fu kesimlerinde hava savunma sirenlerinin hala duyuldu\u011fu, bu durumun g\u00fcvenlik g\u00fc\u00e7lerinin teyakkuz halinin devam etti\u011fini g\u00f6sterdi\u011fi ifade edildi. \u0130ran \u0130slam Cumhuriyeti&#8217;nin hava sahas\u0131 g\u00fcvenli\u011fi konusunda g\u00f6sterdi\u011fi kararl\u0131l\u0131k ve savunma kabiliyeti, bu olayla bir kez daha g\u00f6zler \u00f6n\u00fcne serildi. \u00dclke, s\u0131n\u0131rlar\u0131n\u0131 ve hava sahas\u0131n\u0131 her t\u00fcrl\u00fc tehdide kar\u015f\u0131 korumaya devam edecektir.<\/p>\n<p>#\u0130ran #Tahran #HavaSavunmas\u0131 #\u0130HA #Dron #Tasnim #UlusalG\u00fcvenlik #Savunma #AskeriGeli\u015fme #Teyakkuz<\/p>\n","protected":false},"excerpt":{"rendered":"<p>\u0130ran Hava Savunmas\u0131 Ba\u015fkent Tahran&#8217;da Dronlara Kar\u015f\u0131 Etkin M\u00fcdahale Tahran \u2013 \u0130ran&#8217;\u0131n g\u00fc\u00e7l\u00fc hava savunma sistemleri, Per\u015fembe g\u00fcn\u00fc ba\u015fkent Tahran&#8217;\u0131n semalar\u0131nda tespit edilen k\u00fc\u00e7\u00fck insans\u0131z hava ara\u00e7lar\u0131 (\u0130HA) ve ke\u015fif dronlar\u0131na kar\u015f\u0131 ba\u015far\u0131l\u0131 bir m\u00fcdahalede bulundu. Tasnim haber ajans\u0131n\u0131n bildirdi\u011fine g\u00f6re, \u00fclkenin ulusal g\u00fcvenli\u011fini tehdit etmeye y\u00f6nelik olas\u0131 giri\u015fimlere kar\u015f\u0131 hava savunma birimleri an\u0131nda harekete [&hellip;]<\/p>\n","protected":false},"author":2,"featured_media":13904,"comment_status":"open","ping_status":"open","sticky":false,"template":"","format":"standard","meta":{"footnotes":""},"categories":[37],"tags":[],"class_list":["post-13903","post","type-post","status-publish","format-standard","has-post-thumbnail","hentry","category-orta-dogu-haberleri"],"_links":{"self":[{"href":"https:\/\/fajr.news\/index.php?rest_route=\/wp\/v2\/posts\/13903","targetHints":{"allow":["GET"]}}],"collection":[{"href":"https:\/\/fajr.news\/index.php?rest_route=\/wp\/v2\/posts"}],"about":[{"href":"https:\/\/fajr.news\/index.php?rest_route=\/wp\/v2\/types\/post"}],"author":[{"embeddable":true,"href":"https:\/\/fajr.news\/index.php?rest_route=\/wp\/v2\/users\/2"}],"replies":[{"embeddable":true,"href":"https:\/\/fajr.news\/index.php?rest_route=%2Fwp%2Fv2%2Fcomments&post=13903"}],"version-history":[{"count":0,"href":"https:\/\/fajr.news\/index.php?rest_route=\/wp\/v2\/posts\/13903\/revisions"}],"wp:featuredmedia":[{"embeddable":true,"href":"https:\/\/fajr.news\/index.php?rest_route=\/wp\/v2\/media\/13904"}],"wp:attachment":[{"href":"https:\/\/fajr.news\/index.php?rest_route=%2Fwp%2Fv2%2Fmedia&parent=13903"}],"wp:term":[{"taxonomy":"category","embeddable":true,"href":"https:\/\/fajr.news\/index.php?rest_route=%2Fwp%2Fv2%2Fcategories&post=13903"},{"taxonomy":"post_tag","embeddable":true,"href":"https:\/\/fajr.news\/index.php?rest_route=%2Fwp%2Fv2%2Ftags&post=13903"}],"curies":[{"name":"wp","href":"https:\/\/api.w.org\/{rel}","templated":true}]}}